{"id":103895,"date":"2025-05-16T07:36:13","date_gmt":"2025-05-16T07:36:13","guid":{"rendered":"https:\/\/www.europesays.com\/fr\/103895\/"},"modified":"2025-05-16T07:36:13","modified_gmt":"2025-05-16T07:36:13","slug":"quand-la-superstar-pique-nique-dans-un-parc-avant-son-concert","status":"publish","type":"post","link":"https:\/\/www.europesays.com\/fr\/103895\/","title":{"rendered":"quand la superstar pique-nique dans un parc avant son concert"},"content":{"rendered":"<p itemprop=\"description\"><strong>C\u2019est incontestablement l\u2019\u00e9v\u00e8nement musical de la semaine \u00e0 Lyon.<\/strong><\/p>\n<p>Plus de 13 000 spectateurs \u00e9taient pr\u00e9sents ce jeudi soir pour applaudir la chanteuse <strong>Dua Lipa<\/strong> sur la sc\u00e8ne de la LDLC Arena de D\u00e9cines. Le premier concert fran\u00e7ais de sa tourn\u00e9e mondiale baptis\u00e9e Radical Optimism o\u00f9 elle a interpr\u00e9t\u00e9 les titres de son dernier album mais pas seulement. Houdini, Training Season, Dance The Night, Physical ou encore Levitating \u00e9taient notamment au rendez-vous avec des tableaux plus impressionnants les uns que les autres.\u00a0<\/p>\n<p>Dua Lipa a \u00e9galement tenu sa promesse \u00e0 Lyon comme dans les autres villes de sa tourn\u00e9e de chanter un titre du pays. Pour cette premi\u00e8re soir\u00e9e en France, il s\u2019agissait de Derni\u00e8re danse d\u2019<strong>Indila<\/strong>. De quoi surprendre et ravir les fans qui n\u2019ont pas manqu\u00e9 de partager ce moment sur les r\u00e9seaux sociaux.\u00a0<\/p>\n<p>Quelques heures avant ce premier show, la chanteuse britanno-albanaise avait d\u00e9j\u00e0 fait monter la pression en partageant dans sa story une photo d\u2019elle cach\u00e9e par une fraise en train de pique-niquer dans un parc. Lequel ? Aucun indice mais bien \u00e0 Lyon puisque la chanteuse a montr\u00e9 \u00e0 ses followers un couteau-suisse o\u00f9 \u00e9tait inscrit la phrase suivante :\u00a0\u00bbJ\u2019aime Lyon France\u00a0\u00bb.<\/p>\n<p style=\"text-align:center\"><img loading=\"lazy\" decoding=\"async\" alt=\"\" height=\"511\" src=\"https:\/\/www.europesays.com\/fr\/wp-content\/uploads\/2025\/05\/dua-lipa-lyon1.png\" width=\"300\"\/><\/p>\n<p>Dua Lipa sera de retour ce vendredi soir sur la sc\u00e8ne de la LDLC Arena avec toujours en premi\u00e8re partie la chanteuse britannique Alessi Rose. Reste \u00e0 savoir si d\u2019autres surprises seront au rendez-vous. La pop star est ensuite attendue \u00e0 Paris La D\u00e9fense Arena de Nanterre les 23 et 24 mai, deux concerts \u00e9galement complets.<\/p>\n<p style=\"text-align:center\"><img loading=\"lazy\" decoding=\"async\" alt=\"\" height=\"501\" src=\"https:\/\/www.europesays.com\/fr\/wp-content\/uploads\/2025\/05\/dua-lipa-lyon.png\" width=\"300\"\/><\/p>\n","protected":false},"excerpt":{"rendered":"C\u2019est incontestablement l\u2019\u00e9v\u00e8nement musical de la semaine \u00e0 Lyon. Plus de 13 000 spectateurs \u00e9taient pr\u00e9sents ce jeudi&hellip;\n","protected":false},"author":2,"featured_media":103896,"comment_status":"","ping_status":"","sticky":false,"template":"","format":"standard","meta":{"footnotes":""},"categories":[1355],"tags":[1111,11,2813,2190,1109,251,1112,58,2811,59,118,1294,4651,1011,27,1922,1110,1114,2428,4903,4902,1361,873,241,316,2812,517,800],"class_list":{"0":"post-103895","1":"post","2":"type-post","3":"status-publish","4":"format-standard","5":"has-post-thumbnail","7":"category-musique","8":"tag-actu","9":"tag-actualites","10":"tag-article","11":"tag-asvel","12":"tag-breves","13":"tag-culture","14":"tag-depeches","15":"tag-divertissement","16":"tag-economique","17":"tag-entertainment","18":"tag-faits-divers","19":"tag-femme","20":"tag-femmes","21":"tag-fr","22":"tag-france","23":"tag-info","24":"tag-informations","25":"tag-infos","26":"tag-lyon","27":"tag-lyonfemme","28":"tag-lyonfemmes","29":"tag-music","30":"tag-musique","31":"tag-ol","32":"tag-politique","33":"tag-sociale","34":"tag-sport","35":"tag-transports"},"share_on_mastodon":{"url":"https:\/\/pubeurope.com\/@fr\/114516366880813986","error":""},"_links":{"self":[{"href":"https:\/\/www.europesays.com\/fr\/wp-json\/wp\/v2\/posts\/103895","targetHints":{"allow":["GET"]}}],"collection":[{"href":"https:\/\/www.europesays.com\/fr\/wp-json\/wp\/v2\/posts"}],"about":[{"href":"https:\/\/www.europesays.com\/fr\/wp-json\/wp\/v2\/types\/post"}],"author":[{"embeddable":true,"href":"https:\/\/www.europesays.com\/fr\/wp-json\/wp\/v2\/users\/2"}],"replies":[{"embeddable":true,"href":"https:\/\/www.europesays.com\/fr\/wp-json\/wp\/v2\/comments?post=103895"}],"version-history":[{"count":0,"href":"https:\/\/www.europesays.com\/fr\/wp-json\/wp\/v2\/posts\/103895\/revisions"}],"wp:featuredmedia":[{"embeddable":true,"href":"https:\/\/www.europesays.com\/fr\/wp-json\/wp\/v2\/media\/103896"}],"wp:attachment":[{"href":"https:\/\/www.europesays.com\/fr\/wp-json\/wp\/v2\/media?parent=103895"}],"wp:term":[{"taxonomy":"category","embeddable":true,"href":"https:\/\/www.europesays.com\/fr\/wp-json\/wp\/v2\/categories?post=103895"},{"taxonomy":"post_tag","embeddable":true,"href":"https:\/\/www.europesays.com\/fr\/wp-json\/wp\/v2\/tags?post=103895"}],"curies":[{"name":"wp","href":"https:\/\/api.w.org\/{rel}","templated":true}]}}