{"id":103899,"date":"2025-05-16T07:38:16","date_gmt":"2025-05-16T07:38:16","guid":{"rendered":"https:\/\/www.europesays.com\/fr\/103899\/"},"modified":"2025-05-16T07:38:16","modified_gmt":"2025-05-16T07:38:16","slug":"etre-bien-soigne-lorsquon-est-migraineux-un-vrai-casse-tete","status":"publish","type":"post","link":"https:\/\/www.europesays.com\/fr\/103899\/","title":{"rendered":"\u00catre bien soign\u00e9 lorsqu\u2019on est migraineux, un vrai casse-t\u00eate"},"content":{"rendered":"<p>Un diagnostic attendu des ann\u00e9es, des mois avant de voir un neurologue, des traitements aux nombreux effets ind\u00e9sirables&#8230; Une r\u00e9cente enqu\u00eate r\u00e9alis\u00e9e \u00e0 l\u2019initiative de patients dresse le constat d\u2019un parcours de soins long et chaotique.<\/p>\n<p class=\"fig-paragraph\">Dix millions de Fran\u00e7ais sont touch\u00e9s par la\u00a0<a href=\"https:\/\/sante.lefigaro.fr\/sante\/maladie\/migraines\/quels-types-migraines\" target=\"_blank\" data-fig-type=\"Keyword\" rel=\"noopener\" data-gtm-custom-categorie=\"navigation\" data-gtm-custom-action=\"crossclick\" data-gtm-custom-label=\"Contextuel\" data-gtm-event=\"customEventSPE\" data-fig-domain=\"SANTE\">migraine<\/a>, dont plus d\u2019un sur dix (1,4 million) vit avec une forme chronique de cette maladie neurologique. Mais ils attendent en moyenne sept ans et demi avant que ne soit\u00a0<a href=\"http:\/\/sante.lefigaro.fr\/medecine\/les-maux-de-tete-beaucoup-moins-banals-qu-il-n-y-parait-20230403\" data-fig-type=\"Article\" data-gtm-custom-categorie=\"navigation\" data-gtm-custom-action=\"crossclick\" data-gtm-custom-label=\"Contextuel\" data-gtm-event=\"customEventSPE\" data-fig-domain=\"SANTE\" target=\"_blank\" rel=\"noopener\">pos\u00e9 le diagnostic<\/a>\u00a0et ont consult\u00e9, pour l\u2019obtenir, pr\u00e8s de trois professionnels de sant\u00e9. Un diagnostic qui n\u2019est qu\u2019une \u00e9tape dans le parcours de soin\u00a0: restent \u00e0 faire face aux cons\u00e9quences parfois handicapantes de la maladie, et \u00e0 trouver un traitement efficace et avec le moins d\u2019effets secondaires possible&#8230;<\/p>\n<p class=\"fig-paragraph\">Voil\u00e0 quelques-uns des enseignements d\u2019une r\u00e9cente enqu\u00eate\u00a0<a href=\"https:\/\/thejournalofheadacheandpain.biomedcentral.com\/articles\/10.1186\/s10194-025-02018-y\" target=\"_blank\" rel=\"nofollow noopener\" data-gtm-custom-categorie=\"navigation\" data-gtm-custom-action=\"crossclick\" data-gtm-custom-label=\"Contextuel\" data-gtm-event=\"customEventSPE\">publi\u00e9e dans The Journal of headache and pain<\/a> . Celle-ci a \u00e9t\u00e9 lanc\u00e9e par une association de patients, La Voix des migraineux. Sur la\u00a0<a href=\"https:\/\/moipatient.fr\/\" target=\"_blank\" rel=\"nofollow noopener\" data-gtm-custom-categorie=\"navigation\" data-gtm-custom-action=\"crossclick\" data-gtm-custom-label=\"Contextuel\" data-gtm-event=\"customEventSPE\">plateforme participative moipatient<\/a>, elle a d\u00e9pos\u00e9 un questionnaire r\u00e9dig\u00e9 avec des patients\u00a0: 86 questions balayant tous les volets de la prise en charge et des cons\u00e9quences de la maladie sur la vie sociale, familiale et professionnelle des personnes souffrant de migraine\u2026<\/p>\n<p class=\"fig-premium-paywall__infos\">\n        Cet article est r\u00e9serv\u00e9 aux abonn\u00e9s.        Il vous reste 78% \u00e0 d\u00e9couvrir.\n    <\/p>\n<p>                <img  data- alt=\"Le Figaro\" class=\"fig-img--complete fig-img\"\/><\/p>\n<p class=\"fig-premium-paywall__title\">Vente Flash<\/p>\n<p class=\"fig-premium-paywall__subtitle\">4,99\u20ac par mois pendant 12 mois. Sans engagement.<\/p>\n<p class=\"fig-premium-paywall__connect\">\n                D\u00e9j\u00e0 abonn\u00e9\u00a0?                <a class=\"fig-premium-paywall__connect-link\" href=\"https:\/\/connect.lefigaro.fr\/login?client=sante_web&amp;type=main&amp;redirect_uri=https%3A%2F%2Fsante.lefigaro.fr%2Fmedecine%2Fetre-bien-soigne-lorsqu-on-est-migraineux-un-vrai-casse-tete-20250516\" data-js-gtm=\"{&quot;customCategorie&quot;: &quot;conversion&quot;, &quot;customAction&quot;: &quot;before_Landing_Connexion_paywall_auto&quot;, &quot;customLabel&quot;: &quot;c2FudGUubGVmaWdhcm8uZnJfXzFmMDMxODViLWMxMGItNjU4NC1iNTUxLWMxZDE4ZTg0MWY2NV9fQXJ0aWNsZQ==_\u00catre bien soign\u00e9 lorsqu\u2019on est migraineux, un vrai casse-t\u00eate_463&quot;, &quot;customIDSPE&quot;: &quot;c2FudGUubGVmaWdhcm8uZnJfXzFmMDMxODViLWMxMGItNjU4NC1iNTUxLWMxZDE4ZTg0MWY2NV9fQXJ0aWNsZQ==&quot;, &quot;event&quot;: &quot;customEventSPE&quot;}\" target=\"_blank\" rel=\"noopener\"><br \/>\n                    Connectez-vous<br \/>\n                <\/a>\n            <\/p>\n","protected":false},"excerpt":{"rendered":"Un diagnostic attendu des ann\u00e9es, des mois avant de voir un neurologue, des traitements aux nombreux effets ind\u00e9sirables&#8230;&hellip;\n","protected":false},"author":2,"featured_media":103900,"comment_status":"","ping_status":"","sticky":false,"template":"","format":"standard","meta":{"footnotes":""},"categories":[10],"tags":[237,101,232,231,234,228,1011,27,72,239,230,238,226,224,225,233,229,236,235,71,227],"class_list":{"0":"post-103899","1":"post","2":"type-post","3":"status-publish","4":"format-standard","5":"has-post-thumbnail","7":"category-sante","8":"tag-actualite-sur-les-maladies","9":"tag-cancer","10":"tag-cardiologie","11":"tag-cerveau","12":"tag-diabete","13":"tag-diagnostic","14":"tag-fr","15":"tag-france","16":"tag-health","17":"tag-info-sur-les-maladies","18":"tag-infographie","19":"tag-information-sur-les-maladies","20":"tag-maladie","21":"tag-medecine","22":"tag-medicament","23":"tag-obesite","24":"tag-pathologie","25":"tag-pediatrie","26":"tag-psychiatrie","27":"tag-sante","28":"tag-traitement"},"share_on_mastodon":{"url":"https:\/\/pubeurope.com\/@fr\/114516374507349960","error":""},"_links":{"self":[{"href":"https:\/\/www.europesays.com\/fr\/wp-json\/wp\/v2\/posts\/103899","targetHints":{"allow":["GET"]}}],"collection":[{"href":"https:\/\/www.europesays.com\/fr\/wp-json\/wp\/v2\/posts"}],"about":[{"href":"https:\/\/www.europesays.com\/fr\/wp-json\/wp\/v2\/types\/post"}],"author":[{"embeddable":true,"href":"https:\/\/www.europesays.com\/fr\/wp-json\/wp\/v2\/users\/2"}],"replies":[{"embeddable":true,"href":"https:\/\/www.europesays.com\/fr\/wp-json\/wp\/v2\/comments?post=103899"}],"version-history":[{"count":0,"href":"https:\/\/www.europesays.com\/fr\/wp-json\/wp\/v2\/posts\/103899\/revisions"}],"wp:featuredmedia":[{"embeddable":true,"href":"https:\/\/www.europesays.com\/fr\/wp-json\/wp\/v2\/media\/103900"}],"wp:attachment":[{"href":"https:\/\/www.europesays.com\/fr\/wp-json\/wp\/v2\/media?parent=103899"}],"wp:term":[{"taxonomy":"category","embeddable":true,"href":"https:\/\/www.europesays.com\/fr\/wp-json\/wp\/v2\/categories?post=103899"},{"taxonomy":"post_tag","embeddable":true,"href":"https:\/\/www.europesays.com\/fr\/wp-json\/wp\/v2\/tags?post=103899"}],"curies":[{"name":"wp","href":"https:\/\/api.w.org\/{rel}","templated":true}]}}