{"id":10390,"date":"2025-04-08T14:14:09","date_gmt":"2025-04-08T14:14:09","guid":{"rendered":"https:\/\/www.europesays.com\/fr\/10390\/"},"modified":"2025-04-08T14:14:09","modified_gmt":"2025-04-08T14:14:09","slug":"gigantesque-incendie-dun-centre-de-tri-a-paris-les-fumees-sont-elles-toxiques","status":"publish","type":"post","link":"https:\/\/www.europesays.com\/fr\/10390\/","title":{"rendered":"Gigantesque incendie d&rsquo;un centre de tri \u00e0 Paris : les fum\u00e9es sont-elles toxiques\u00a0?"},"content":{"rendered":"<p>            Par<br \/>\n        <strong><br \/>\n            <a href=\"https:\/\/actu.fr\/auteur\/antoine-blanchet\" title=\"Consulter tous les articles de Antoine Blanchet\" rel=\"nofollow noopener\" target=\"_blank\">Antoine Blanchet<\/a><br \/>\n        <\/strong><\/p>\n<p>        Publi\u00e9 le<\/p>\n<p>            8 avr. 2025 \u00e0 11h42        <\/p>\n<p>Un brasier impressionnant et des interrogations. Lundi 7\u00a0avril 2025, un incendie d\u2019envergure <a href=\"https:\/\/actu.fr\/ile-de-france\/paris_75056\/en-images-paris-l-impressionnant-incendie-qui-a-ravage-un-centre-de-tri-des-dechets_62479897.html\" rel=\"nofollow noopener\" target=\"_blank\">a ravag\u00e9 un centre de tri<\/a> situ\u00e9 dans le 17\u1d49 arrondissement de <a href=\"https:\/\/actu.fr\/paris\/\" rel=\"nofollow noopener\" target=\"_blank\">Paris<\/a>. Un<strong> \u00e9norme panache de fum\u00e9e noire<\/strong> \u00e9tait visible \u00e0 des kilom\u00e8tres \u00e0 la ronde durant plusieurs heures.\u00a0Si le feu, qui n\u2019a fait aucun bless\u00e9, a pu \u00eatre circonscrit par les pompiers, les fum\u00e9es du sinistre peuvent-elles avoir un impact sur notre sant\u00e9\u2009?<\/p>\n<p class=\" wall-content\">Ce mardi matin, l\u2019incendie n\u2019est toujours pas \u00e9teint. Plusieurs dizaines de pompiers sont encore sur place. Pr\u00e8s du centre de tri, <strong>une odeur \u00e2cre est toujours bien pr\u00e9sente<\/strong>. \u00ab\u2009\u00c7a prend vraiment \u00e0 la gorge, et \u00e7a gratte pendant un moment\u2009\u00bb, nous relate un t\u00e9moin pr\u00e9sent sur les lieux.<\/p>\n<p>\u00ab\u2009Pas de probl\u00e8mes de toxicit\u00e9\u2009\u00bb<\/p>\n<p class=\" wall-content\">Pour l\u2019heure, les autorit\u00e9s se veulent rassurantes. Interrog\u00e9 sur France 2, le ministre de l\u2019Int\u00e9rieur <a href=\"https:\/\/actu.fr\/tag\/bruno-retailleau\" rel=\"nofollow noopener\" target=\"_blank\">Bruno Retailleau<\/a> a indiqu\u00e9 \u00ab\u2009qu\u2019il n\u2019y avait pas de probl\u00e8mes de toxicit\u00e9 dans l\u2019air\u2009\u00bb. De m\u00eame, la ministre de la Transition \u00e9cologique<strong> Agn\u00e8s Pannier-Runnacher<\/strong> a rajout\u00e9 que les analyses n\u2019avaient rien montr\u00e9 d\u2019alarmant.<\/p>\n<p class=\" wall-content\">\u00ab\u2009Les nouvelles sont assez rassurantes, mais on a quand m\u00eame d\u00e9fini un p\u00e9rim\u00e8tre de s\u00e9curit\u00e9 par pr\u00e9caution\u2009\u00bb, a affirm\u00e9 hier soir le <strong>Pr\u00e9fet de Police<\/strong> <a href=\"https:\/\/actu.fr\/tag\/laurent-nunez\" rel=\"nofollow noopener\" target=\"_blank\">Laurent Nu\u00f1ez<\/a> lors d\u2019un point presse. Durant la soir\u00e9e, les riverains habitant entre l\u2019avenue de Clichy, le boulevard p\u00e9riph\u00e9rique, la rue de Saussure et la rue Cardinet \u00e9taient invit\u00e9s \u00e0 rester \u00e0 leur domicile. Ces mesures de confinement devaient \u00eatre lev\u00e9es dans la matin\u00e9e, a pr\u00e9cis\u00e9 \u00e0 nos confr\u00e8res de <a href=\"https:\/\/www.bfmtv.com\/paris\/incendie-a-paris-les-fumees-degagees-par-les-flammes-du-centre-de-tri-sont-elles-toxiques_AV-202504070904.html\" rel=\"nofollow noopener\" target=\"_blank\">BFMTV<\/a> le maire LR du 17e arrondissement <strong>Geoffroy Boulard<\/strong>.<\/p>\n<p>Pas d\u2019impact sur la qualit\u00e9 de l\u2019air<\/p>\n<p class=\" wall-content\">Du c\u00f4t\u00e9 d\u2019Airparif, charg\u00e9 de surveiller la qualit\u00e9 de l\u2019air dans la capitale, les mesures effectu\u00e9es durant l\u2019incendie ne se sont pas r\u00e9v\u00e9l\u00e9es alarmantes. \u00ab\u2009Nous avons pu nous appuyer sur notre r\u00e9seau de mesures, notamment sur la zone vers o\u00f9 soufflait le vent. En termes de particules fines, nous n\u2019avons pas not\u00e9 d\u2019augmentations en lien direct avec l\u2019incendie\u2009\u00bb, d\u00e9taille <strong>Pierre Penot<\/strong>, charg\u00e9 de communication d\u2019Airparif.<\/p>\n<p>Vid\u00e9os : en ce moment sur Actu<\/p>\n<p class=\" wall-content\">Toutefois, l\u2019organisme demeure prudent, surtout sur le quartier dans lequel \u00e9tait situ\u00e9 le centre de tri\u2009: \u00ab\u2009Nous n\u2019avons pas de station de mesure permanente dans cette zone. Nous n\u2019excluons pas des niveaux de particules fines importants. Nous recommandons aux riverains de suivre les recommandations de la <a href=\"https:\/\/actu.fr\/tag\/prefecture-de-police-de-paris\" rel=\"nofollow noopener\" target=\"_blank\">Pr\u00e9fecture de Police<\/a>\u2009\u00bb.<\/p>\n<p class=\" wall-content\">Pour Airparif, les conditions m\u00e9t\u00e9orologiques ont permis une bonne dispersion de la fum\u00e9e\u2009: \u00ab\u2009Le panache est mont\u00e9 jusqu\u2019\u00e0 300\u00a0m\u00e8tres de haut, ce qui l\u2019a rendu visible. Il s\u2019est ensuite dispers\u00e9 \u00e0 l\u2019horizontale\u2009\u00bb.<\/p>\n<p class=\" wall-content\">Suivez toute l\u2019actualit\u00e9 de vos villes et m\u00e9dias favoris en vous inscrivant \u00e0 <a href=\"https:\/\/moncompte.actu.fr\" title=\"D\u00e9couvez Mon Actu\" rel=\"nofollow noopener\" data-trk=\"{&quot;cta&quot;:{&quot;action&quot;:&quot;https:\\\/\\\/moncompte.actu.fr&quot;,&quot;category&quot;:&quot;mon compte&quot;,&quot;from&quot;:&quot;article footer&quot;,&quot;name&quot;:&quot;Mon actu&quot;,&quot;type&quot;:&quot;cta&quot;}}\" target=\"_blank\">Mon Actu<\/a>.<\/p>\n","protected":false},"excerpt":{"rendered":"Par Antoine Blanchet Publi\u00e9 le 8 avr. 2025 \u00e0 11h42 Un brasier impressionnant et des interrogations. Lundi 7\u00a0avril&hellip;\n","protected":false},"author":2,"featured_media":10391,"comment_status":"","ping_status":"","sticky":false,"template":"","format":"standard","meta":{"footnotes":""},"categories":[1888],"tags":[1111,1928,11,1927,1777,674,118,1011,27,1310,12,1926,626,1925,25],"class_list":{"0":"post-10390","1":"post","2":"type-post","3":"status-publish","4":"format-standard","5":"has-post-thumbnail","7":"category-paris","8":"tag-actu","9":"tag-actu-paris","10":"tag-actualites","11":"tag-actualites-paris","12":"tag-eu","13":"tag-europe","14":"tag-faits-divers","15":"tag-fr","16":"tag-france","17":"tag-incendie","18":"tag-news","19":"tag-news-paris","20":"tag-paris","21":"tag-paris-news","22":"tag-republique-francaise"},"share_on_mastodon":{"url":"https:\/\/pubeurope.com\/@fr\/114302763953928864","error":""},"_links":{"self":[{"href":"https:\/\/www.europesays.com\/fr\/wp-json\/wp\/v2\/posts\/10390","targetHints":{"allow":["GET"]}}],"collection":[{"href":"https:\/\/www.europesays.com\/fr\/wp-json\/wp\/v2\/posts"}],"about":[{"href":"https:\/\/www.europesays.com\/fr\/wp-json\/wp\/v2\/types\/post"}],"author":[{"embeddable":true,"href":"https:\/\/www.europesays.com\/fr\/wp-json\/wp\/v2\/users\/2"}],"replies":[{"embeddable":true,"href":"https:\/\/www.europesays.com\/fr\/wp-json\/wp\/v2\/comments?post=10390"}],"version-history":[{"count":0,"href":"https:\/\/www.europesays.com\/fr\/wp-json\/wp\/v2\/posts\/10390\/revisions"}],"wp:featuredmedia":[{"embeddable":true,"href":"https:\/\/www.europesays.com\/fr\/wp-json\/wp\/v2\/media\/10391"}],"wp:attachment":[{"href":"https:\/\/www.europesays.com\/fr\/wp-json\/wp\/v2\/media?parent=10390"}],"wp:term":[{"taxonomy":"category","embeddable":true,"href":"https:\/\/www.europesays.com\/fr\/wp-json\/wp\/v2\/categories?post=10390"},{"taxonomy":"post_tag","embeddable":true,"href":"https:\/\/www.europesays.com\/fr\/wp-json\/wp\/v2\/tags?post=10390"}],"curies":[{"name":"wp","href":"https:\/\/api.w.org\/{rel}","templated":true}]}}