{"id":103909,"date":"2025-05-16T07:44:08","date_gmt":"2025-05-16T07:44:08","guid":{"rendered":"https:\/\/www.europesays.com\/fr\/103909\/"},"modified":"2025-05-16T07:44:08","modified_gmt":"2025-05-16T07:44:08","slug":"la-france-depose-plainte-contre-liran-devant-la-cij","status":"publish","type":"post","link":"https:\/\/www.europesays.com\/fr\/103909\/","title":{"rendered":"la France d\u00e9pose plainte contre l\u2019Iran devant la CIJ"},"content":{"rendered":"<p>C\u00e9cile Kohler et Jacques Paris ont \u00e9t\u00e9 arr\u00eat\u00e9s en mai 2022 pour \u00abespionnage\u00bb, et sont emprisonn\u00e9s depuis dans des conditions extr\u00eamement dures, \u00e0 l\u2019isolement, dans la prison d\u2019Evine de T\u00e9h\u00e9ran.<\/p>\n<p class=\"fig-paragraph\">La France d\u00e9pose plainte ce vendredi contre l\u2019Iran devant la Cour internationale de justice (CIJ) pour \u00abviolation de son obligation de donner droit \u00e0 la protection consulaire\u00bb concernant\u00a0<a href=\"http:\/\/www.lefigaro.fr\/vox\/monde\/nous-demandons-la-liberation-immediate-et-le-rapatriement-de-jacques-paris-et-cecile-kohler-otages-en-iran-20240508\" target=\"_blank\" data-fig-type=\"Article\" rel=\"noopener\" data-gtm-custom-categorie=\"navigation\" data-gtm-custom-action=\"crossclick\" data-gtm-custom-label=\"Contextuel\" data-gtm-event=\"customEventSPE\" data-fig-domain=\"LEFIGARO\">ses deux ressortissants fran\u00e7ais encore d\u00e9tenus dans ce pays<\/a>, a annonc\u00e9 le chef de la diplomatie Jean-No\u00ebl Barrot. C\u00e9cile Kohler et Jacques Paris \u00absont retenus otages depuis trois ans en Iran, d\u00e9tenus dans des conditions indignes qui sont assimilables \u00e0 de la torture et qui sont priv\u00e9s de ce qu\u2019on appelle les visites consulaires\u00bb, a d\u00e9nonc\u00e9\u00a0<a href=\"http:\/\/www.lefigaro.fr\/international\/jean-noel-barrot-condamne-de-maniere-tres-ferme-le-plan-israelien-prevoyant-la-conquete-de-gaza-20250506\" target=\"_blank\" data-fig-type=\"NewsFlash\" rel=\"noopener\" data-gtm-custom-categorie=\"navigation\" data-gtm-custom-action=\"crossclick\" data-gtm-custom-label=\"Contextuel\" data-gtm-event=\"customEventSPE\" data-fig-domain=\"LEFIGARO\">Jean-No\u00ebl Barrot<\/a>\u00a0sur la cha\u00eene de t\u00e9l\u00e9vision France 2.<\/p>\n<p class=\"fig-paragraph\">Le ministre des Affaires \u00e9trang\u00e8res fran\u00e7ais avait\u00a0<a href=\"http:\/\/www.lefigaro.fr\/otages-d-etat-la-france-va-porter-plainte-contre-l-iran-devant-la-cour-internationale-de-justice-20250402\" target=\"_blank\" data-fig-type=\"NewsFlash\" rel=\"noopener\" data-gtm-custom-categorie=\"navigation\" data-gtm-custom-action=\"crossclick\" data-gtm-custom-label=\"Contextuel\" data-gtm-event=\"customEventSPE\" data-fig-domain=\"LEFIGARO\">d\u00e9j\u00e0 indiqu\u00e9 d\u00e9but avril que Paris s\u2019appr\u00eatait \u00e0 saisir la CIJ<\/a>\u00a0faute d\u2019avanc\u00e9e. Cette annonce avait \u00e9t\u00e9 salu\u00e9e comme un \u00abtournant majeur\u00bb par la s\u0153ur de C\u00e9cile Kohler.<\/p>\n<p class=\"fig-body-link\">\n            \u00c0 lire aussi<br \/>\n        <a class=\"fig-body-link__link fig-premium-mark\" href=\"http:\/\/www.lefigaro.fr\/international\/dans-les-geoles-de-teheran-le-calvaire-des-francais-cecile-kohler-et-jacques-paris-otages-en-iran-depuis-trois-ans-20250507\" target=\"_blank\" data-fig-type=\"Article\" rel=\"noopener\" data-gtm-custom-categorie=\"navigation\" data-gtm-custom-action=\"crossclick\" data-gtm-custom-label=\"Contextuel\" data-gtm-event=\"customEventSPE\" data-fig-domain=\"LEFIGARO\">Dans les ge\u00f4les de T\u00e9h\u00e9ran, le calvaire des Fran\u00e7ais C\u00e9cile Kohler et Jacques Paris, otages en Iran depuis trois ans<br \/>\n    <\/a>\n<\/p>\n<p>Le pays accus\u00e9 d\u2019une \u00abdiplomatie des otages\u00bb<\/p>\n<p class=\"fig-paragraph\">La plainte devant la CIJ intervient alors que des n\u00e9gociateurs iraniens rencontrent vendredi en Turquie retrouvent leurs homologues du Royaume-Uni, de France et d\u2019Allemagne\u00a0<a href=\"http:\/\/www.lefigaro.fr\/international\/nucleaire-des-pourparlers-a-istanbul-ce-vendredi-entre-l-iran-et-trois-pays-europeens-20250516\" target=\"_blank\" data-fig-type=\"NewsFlash\" rel=\"noopener\" data-gtm-custom-categorie=\"navigation\" data-gtm-custom-action=\"crossclick\" data-gtm-custom-label=\"Contextuel\" data-gtm-event=\"customEventSPE\" data-fig-domain=\"LEFIGARO\">pour des pourparlers sur le nucl\u00e9aire iranien<\/a>. C\u00e9cile Kohler, enseignante, et son compagnon, Jacques Paris, que Paris qualifie d\u2019\u00abotages d\u2019\u00c9tat\u00bb, ont \u00e9t\u00e9 arr\u00eat\u00e9s en mai 2022 pour \u00abespionnage\u00bb et sont emprisonn\u00e9s depuis dans des conditions extr\u00eamement dures, \u00e0 l\u2019isolement, dans la prison d\u2019Evine de T\u00e9h\u00e9ran.<\/p>\n<p class=\"fig-paragraph\">Ils sont officiellement les deux derniers Fran\u00e7ais d\u00e9tenus en Iran. Olivier Grondeau, qui \u00e9tait d\u00e9tenu depuis octobre 2022,\u00a0<a href=\"http:\/\/www.lefigaro.fr\/le-francais-olivier-grondeau-detenu-en-iran-depuis-2022-a-ete-libere-annonce-emmanuel-macron-20250320\" target=\"_blank\" data-fig-type=\"NewsFlash\" rel=\"noopener\" data-gtm-custom-categorie=\"navigation\" data-gtm-custom-action=\"crossclick\" data-gtm-custom-label=\"Contextuel\" data-gtm-event=\"customEventSPE\" data-fig-domain=\"LEFIGARO\">a \u00e9t\u00e9 lib\u00e9r\u00e9 en mars<\/a>. Une vingtaine d\u2019Occidentaux sont d\u00e9tenus en Iran, le pays \u00e9tant accus\u00e9 par les chancelleries europ\u00e9ennes et des ONG de pratiquer une \u00abdiplomatie des otages\u00bb.<\/p>\n","protected":false},"excerpt":{"rendered":"C\u00e9cile Kohler et Jacques Paris ont \u00e9t\u00e9 arr\u00eat\u00e9s en mai 2022 pour \u00abespionnage\u00bb, et sont emprisonn\u00e9s depuis dans&hellip;\n","protected":false},"author":2,"featured_media":103910,"comment_status":"","ping_status":"","sticky":false,"template":"","format":"standard","meta":{"footnotes":""},"categories":[4],"tags":[259,11,260,11760,1011,27,14,3019,261,12,19141,262,25],"class_list":{"0":"post-103909","1":"post","2":"type-post","3":"status-publish","4":"format-standard","5":"has-post-thumbnail","7":"category-france","8":"tag-actualite-internationale","9":"tag-actualites","10":"tag-affaires-etrangeres","11":"tag-cij","12":"tag-fr","13":"tag-france","14":"tag-international","15":"tag-iran","16":"tag-ministere-des-affaires-etrangeres","17":"tag-news","18":"tag-otages","19":"tag-politique-etrangere","20":"tag-republique-francaise"},"share_on_mastodon":{"url":"https:\/\/pubeurope.com\/@fr\/114516398172321067","error":""},"_links":{"self":[{"href":"https:\/\/www.europesays.com\/fr\/wp-json\/wp\/v2\/posts\/103909","targetHints":{"allow":["GET"]}}],"collection":[{"href":"https:\/\/www.europesays.com\/fr\/wp-json\/wp\/v2\/posts"}],"about":[{"href":"https:\/\/www.europesays.com\/fr\/wp-json\/wp\/v2\/types\/post"}],"author":[{"embeddable":true,"href":"https:\/\/www.europesays.com\/fr\/wp-json\/wp\/v2\/users\/2"}],"replies":[{"embeddable":true,"href":"https:\/\/www.europesays.com\/fr\/wp-json\/wp\/v2\/comments?post=103909"}],"version-history":[{"count":0,"href":"https:\/\/www.europesays.com\/fr\/wp-json\/wp\/v2\/posts\/103909\/revisions"}],"wp:featuredmedia":[{"embeddable":true,"href":"https:\/\/www.europesays.com\/fr\/wp-json\/wp\/v2\/media\/103910"}],"wp:attachment":[{"href":"https:\/\/www.europesays.com\/fr\/wp-json\/wp\/v2\/media?parent=103909"}],"wp:term":[{"taxonomy":"category","embeddable":true,"href":"https:\/\/www.europesays.com\/fr\/wp-json\/wp\/v2\/categories?post=103909"},{"taxonomy":"post_tag","embeddable":true,"href":"https:\/\/www.europesays.com\/fr\/wp-json\/wp\/v2\/tags?post=103909"}],"curies":[{"name":"wp","href":"https:\/\/api.w.org\/{rel}","templated":true}]}}