{"id":103914,"date":"2025-05-16T07:47:08","date_gmt":"2025-05-16T07:47:08","guid":{"rendered":"https:\/\/www.europesays.com\/fr\/103914\/"},"modified":"2025-05-16T07:47:08","modified_gmt":"2025-05-16T07:47:08","slug":"a-saint-brieuc-la-cathedrale-de-saint-etienne-liberee-de-ses-echafaudages","status":"publish","type":"post","link":"https:\/\/www.europesays.com\/fr\/103914\/","title":{"rendered":"\u00c0 Saint-Brieuc, la cath\u00e9drale de Saint-\u00c9tienne lib\u00e9r\u00e9e de ses \u00e9chafaudages"},"content":{"rendered":"<p>Apr\u00e8s plusieurs ann\u00e9es de chantier, la cath\u00e9drale Saint-\u00c9tienne de Saint-Brieuc a enfin retrouv\u00e9 son cachet naturel en se d\u00e9barrassant 70 tonnes d\u2019\u00e9chafaudages qui masquaient partiellement sa silhouette. Une b\u00e9n\u00e9diction pour les Briochins et les commer\u00e7ants de la place du Martray, qui appr\u00e9ciaient autant ce changement que le retour du soleil ce jeudi 15 mai.<\/p>\n<p><a href=\"https:\/\/www.letelegramme.fr\/cotes-d-armor\/saint-brieuc-22000\/apres-linterieur-un-lifting-exterieur-pour-la-cathedrale-de-saint-brieuc-3890787.php\" target=\"_blank\" rel=\"nofollow noopener\">Depuis la fin 2021<\/a>, l\u2019ext\u00e9rieur de la cath\u00e9drale faisait l\u2019objet d\u2019importantes r\u00e9novations. D\u2019abord les fa\u00e7ades Ouest et Sud, puis, plus r\u00e9cemment en 2024, celle du Nord. Ces travaux faisaient suite <a href=\"https:\/\/www.letelegramme.fr\/cotes-d-armor\/saint-brieuc-22000\/span-classamorcecathedrale-de-saint-brieucspan-la-fin-du-chantier-du-siecle-3442140.php\" target=\"_blank\" rel=\"nofollow noopener\">au chantier du si\u00e8cle<\/a>, qui avait vu l\u2019int\u00e9rieur de la cath\u00e9drale restaur\u00e9 en profondeur, avec notamment le remplacement des joints en ciment.<\/p>\n<p>Place d\u00e9sormais \u00e0 la suite, avec notamment restauration de la sacristie. Le nettoyage du grand orgue est \u00e9galement pr\u00e9vu \u00e0 terme.<\/p>\n","protected":false},"excerpt":{"rendered":"Apr\u00e8s plusieurs ann\u00e9es de chantier, la cath\u00e9drale Saint-\u00c9tienne de Saint-Brieuc a enfin retrouv\u00e9 son cachet naturel en se&hellip;\n","protected":false},"author":2,"featured_media":103915,"comment_status":"","ping_status":"","sticky":false,"template":"","format":"standard","meta":{"footnotes":""},"categories":[9653],"tags":[1111,11,2430,1777,674,1011,27,12,25,4937,4001],"class_list":{"0":"post-103914","1":"post","2":"type-post","3":"status-publish","4":"format-standard","5":"has-post-thumbnail","7":"category-saint-etienne","8":"tag-actu","9":"tag-actualites","10":"tag-auvergne-rhone-alpes","11":"tag-eu","12":"tag-europe","13":"tag-fr","14":"tag-france","15":"tag-news","16":"tag-republique-francaise","17":"tag-saint-brieuc","18":"tag-saint-etienne"},"share_on_mastodon":{"url":"https:\/\/pubeurope.com\/@fr\/114516409971661314","error":""},"_links":{"self":[{"href":"https:\/\/www.europesays.com\/fr\/wp-json\/wp\/v2\/posts\/103914","targetHints":{"allow":["GET"]}}],"collection":[{"href":"https:\/\/www.europesays.com\/fr\/wp-json\/wp\/v2\/posts"}],"about":[{"href":"https:\/\/www.europesays.com\/fr\/wp-json\/wp\/v2\/types\/post"}],"author":[{"embeddable":true,"href":"https:\/\/www.europesays.com\/fr\/wp-json\/wp\/v2\/users\/2"}],"replies":[{"embeddable":true,"href":"https:\/\/www.europesays.com\/fr\/wp-json\/wp\/v2\/comments?post=103914"}],"version-history":[{"count":0,"href":"https:\/\/www.europesays.com\/fr\/wp-json\/wp\/v2\/posts\/103914\/revisions"}],"wp:featuredmedia":[{"embeddable":true,"href":"https:\/\/www.europesays.com\/fr\/wp-json\/wp\/v2\/media\/103915"}],"wp:attachment":[{"href":"https:\/\/www.europesays.com\/fr\/wp-json\/wp\/v2\/media?parent=103914"}],"wp:term":[{"taxonomy":"category","embeddable":true,"href":"https:\/\/www.europesays.com\/fr\/wp-json\/wp\/v2\/categories?post=103914"},{"taxonomy":"post_tag","embeddable":true,"href":"https:\/\/www.europesays.com\/fr\/wp-json\/wp\/v2\/tags?post=103914"}],"curies":[{"name":"wp","href":"https:\/\/api.w.org\/{rel}","templated":true}]}}