{"id":103919,"date":"2025-05-16T07:50:10","date_gmt":"2025-05-16T07:50:10","guid":{"rendered":"https:\/\/www.europesays.com\/fr\/103919\/"},"modified":"2025-05-16T07:50:10","modified_gmt":"2025-05-16T07:50:10","slug":"cinq-choses-a-savoir-sur-le-tennis-club-du-littoral-a-toulon-qui-fete-ses-70-ans","status":"publish","type":"post","link":"https:\/\/www.europesays.com\/fr\/103919\/","title":{"rendered":"Cinq choses \u00e0 savoir sur le Tennis club du littoral \u00e0 Toulon qui f\u00eate ses 70 ans"},"content":{"rendered":"<p>Pr\u00e8s de 200 personnes sont attendues ce vendredi soir au 145, avenue du 21e R\u00e9giment d\u2019infanterie coloniale, \u00e0 l\u2019entr\u00e9e du quartier du Mourillon.<\/p>\n<p>Pour ses 70 ans (1), le Tennis club du littoral (TCL), pr\u00e9sid\u00e9 par Marc Seymat, veut marquer le coup par un grand cocktail d\u00eenatoire offert \u00e0 ses adh\u00e9rents et \u00e0 ses partenaires. Voici ce qu\u2019il faut savoir sur cette institution du sport \u00e0 Toulon.<\/p>\n<p>1 &#8211; Le club a une configuration atypique<\/p>\n<p>\u00ab\u00a0Le TCL, c\u2019est celui qui est tout en long, en bord de rivi\u00e8re, avec des terres?\u00a0\u00bb Bingo. Nombreux sont les Varois amateurs de revers crois\u00e9s \u00e0 conna\u00eetre le Tennis club du littoral. Il faut dire qu\u2019un passage sur les rives de l\u2019Eygoutier ne laisse g\u00e9n\u00e9ralement pas indiff\u00e9rent.<\/p>\n<p>La configuration atypique du complexe d\u00e9di\u00e9 \u00e0 la balle jaune, en pleine ville, avec ses six courts \u00e0 la file, dont trois en terre battue, attise forc\u00e9ment la curiosit\u00e9. La sympathie aussi, avec un restaurant convivial h\u00e9berg\u00e9 au club house et un esprit familial savamment cultiv\u00e9 par ses adh\u00e9rents et ses huit salari\u00e9s.<\/p>\n<p>2 &#8211; Le club a \u00e9t\u00e9 fond\u00e9 par un h\u00e9ros de la guerre<\/p>\n<p>Charles Profizi est d\u00e9c\u00e9d\u00e9 en 2015 \u00e0 Toulon, \u00e0 l\u2019\u00e2ge de 100 ans. C\u2019est lui qui avait fond\u00e9 le TCL en 1954. Ce m\u00e9decin, bien connu au Mourillon, s\u2019\u00e9tait aussi illustr\u00e9 avec h\u00e9ro\u00efsme lors de la Seconde Guerre mondiale.<\/p>\n<p>Engag\u00e9 dans la R\u00e9sistance apr\u00e8s la capitulation de la France, \u00e0 l\u2019origine de deux maquis dans le Vercors, il sera d\u00e9cor\u00e9 de la Croix de Guerre 39-45 et celle de la Reconnaissance nationale. Il \u00e9tait \u00e9galement chevalier de la L\u00e9gion d\u2019honneur. Aujourd\u2019hui, le court de mini-tennis porte son nom.<\/p>\n<p>3 &#8211; Le club a r\u00e9ussi \u00e0 faire \u00e9clore un top 100 mondial<\/p>\n<p>En 2019, Antoine Hoang avait atteint le troisi\u00e8me tour de Roland-Garros, o\u00f9 il s\u2019\u00e9tait inclin\u00e9 contre Ga\u00ebl Monfils. La m\u00eame ann\u00e9e, le natif d\u2019Hy\u00e8res grimpera jusqu\u2019\u00e0 la 98e place du classement mondial.<\/p>\n<p>              <img ci-src=\"https:\/\/www.varmatin.com\/vie-locale\/protec\/DATA_ART_15522329-9X5Bvvdr.jpg?vh=1f308a&amp;ci_seal=4ca261b751\" alt=\"\"\/><br \/>\n        Marc Seymat, pr\u00e9sident du TCL.  <strong>Photo ma. d..<\/strong> <\/p>\n<p>Entra\u00een\u00e9 par un des coachs du TCL (Olivier Boudeau) quand il \u00e9tait plus jeune, Antoine Hoang, 29 ans, est aujourd\u2019hui retomb\u00e9 dans un relatif anonymat. Mais l\u2019actuel 65e joueur fran\u00e7ais n\u2019a pas oubli\u00e9 son club de c\u0153ur. C\u2019est lui qui, cet hiver, menait l\u2019\u00e9quipe 1 des Toulonnais en deuxi\u00e8me division nationale, lors des championnats de France interclubs.<\/p>\n<p>4 &#8211; Plusieurs stars de la balle jaune ont gliss\u00e9 sur sa terre<\/p>\n<p>Il y a trois ans, Gilles Simon (ex-N\u00b06 mondial en simple) et Nicolas Mahut (ex-N\u00b01 mondial en double), ont montr\u00e9 l\u2019\u00e9tendue de leur talent au public toulonnais sous le maillot du Tennis club Paris. Une tribune en acc\u00e8s libre avait m\u00eame \u00e9t\u00e9 install\u00e9e \u00e0 l\u2019occasion de cette rencontre de gala, programm\u00e9e dans le cadre des interclubs.<\/p>\n<p>Certains se souviennent peut-\u00eatre aussi que, dans les ann\u00e9es 80, c\u2019est le prestigieux \u00ab\u00a0circuit Marlboro\u00a0\u00bb (si, si) qui avait fait \u00e9tape au pied du Faron. Les t\u00eates d\u2019affiche de l\u2019\u00e9poque? L\u2019Iranien Mansour Bahrami ou le champion fran\u00e7ais Thierry Tulasne.<\/p>\n<p>5 &#8211; Un succ\u00e8s populaire qui ne se d\u00e9ment pas<\/p>\n<p>Aujourd\u2019hui, le club compte 569 licenci\u00e9s, dont 382 jeunes, ce qui en fait l\u2019une des plus grosses \u00e9coles de tennis de Toulon. La moyenne d\u2019\u00e2ge est de 23 ans. Mais le doyen des joueurs, Francis Lauret, a 94 printemps et vient jouer\u2026 presque tous les matins!<\/p>\n<p>\u00c0 quoi ressemblera le club de demain? \u00ab\u00a0On est limit\u00e9 au niveau place pour le faire \u00e9voluer\u00a0\u00bb, soupire le pr\u00e9sident Marc Seymat. \u00ab\u00a0On ne pourra jamais cr\u00e9er un nouveau court ou un padel. Mais si un jour la Ville d\u00e9cide d\u2019am\u00e9nager les berges le long de l\u2019Eygoutier, il sera possible d\u2019\u00e9largir nos terrains en dur et poser de nouveaux rev\u00eatements. Dans tous les cas, on esp\u00e8re r\u00e9ussir \u00e0 conserver les terres battues traditionnelles, malgr\u00e9 de possibles restrictions d\u2019eau dans le futur.\u00a0\u00bb<\/p>\n<p>1. Fond\u00e9 en 1954, le club aurait d\u00fb f\u00eater son anniversaire l\u2019an dernier mais le calendrier des tournois a amen\u00e9 le club \u00e0 reporter la comm\u00e9moration d\u2019un an.<\/p>\n","protected":false},"excerpt":{"rendered":"Pr\u00e8s de 200 personnes sont attendues ce vendredi soir au 145, avenue du 21e R\u00e9giment d\u2019infanterie coloniale, \u00e0&hellip;\n","protected":false},"author":2,"featured_media":103920,"comment_status":"","ping_status":"","sticky":false,"template":"","format":"standard","meta":{"footnotes":""},"categories":[9619],"tags":[1111,11,1777,674,1011,27,12,882,25,60,2310,3366],"class_list":{"0":"post-103919","1":"post","2":"type-post","3":"status-publish","4":"format-standard","5":"has-post-thumbnail","7":"category-toulon","8":"tag-actu","9":"tag-actualites","10":"tag-eu","11":"tag-europe","12":"tag-fr","13":"tag-france","14":"tag-news","15":"tag-provence-alpes-cote-dazur","16":"tag-republique-francaise","17":"tag-sports","18":"tag-toulon","19":"tag-vie-locale"},"share_on_mastodon":{"url":"https:\/\/pubeurope.com\/@fr\/114516421766057505","error":""},"_links":{"self":[{"href":"https:\/\/www.europesays.com\/fr\/wp-json\/wp\/v2\/posts\/103919","targetHints":{"allow":["GET"]}}],"collection":[{"href":"https:\/\/www.europesays.com\/fr\/wp-json\/wp\/v2\/posts"}],"about":[{"href":"https:\/\/www.europesays.com\/fr\/wp-json\/wp\/v2\/types\/post"}],"author":[{"embeddable":true,"href":"https:\/\/www.europesays.com\/fr\/wp-json\/wp\/v2\/users\/2"}],"replies":[{"embeddable":true,"href":"https:\/\/www.europesays.com\/fr\/wp-json\/wp\/v2\/comments?post=103919"}],"version-history":[{"count":0,"href":"https:\/\/www.europesays.com\/fr\/wp-json\/wp\/v2\/posts\/103919\/revisions"}],"wp:featuredmedia":[{"embeddable":true,"href":"https:\/\/www.europesays.com\/fr\/wp-json\/wp\/v2\/media\/103920"}],"wp:attachment":[{"href":"https:\/\/www.europesays.com\/fr\/wp-json\/wp\/v2\/media?parent=103919"}],"wp:term":[{"taxonomy":"category","embeddable":true,"href":"https:\/\/www.europesays.com\/fr\/wp-json\/wp\/v2\/categories?post=103919"},{"taxonomy":"post_tag","embeddable":true,"href":"https:\/\/www.europesays.com\/fr\/wp-json\/wp\/v2\/tags?post=103919"}],"curies":[{"name":"wp","href":"https:\/\/api.w.org\/{rel}","templated":true}]}}