{"id":103921,"date":"2025-05-16T07:51:09","date_gmt":"2025-05-16T07:51:09","guid":{"rendered":"https:\/\/www.europesays.com\/fr\/103921\/"},"modified":"2025-05-16T07:51:09","modified_gmt":"2025-05-16T07:51:09","slug":"un-festival-de-yoga-organise-pour-la-premiere-fois-a-toulon","status":"publish","type":"post","link":"https:\/\/www.europesays.com\/fr\/103921\/","title":{"rendered":"Un festival de yoga organis\u00e9 pour la premi\u00e8re fois \u00e0 Toulon"},"content":{"rendered":"<p>\u00ab\u00a0Dites oui au yoga!\u00a0\u00bb Voil\u00e0 le message de Camille Dionisi et Delphine Bonanno, fondatrices de l\u2019association Yes Yoga. C\u2019est pour le diffuser qu\u2019elles organisent le Yoga Day, premier festival toulonnais de yoga.<\/p>\n<p>Elles comptent bien d\u00e9montrer qu\u2019\u00a0\u00bbil n\u2019y a pas un yoga pour tous, mais un yoga pour chacun\u00a0\u00bb, lance Camille, citant l\u2019un de ses propres professeurs, tandis que Delphine souligne leur envie de \u00ab\u00a0casser les clich\u00e9s sur le yoga\u00a0\u00bb.<\/p>\n<p>Elles le feront le dimanche 8 juin au parc du Pr\u00e9-Sandin, mis \u00e0 disposition de 10h \u00e0 18h par la Ville. Dix professeurs d\u2019autant de pratiques diff\u00e9rentes \u2013 douces comme le yin ou le hatha et dynamiques comme le vinyasa ou l\u2019ashtanga \u2013 feront ainsi la preuve qu\u2019il y a du yoga pour tous les go\u00fbts.<\/p>\n<p>Et surtout pour tous les corps.<\/p>\n<p>\u00ab\u00a0Notre objectif, c\u2019est d\u2019en d\u00e9mocratiser la pratique en insistant sur le fait qu\u2019il n\u2019y a pas besoin d\u2019\u00eatre sp\u00e9cialement souple ou d\u2019avoir une forme physique particuli\u00e8re pour s\u2019y mettre.\u00a0\u00bb<\/p>\n<p>Pas de commerce, pas de promo<\/p>\n<p>Ce qui distingue le Yoga Day d\u2019autres festivals qui \u00e9mergent de-ci de-l\u00e0 dans le Var? S\u2019il faut s\u2019inscrire, tout y est gratuit et l\u2019ensemble des intervenants (professeurs de yoga, mais aussi animateurs d\u2019ateliers de tissage ou d\u2019art-th\u00e9rapie et conf\u00e9renciers sur le souffle ou les \u00e9motions) est b\u00e9n\u00e9vole.<\/p>\n<p>\u00ab\u00a0On n\u2019est pas dans quelque chose de commercial et l\u2019id\u00e9e n\u2019est pas de faire notre promo\u00a0\u00bb, assure Camille. \u00c0 part un cours de yoga sur chaise, les deux femmes n\u2019en donneront d\u2019ailleurs pas elles-m\u00eames.<\/p>\n<p>Pas question cependant de comparer leur proposition aux autres, de dire que la leur est meilleure \u2013 ou moins bonne! Ce serait l\u2019inverse de l\u2019esprit que les organisatrices veulent partager. \u00ab\u00a0L\u2019id\u00e9e, c\u2019est avant tout de tisser du lien, insiste Camille. Bien s\u00fbr, le yoga est quelque chose que l\u2019on fait pour soi, mais on peut le redonner: en remplissant sa carafe, on peut ensuite remplir le verre des autres!\u00a0\u00bb<\/p>\n<p>S\u2019inscrire en ligne pour s\u2019ouvrir<\/p>\n<p>Delphine rench\u00e9rit: \u00ab\u00a0Dans le monde actuel, chacun a tendance \u00e0 se replier sur lui-m\u00eame. Le yoga, au contraire, ouvre aux autres.\u00a0\u00bb C\u2019est ainsi que les deux femmes entendent \u00ab\u00a0cultiver la joie\u00a0\u00bb.<\/p>\n<p>Et elles esp\u00e8rent bien le faire, le 8 juin, avec au moins trois cents personnes, pourquoi pas m\u00eame cinq cents!<\/p>\n<p>\u00ab\u00a0C\u2019est une premi\u00e8re, mais on a d\u00e9j\u00e0 plus de deux cents places r\u00e9serv\u00e9es.\u00a0\u00bb Certains cours comme le yoga parent\/enfants ou l\u2019art-th\u00e9rapie semblent notamment \u00eatre pl\u00e9biscit\u00e9s.<\/p>\n<p>Si, vous aussi, vous souhaitez participer, rendez-vous sur le profil <a href=\"https:\/\/www.instagram.com\/yogaday.festival\/\" target=\"_blank\" rel=\"noopener\">Instagram du Yoga Day Festival<\/a>, qui vous conduira ensuite vers la plateforme<a href=\"https:\/\/www.helloasso.com\/associations\/yes-yoga-83\/evenements\/yoga-day?fbclid=PAZXh0bgNhZW0CMTEAAafg2o7jeL0SLRIsvCjBc8-Q5rAL8ophsHJopJ1t1ywI8KXIHeHde4SAY3PDVg_aem_9nydUno7wYGNvCIZ18C6NA\" target=\"_blank\" rel=\"noopener\"> Hello Asso<\/a> permettant de s\u2019inscrire. N\u2019h\u00e9sitez pas non plus \u00e0 passer le jour J, on ne sait jamais qu\u2019il reste des places!<\/p>\n<p>Dans tous les cas, n\u2019oubliez pas votre tapis et, si vous y passez la journ\u00e9e, votre pique-nique. C\u2019est aussi comme \u00e7a qu\u2019on \u00ab\u00a0cultive la joie\u00a0\u00bb.<\/p>\n<p><script async src=\"\/\/www.instagram.com\/embed.js\"><\/script><\/p>\n","protected":false},"excerpt":{"rendered":"\u00ab\u00a0Dites oui au yoga!\u00a0\u00bb Voil\u00e0 le message de Camille Dionisi et Delphine Bonanno, fondatrices de l\u2019association Yes Yoga.&hellip;\n","protected":false},"author":2,"featured_media":103922,"comment_status":"","ping_status":"","sticky":false,"template":"","format":"standard","meta":{"footnotes":""},"categories":[9619],"tags":[1111,11,4983,1777,674,1011,27,1393,12,882,25,60,2310],"class_list":{"0":"post-103921","1":"post","2":"type-post","3":"status-publish","4":"format-standard","5":"has-post-thumbnail","7":"category-toulon","8":"tag-actu","9":"tag-actualites","10":"tag-bien-etre","11":"tag-eu","12":"tag-europe","13":"tag-fr","14":"tag-france","15":"tag-loisirs","16":"tag-news","17":"tag-provence-alpes-cote-dazur","18":"tag-republique-francaise","19":"tag-sports","20":"tag-toulon"},"share_on_mastodon":{"url":"https:\/\/pubeurope.com\/@fr\/114516425694545713","error":""},"_links":{"self":[{"href":"https:\/\/www.europesays.com\/fr\/wp-json\/wp\/v2\/posts\/103921","targetHints":{"allow":["GET"]}}],"collection":[{"href":"https:\/\/www.europesays.com\/fr\/wp-json\/wp\/v2\/posts"}],"about":[{"href":"https:\/\/www.europesays.com\/fr\/wp-json\/wp\/v2\/types\/post"}],"author":[{"embeddable":true,"href":"https:\/\/www.europesays.com\/fr\/wp-json\/wp\/v2\/users\/2"}],"replies":[{"embeddable":true,"href":"https:\/\/www.europesays.com\/fr\/wp-json\/wp\/v2\/comments?post=103921"}],"version-history":[{"count":0,"href":"https:\/\/www.europesays.com\/fr\/wp-json\/wp\/v2\/posts\/103921\/revisions"}],"wp:featuredmedia":[{"embeddable":true,"href":"https:\/\/www.europesays.com\/fr\/wp-json\/wp\/v2\/media\/103922"}],"wp:attachment":[{"href":"https:\/\/www.europesays.com\/fr\/wp-json\/wp\/v2\/media?parent=103921"}],"wp:term":[{"taxonomy":"category","embeddable":true,"href":"https:\/\/www.europesays.com\/fr\/wp-json\/wp\/v2\/categories?post=103921"},{"taxonomy":"post_tag","embeddable":true,"href":"https:\/\/www.europesays.com\/fr\/wp-json\/wp\/v2\/tags?post=103921"}],"curies":[{"name":"wp","href":"https:\/\/api.w.org\/{rel}","templated":true}]}}