{"id":103923,"date":"2025-05-16T07:52:08","date_gmt":"2025-05-16T07:52:08","guid":{"rendered":"https:\/\/www.europesays.com\/fr\/103923\/"},"modified":"2025-05-16T07:52:08","modified_gmt":"2025-05-16T07:52:08","slug":"decouvert-pendu-un-gendarme-decroche-par-des-collegues-il-est-dans-un-etat-grave","status":"publish","type":"post","link":"https:\/\/www.europesays.com\/fr\/103923\/","title":{"rendered":"d\u00e9couvert pendu, un gendarme d\u00e9croch\u00e9 par des coll\u00e8gues, il est dans un \u00e9tat grave"},"content":{"rendered":"<p>            Par<br \/>\n        <strong><br \/>\n            <a href=\"https:\/\/actu.fr\/auteur\/jm-aubert\" title=\"Consulter tous les articles de Jean-Marc Aubert\" rel=\"nofollow noopener\" target=\"_blank\">Jean-Marc Aubert<\/a><br \/>\n        <\/strong><\/p>\n<p>        Publi\u00e9 le<\/p>\n<p>            16 mai 2025 \u00e0 9h36        <\/p>\n<p>Tristesse et incompr\u00e9hension au <strong>groupement de gendarmerie de l\u2019H\u00e9rault,<\/strong> o\u00f9 la hi\u00e9rarchie et le personnel sont en \u00e9tat de choc : un gendarme a \u00e9t\u00e9 d\u00e9couvert pendu dans la caserne d\u00e9partementale de Fontcouverte.<\/p>\n<p class=\" wall-content\">Il \u00e9tait 7h30 environ ce vendredi 16 mai 2025, quand un gendarme a retrouv\u00e9 un de ses coll\u00e8gues pendu dans un coin de la caserne, avenue de Fontcouverte, dans le quartier Estanove. Il respirait encore.<\/p>\n<p>    <a href=\"https:\/\/www.google.com\/maps\/embed?pb=!1m18!1m12!1m3!1d3273.1790306559255!2d3.8542569059680076!3d43.601438017509516!2m3!1f0!2f0!3f0!3m2!1i1024!2i768!4f13.1!3m3!1m2!1s0x12b6af9b4c72163f%3A0xe8ea32c0ce471652!2sGroupement%20de%20gendarmerie%20d%C3%A9partementale%20(ferm%C3%A9%20au%20public)!5e0!3m2!1sfr!2sfr!4v1747380884610!5m2!1sfr!2sfr\" title=\"Ouvrie le lien\" rel=\"nofollow noopener\" target=\"_blank\">Cliquez ici pour visualiser le contenu<\/a><\/p>\n<p class=\" wall-content\">Les gendarmes pr\u00e9sents sont imm\u00e9diatement intervenus et ont r\u00e9ussi \u00e0 d\u00e9crocher le militaire, \u00e2g\u00e9 de 45 ans. Les sapeurs-pompiers du <strong>Sdis 34<\/strong> et une \u00e9quipe m\u00e9dicale ont \u00e9t\u00e9 sur site rapidement pour prendre en charge le quadrag\u00e9naire, transport\u00e9 en urgence absolue au CHU, o\u00f9 son \u00e9tat est jug\u00e9 grave.\u00a0<\/p>\n<p class=\" wall-content\">Il n\u2019\u00e9tait pas en arr\u00eat cardio-respiratoire, ce qui semble indique que son geste remontait \u00e0 quelques minutes, avant qu\u2019il ne soit d\u00e9couvert. La police nationale \u00e9tait \u00e9galement sur les lieux de cette tentative de suicide. Avec cette question : pourquoi ce gendarme a t-il voulu mettre fin \u00e0 ses jours dans l\u2019enceinte de cette caserne d\u00e9partementale ? Une enqu\u00eate supervis\u00e9e par le parquet du tribunal judiciaire est ouverte.<\/p>\n<p>Vid\u00e9os : en ce moment sur Actu26 suicides en 2024<\/p>\n<p class=\" wall-content\">Le mal-\u00eatre des forces de l\u2019ordre va croissant chaque ann\u00e9e : en 2024, selon les chiffres du minist\u00e8re de l\u2019Int\u00e9rieur, 27 policiers et <strong>26 gendarmes<\/strong> se sont donn\u00e9 la mort. Les tentatives de suicide ne sont pas r\u00e9v\u00e9l\u00e9es.<\/p>\n<p class=\" wall-content\">Si la baisse est significative des suicides chez les policiers \u00a0depuis 2019,\u2013 la situation dans la gendarmerie inqui\u00e8te. En progression depuis cinq ans, les suicides dans les rangs militaires atteignent aujourd\u2019hui un niveau quasiment \u00e9quivalent \u00e0 celui de la police, alors que les effectifs sont sensiblement moindres, environ 100 000 gendarmes contre 150 000 policiers.<\/p>\n<p class=\" wall-content\">Les passages \u00e0 l\u2019acte pour attenter \u00e0 ses jours d\u00e9coulent de plusieurs facteurs, comme pour d\u2019autrices milieux professionnels, mais, selon un sociologue, le fait d\u2019accomplir ce terrible geste sur son lieu de travail ou avec son arme de service pour un policier, un gendarme ou un douanier constitue un indice important, car il semble mettre en cause l\u2019institution.<\/p>\n<p class=\" wall-content\">Suivez toute l\u2019actualit\u00e9 de vos villes et m\u00e9dias favoris en vous inscrivant \u00e0 <a href=\"https:\/\/moncompte.actu.fr\" title=\"D\u00e9couvez Mon Actu\" rel=\"nofollow noopener\" data-trk=\"{&quot;cta&quot;:{&quot;action&quot;:&quot;https:\\\/\\\/moncompte.actu.fr&quot;,&quot;category&quot;:&quot;mon compte&quot;,&quot;from&quot;:&quot;article footer&quot;,&quot;name&quot;:&quot;Mon actu&quot;,&quot;type&quot;:&quot;cta&quot;}}\" target=\"_blank\">Mon Actu<\/a>.<\/p>\n","protected":false},"excerpt":{"rendered":"Par Jean-Marc Aubert Publi\u00e9 le 16 mai 2025 \u00e0 9h36 Tristesse et incompr\u00e9hension au groupement de gendarmerie de&hellip;\n","protected":false},"author":2,"featured_media":103924,"comment_status":"","ping_status":"","sticky":false,"template":"","format":"standard","meta":{"footnotes":""},"categories":[9599],"tags":[1111,11,1777,674,118,1011,27,3381,303,2208,12,2680,25],"class_list":{"0":"post-103923","1":"post","2":"type-post","3":"status-publish","4":"format-standard","5":"has-post-thumbnail","7":"category-montpellier","8":"tag-actu","9":"tag-actualites","10":"tag-eu","11":"tag-europe","12":"tag-faits-divers","13":"tag-fr","14":"tag-france","15":"tag-gendarmerie","16":"tag-justice","17":"tag-montpellier","18":"tag-news","19":"tag-occitanie","20":"tag-republique-francaise"},"share_on_mastodon":{"url":"https:\/\/pubeurope.com\/@fr\/114516429617610062","error":""},"_links":{"self":[{"href":"https:\/\/www.europesays.com\/fr\/wp-json\/wp\/v2\/posts\/103923","targetHints":{"allow":["GET"]}}],"collection":[{"href":"https:\/\/www.europesays.com\/fr\/wp-json\/wp\/v2\/posts"}],"about":[{"href":"https:\/\/www.europesays.com\/fr\/wp-json\/wp\/v2\/types\/post"}],"author":[{"embeddable":true,"href":"https:\/\/www.europesays.com\/fr\/wp-json\/wp\/v2\/users\/2"}],"replies":[{"embeddable":true,"href":"https:\/\/www.europesays.com\/fr\/wp-json\/wp\/v2\/comments?post=103923"}],"version-history":[{"count":0,"href":"https:\/\/www.europesays.com\/fr\/wp-json\/wp\/v2\/posts\/103923\/revisions"}],"wp:featuredmedia":[{"embeddable":true,"href":"https:\/\/www.europesays.com\/fr\/wp-json\/wp\/v2\/media\/103924"}],"wp:attachment":[{"href":"https:\/\/www.europesays.com\/fr\/wp-json\/wp\/v2\/media?parent=103923"}],"wp:term":[{"taxonomy":"category","embeddable":true,"href":"https:\/\/www.europesays.com\/fr\/wp-json\/wp\/v2\/categories?post=103923"},{"taxonomy":"post_tag","embeddable":true,"href":"https:\/\/www.europesays.com\/fr\/wp-json\/wp\/v2\/tags?post=103923"}],"curies":[{"name":"wp","href":"https:\/\/api.w.org\/{rel}","templated":true}]}}