{"id":103927,"date":"2025-05-16T07:56:21","date_gmt":"2025-05-16T07:56:21","guid":{"rendered":"https:\/\/www.europesays.com\/fr\/103927\/"},"modified":"2025-05-16T07:56:21","modified_gmt":"2025-05-16T07:56:21","slug":"national-le-fc-rouen-nomme-un-coordinateur-sportif","status":"publish","type":"post","link":"https:\/\/www.europesays.com\/fr\/103927\/","title":{"rendered":"National. Le FC Rouen nomme un coordinateur sportif"},"content":{"rendered":"<p><img loading=\"lazy\" decoding=\"async\" width=\"696\" height=\"464\" class=\"lazyload entry-thumb\" src=\"https:\/\/www.europesays.com\/fr\/wp-content\/uploads\/2025\/05\/FC-Rouen-696x464.jpg\" alt=\"\" title=\"FC Rouen\"\/>(Photo Philippe Le Brech)<\/p>\n<p style=\"font-size:20px\"><strong>Le FC Rouen poursuit sa structuration avec la nomination d\u2019un nouveau coordinateur sportif, Christophe Chareyre, qui aura pour mission \u00ab\u00a0de structurer et d\u2019organiser l\u2019ensemble du secteur sportif\u00a0\u00bb.<\/strong><\/p>\n<p>Le <a href=\"https:\/\/fcr1899.com\/christophe-chareyre-nouveau-coordinateur-sportif-du-fc-rouen\/\" target=\"_blank\" rel=\"noreferrer noopener\">communiqu\u00e9 du club<\/a><\/p>\n<p>Dans un objectif de performance et d\u00e9veloppement, le FC Rouen 1899 est heureux de vous annoncer l\u2019arriv\u00e9e \u00e0 effet imm\u00e9diat d\u2019un coordinateur sportif, Christophe Chareyre. Il aura pour mission de structurer et d\u2019organiser l\u2019ensemble du secteur sportif, d\u2019\u00eatre le lien entre la direction, le staff et les joueurs. Christophe jouera un r\u00f4le clef dans l\u2019\u00e9laboration de l\u2019effectif pour la saison 2025-2026, en \u00e9troite collaboration avec l\u2019entra\u00eeneur principal, R\u00e9gis Brouard.<\/p>\n<p>Nos ambitions pour la saison \u00e0 venir sont affirm\u00e9es, celles de b\u00e2tir un collectif performant, coh\u00e9rent et d\u00e9termin\u00e9 \u00e0 atteindre nos objectifs<\/p>\n<p>L\u2019ensemble du club lui souhaite la bienvenue et pleine r\u00e9ussite dans ses nouvelles fonctions.<\/p>\n<p><a href=\"https:\/\/footamateur.ouest-france.fr\/author\/fred\/\" class=\"url\" title=\"Fr\u00e9d\u00e9ric Sougey\" target=\"_blank\" rel=\"noopener\"> <img decoding=\"async\" src=\"https:\/\/www.europesays.com\/fr\/wp-content\/uploads\/2025\/04\/gnlpcfya_400x400.jpg\" class=\"lazyload photo\" width=\"250\" alt=\"Fr\u00e9d\u00e9ric Sougey\"\/><\/a><\/p>\n<p>Journaliste chez Sports M\u00e9dia<\/p>\n<p>Elev\u00e9 au c\u0153ur des Alpes, Fred quitte (temporairement) son Grenoble ador\u00e9 pour pr\u00eater sa plume et son regard au monde amateur et plus particuli\u00e8rement au Championnat National dont il est un assidu observateur. Fan de tartiflette, de Karim Mokeddem et de Mulholland Drive. Les bonnes choses de la vie, en somme.<\/p>\n<p><a href=\"https:\/\/footamateur.ouest-france.fr\/author\/fred\/\" class=\"url\" title=\"Fr\u00e9d\u00e9ric Sougey\" target=\"_blank\" rel=\"noopener\"><img decoding=\"async\" src=\"https:\/\/www.europesays.com\/fr\/wp-content\/uploads\/2025\/04\/gnlpcfya_400x400.jpg\" class=\"lazyload photo\" width=\"250\" alt=\"Fr\u00e9d\u00e9ric Sougey\"\/><\/a>Les derniers articles par Fr\u00e9d\u00e9ric Sougey (<a href=\"https:\/\/footamateur.ouest-france.fr\/author\/fred\/\" target=\"_blank\" rel=\"noopener\">tout voir<\/a>)<\/p>\n","protected":false},"excerpt":{"rendered":"(Photo Philippe Le Brech) Le FC Rouen poursuit sa structuration avec la nomination d\u2019un nouveau coordinateur sportif, Christophe&hellip;\n","protected":false},"author":2,"featured_media":103928,"comment_status":"","ping_status":"","sticky":false,"template":"","format":"standard","meta":{"footnotes":""},"categories":[9587],"tags":[1111,11,22061,1777,674,12003,1011,27,12,5161,25,9590],"class_list":{"0":"post-103927","1":"post","2":"type-post","3":"status-publish","4":"format-standard","5":"has-post-thumbnail","7":"category-rouen","8":"tag-actu","9":"tag-actualites","10":"tag-christophe-chareyre","11":"tag-eu","12":"tag-europe","13":"tag-fc-rouen","14":"tag-fr","15":"tag-france","16":"tag-news","17":"tag-normandie","18":"tag-republique-francaise","19":"tag-rouen"},"share_on_mastodon":{"url":"https:\/\/pubeurope.com\/@fr\/114516445371968648","error":""},"_links":{"self":[{"href":"https:\/\/www.europesays.com\/fr\/wp-json\/wp\/v2\/posts\/103927","targetHints":{"allow":["GET"]}}],"collection":[{"href":"https:\/\/www.europesays.com\/fr\/wp-json\/wp\/v2\/posts"}],"about":[{"href":"https:\/\/www.europesays.com\/fr\/wp-json\/wp\/v2\/types\/post"}],"author":[{"embeddable":true,"href":"https:\/\/www.europesays.com\/fr\/wp-json\/wp\/v2\/users\/2"}],"replies":[{"embeddable":true,"href":"https:\/\/www.europesays.com\/fr\/wp-json\/wp\/v2\/comments?post=103927"}],"version-history":[{"count":0,"href":"https:\/\/www.europesays.com\/fr\/wp-json\/wp\/v2\/posts\/103927\/revisions"}],"wp:featuredmedia":[{"embeddable":true,"href":"https:\/\/www.europesays.com\/fr\/wp-json\/wp\/v2\/media\/103928"}],"wp:attachment":[{"href":"https:\/\/www.europesays.com\/fr\/wp-json\/wp\/v2\/media?parent=103927"}],"wp:term":[{"taxonomy":"category","embeddable":true,"href":"https:\/\/www.europesays.com\/fr\/wp-json\/wp\/v2\/categories?post=103927"},{"taxonomy":"post_tag","embeddable":true,"href":"https:\/\/www.europesays.com\/fr\/wp-json\/wp\/v2\/tags?post=103927"}],"curies":[{"name":"wp","href":"https:\/\/api.w.org\/{rel}","templated":true}]}}