{"id":1039320,"date":"2026-07-02T21:09:20","date_gmt":"2026-07-02T21:09:20","guid":{"rendered":"https:\/\/www.europesays.com\/fr\/1039320\/"},"modified":"2026-07-02T21:09:20","modified_gmt":"2026-07-02T21:09:20","slug":"adrien-tiberti-elu-a-la-presidence-du-siaap","status":"publish","type":"post","link":"https:\/\/www.europesays.com\/fr\/1039320\/","title":{"rendered":"Adrien Tiberti \u00e9lu \u00e0 la pr\u00e9sidence du SIAAP"},"content":{"rendered":"<p>            <a href=\"https:\/\/www.europesays.com\/fr\/wp-content\/uploads\/2026\/07\/-dr-1.jpg\" data-caption=\"Le conseiller (PCF) de Paris a \u00e9t\u00e9 \u00e9lu mardi par le conseil d'administration du syndicat. \u00a9 DR\"><img loading=\"lazy\" decoding=\"async\" width=\"683\" height=\"1024\" class=\"entry-thumb td-modal-image ewww_webp_lazy_load\" src=\"data:image\/svg+xml,%3Csvg%20xmlns=\" http:=\"\" alt=\"\" title=\"\" data-lazy-src=\"https:\/\/www.europesays.com\/fr\/wp-content\/uploads\/2026\/07\/-dr-1.jpg\" data-lazy-src-webp=\"https:\/\/www.europesays.com\/fr\/wp-content\/uploads\/2026\/07\/-dr-1.jpg.webp\"\/><\/a>Le conseiller (PCF) de Paris a \u00e9t\u00e9 \u00e9lu mardi par le conseil d&rsquo;administration du syndicat. \u00a9 DR<\/p>\n<p>Le Syndicat Interd\u00e9partemental pour l\u2019Assainissement de l\u2019Agglom\u00e9ration Parisienne (SIAAP) a chang\u00e9 de capitaine. R\u00e9uni mardi en s\u00e9ance pl\u00e9ni\u00e8re, son conseil d\u2019administration, compos\u00e9 des 33 conseillers d\u00e9partementaux issus des d\u00e9partements fondateurs du syndicat (Paris, les Hauts-de-Seine, la Seine-Saint-Denis et le Val-de-Marne), a \u00e9lu un nouveau pr\u00e9sident : l\u2019ancien adjoint au maire du 11e arrondissement de Paris (de 2014 \u00e0 2026) et actuel conseiller (PCF) de Paris Adrien Tiberti qui succ\u00e8de \u00e0 Fran\u00e7ois-Marie Didier, autre conseiller de Paris (LR), qui pr\u00e9sidait le syndicat depuis septembre 2021. Syndicat qui traite 7j\/7 et 24h\/24 les eaux us\u00e9es, pluviales et industrielles de l\u2019agglom\u00e9ration parisienne.<\/p>\n<p>\u00ab Je mesure la responsabilit\u00e9 que me confie aujourd\u2019hui le conseil d\u2019administration du SIAAP en m\u2019\u00e9lisant \u00e0 la pr\u00e9sidence de l\u2019un des outils industriels les plus essentiels \u00e0 l\u2019environnement des Franciliens \u00bb, d\u00e9clare Adrien Tiberti, bien conscient que \u00ab les d\u00e9fis du d\u00e9veloppement durable comme de la pr\u00e9servation du milieu naturel et de la biodiversit\u00e9 en Seine et en Marne sont immenses \u00e0 l\u2019heure du changement climatique et de la pression croissante sur la ressource en eau \u00bb. \u00ab Ces d\u00e9fis sont humains, industriels et techniques, sociaux et soci\u00e9taux, et ils seront au c\u0153ur de mon mandat que j\u2019entends conduire dans la transparence et le consensus \u00bb, annonce le nouveau pr\u00e9sident du SIAAP.<\/p>\n<p>Et alors que ce nouvel \u00e9t\u00e9 sera \u00e0 nouveau marqu\u00e9 par la possibilit\u00e9 de se baigner dans la Seine et la Marne (sur des sites bien identifi\u00e9s), gr\u00e2ce notamment \u00e0 l\u2019action du SIAAP, \u00ab je suis d\u2019ores et d\u00e9j\u00e0 pleinement mobilis\u00e9 pour que nos usines, nos installations et nos r\u00e9seaux r\u00e9pondent pr\u00e9sent malgr\u00e9 une m\u00e9t\u00e9o estivale dont nous connaissons les risques pour la qualit\u00e9 de nos cours d\u2019eau \u00bb, assure Adrien Tiberti qui \u00ab plus que jamais [\u2026] souhaite faire de la fiabilit\u00e9 et de la robustesse industrielles du SIAAP la meilleure protection de l\u2019environnement des Franciliens \u00bb.<\/p>\n<p>\n            [auto_promo_mpl_cutom url=\u00a0\u00bbhttps:\/\/mapresselocale.fr\/titres\/l-echo-d-ile-de-france\u00a0\u00bb]        <\/p>\n","protected":false},"excerpt":{"rendered":"Le conseiller (PCF) de Paris a \u00e9t\u00e9 \u00e9lu mardi par le conseil d&rsquo;administration du syndicat. \u00a9 DR Le&hellip;\n","protected":false},"author":2,"featured_media":1039321,"comment_status":"","ping_status":"","sticky":false,"template":"","format":"standard","meta":{"footnotes":"","_share_on_mastodon":"0"},"categories":[1888],"tags":[11,108149,36382,15109,27530,108150,61855,108151,108152,33908,1777,674,1011,27,3314,662,12,626,25198,70229,25,1945,41035,108154,227,108153,1125],"class_list":["post-1039320","post","type-post","status-publish","format-standard","has-post-thumbnail","category-paris","tag-actualites","tag-adrien-tiberti","tag-assainissement","tag-baignade","tag-communiste","tag-conseil-daministration","tag-conseiller-de-paris","tag-eaux-industrielles","tag-eaux-usu00e9es","tag-eaux-pluviales","tag-eu","tag-europe","tag-fr","tag-france","tag-hauts-de-seine","tag-ile-de-france","tag-news","tag-paris","tag-pcf","tag-pru00e9sident","tag-republique-francaise","tag-seine-saint-denis","tag-siaap","tag-syndicat-interdu00e9partemental-pour-lassainissement-de-lagglomu00e9ration-parisienne","tag-traitement","tag-u00e9lection","tag-val-de-marne"],"share_on_mastodon":{"url":"https:\/\/pubeurope.com\/@fr\/116852435637355343","error":""},"_links":{"self":[{"href":"https:\/\/www.europesays.com\/fr\/wp-json\/wp\/v2\/posts\/1039320","targetHints":{"allow":["GET"]}}],"collection":[{"href":"https:\/\/www.europesays.com\/fr\/wp-json\/wp\/v2\/posts"}],"about":[{"href":"https:\/\/www.europesays.com\/fr\/wp-json\/wp\/v2\/types\/post"}],"author":[{"embeddable":true,"href":"https:\/\/www.europesays.com\/fr\/wp-json\/wp\/v2\/users\/2"}],"replies":[{"embeddable":true,"href":"https:\/\/www.europesays.com\/fr\/wp-json\/wp\/v2\/comments?post=1039320"}],"version-history":[{"count":0,"href":"https:\/\/www.europesays.com\/fr\/wp-json\/wp\/v2\/posts\/1039320\/revisions"}],"wp:featuredmedia":[{"embeddable":true,"href":"https:\/\/www.europesays.com\/fr\/wp-json\/wp\/v2\/media\/1039321"}],"wp:attachment":[{"href":"https:\/\/www.europesays.com\/fr\/wp-json\/wp\/v2\/media?parent=1039320"}],"wp:term":[{"taxonomy":"category","embeddable":true,"href":"https:\/\/www.europesays.com\/fr\/wp-json\/wp\/v2\/categories?post=1039320"},{"taxonomy":"post_tag","embeddable":true,"href":"https:\/\/www.europesays.com\/fr\/wp-json\/wp\/v2\/tags?post=1039320"}],"curies":[{"name":"wp","href":"https:\/\/api.w.org\/{rel}","templated":true}]}}