{"id":103933,"date":"2025-05-16T08:00:46","date_gmt":"2025-05-16T08:00:46","guid":{"rendered":"https:\/\/www.europesays.com\/fr\/103933\/"},"modified":"2025-05-16T08:00:46","modified_gmt":"2025-05-16T08:00:46","slug":"une-semaine-en-deux-parties-apres-lorage-place-au-temps-estival","status":"publish","type":"post","link":"https:\/\/www.europesays.com\/fr\/103933\/","title":{"rendered":"\u00ab\u00a0Une semaine en deux parties\u00a0\u00bb, apr\u00e8s l&rsquo;orage place au temps estival"},"content":{"rendered":"<p>            Par<br \/>\n        <strong><br \/>\n            <a href=\"https:\/\/actu.fr\/auteur\/lou-batteux\" title=\"Consulter tous les articles de Lou Batteux\" target=\"_blank\" rel=\"noopener\">Lou Batteux<\/a><br \/>\n        <\/strong><\/p>\n<p>        Publi\u00e9 le<\/p>\n<p>            13 mai 2025 \u00e0 12h25        <\/p>\n<p>Apr\u00e8s un week-end tr\u00e8s <strong>orageux<\/strong>, le retour du <strong>beau temps<\/strong> est annonc\u00e9 cette semaine du 12 au 18\u00a0mai 2025 par <strong>St\u00e9ven Tual<\/strong>, expert m\u00e9t\u00e9o et cr\u00e9ateur de <a href=\"https:\/\/www.facebook.com\/p\/Temps-Breton-61558051888132\/\" target=\"_blank\" rel=\"noopener\">Temps Breton<\/a>. Celui-ci a notifi\u00e9 \u00e0 <a href=\"https:\/\/actu.fr\/rennes\/\" target=\"_blank\" rel=\"noopener\">actu Rennes<\/a> une<strong> \u00ab\u2009semaine en deux parties\u2009\u00bb<\/strong> en ce qui concerne les pr\u00e9visions de ces prochains jours en <strong>Bretagne<\/strong>.<\/p>\n<p>Un d\u00e9but de semaine sous une goutte froide<\/p>\n<p class=\" wall-content\">Pour la journ\u00e9e de <strong>mardi<\/strong> de fortes <strong>averses<\/strong> sont pr\u00e9vues de la <strong>Loire-Atlantique<\/strong> \u00e0 la <strong>baie de Morlaix<\/strong> en \u00e9pargnant un peu plus <strong>Saint-Malo<\/strong>.<\/p>\n<p class=\" wall-content\">Il faut attendre <strong>mercredi<\/strong> pour que<strong> \u00ab\u2009la goutte froide s\u2019\u00e9puise\u2009\u00bb,<\/strong> d\u2019apr\u00e8s St\u00e9ven Tual. Des <strong>orages<\/strong> vont encore quelque peu persister, mais le <strong>littoral atlantique<\/strong> fera face \u00e0 une m\u00e9t\u00e9o plus <strong>calme<\/strong> avec des temp\u00e9ratures comprises entre<strong> 18\u00a0\u00b0C<\/strong> et<strong> 22\u00a0\u00b0C<\/strong>.<\/p>\n<p>\u00ab\u2009Le retour des belles journ\u00e9es\u2009\u00bb<\/p>\n<p class=\" wall-content\">\u00c0 partir de <strong>jeudi<\/strong>, un changement de temps radical aura lieu en raison de <strong>l\u2019anticyclone<\/strong>. <strong>\u00ab\u2009C\u2019est le retour du vent et du soleil\u2009\u00bb, <\/strong>annonce St\u00e9ven Tual.<\/p>\n<p class=\" wall-content\">La m\u00e9t\u00e9o sera plut\u00f4t <strong>h\u00e9t\u00e9rog\u00e8ne<\/strong> dans la r\u00e9gion. En effet, si le <strong>soleil<\/strong> va s\u2019y imposer, une vague de <strong>frais<\/strong> va en particulier toucher le <strong>nord-est<\/strong> de la Bretagne qui ne d\u00e9passera pas<strong> 16\u00a0\u00b0C<\/strong>. En revanche, au <strong>sud<\/strong>, les temp\u00e9ratures pourront monter jusqu\u2019\u00e0 <strong>24\u00a0\u00b0C.<\/strong><\/p>\n<p>Vid\u00e9os : en ce moment sur Actu<\/p>\n<p class=\" wall-content\">Enfin, la journ\u00e9e de <strong>vendredi<\/strong> indique un week-end <strong>radieux<\/strong>. Le <strong>soleil<\/strong> dominera l\u2019ensemble de la <strong>r\u00e9gion<\/strong> et on pourra m\u00eame observer des <strong>caract\u00e9ristiques estivales<\/strong> au <strong>sud<\/strong> de la Bretagne.<\/p>\n<p class=\" wall-content\">Les temp\u00e9ratures <strong>minimales<\/strong> annonc\u00e9es pour la fin de semaine devraient atteindre la barre des <strong>20\u00a0\u00b0C<\/strong> dans toute la Bretagne et jusqu\u2019\u00e0 <strong>25\u00a0\u00b0C<\/strong> au sud.<\/p>\n<p>    <a href=\"https:\/\/www.facebook.com\/plugins\/video.php?height=476&amp;href=https%3A%2F%2Fwww.facebook.com%2F61558051888132%2Fvideos%2F1891013348325669%2F&amp;show_text=true&amp;width=350&amp;t=0\" title=\"Ouvrie le lien\" target=\"_blank\" rel=\"noopener\">Cliquez ici pour visualiser le contenu<\/a><\/p>\n<blockquote class=\"ac-article-quote wall-content\">\n<p>Les premiers bains de mer sont possibles.<\/p>\n<p>    <strong>St\u00e9ven Tual<\/strong><br \/>\n        Expert m\u00e9t\u00e9o et climat \u00e0 Rennes, cr\u00e9ateur de Temps Breton    <\/p><\/blockquote>\n<p class=\" wall-content\">La temp\u00e9rature de la <strong>mer<\/strong> en Bretagne, quant \u00e0 elle, se situera aux alentours de <strong>12\u00a0\u00b0C <\/strong>\u00e0 <strong>13\u00a0\u00b0C <\/strong>pr\u00e8s de la<strong> Manche<\/strong>, et de<strong> 14\u00a0\u00b0C <\/strong>\u00e0 <strong>15\u00a0\u00b0C <\/strong>en <strong>Atlantique<\/strong>. Pour les plus press\u00e9s, les premi\u00e8res <strong>baignades<\/strong> sont donc envisageables ce<strong> week-end<\/strong>.<\/p>\n<p class=\" wall-content\">Suivez toute l\u2019actualit\u00e9 de vos villes et m\u00e9dias favoris en vous inscrivant \u00e0 <a href=\"https:\/\/moncompte.actu.fr\" title=\"D\u00e9couvez Mon Actu\" rel=\"nofollow noopener\" data-trk=\"{&quot;cta&quot;:{&quot;action&quot;:&quot;https:\\\/\\\/moncompte.actu.fr&quot;,&quot;category&quot;:&quot;mon compte&quot;,&quot;from&quot;:&quot;article footer&quot;,&quot;name&quot;:&quot;Mon actu&quot;,&quot;type&quot;:&quot;cta&quot;}}\" target=\"_blank\">Mon Actu<\/a>.<\/p>\n","protected":false},"excerpt":{"rendered":"Par Lou Batteux Publi\u00e9 le 13 mai 2025 \u00e0 12h25 Apr\u00e8s un week-end tr\u00e8s orageux, le retour du&hellip;\n","protected":false},"author":2,"featured_media":103934,"comment_status":"","ping_status":"","sticky":false,"template":"","format":"standard","meta":{"footnotes":""},"categories":[2821],"tags":[1111,11,829,1777,674,1011,27,2487,12,4594,584,25],"class_list":{"0":"post-103933","1":"post","2":"type-post","3":"status-publish","4":"format-standard","5":"has-post-thumbnail","7":"category-rennes","8":"tag-actu","9":"tag-actualites","10":"tag-bretagne","11":"tag-eu","12":"tag-europe","13":"tag-fr","14":"tag-france","15":"tag-meteo","16":"tag-news","17":"tag-orages","18":"tag-rennes","19":"tag-republique-francaise"},"share_on_mastodon":{"url":"https:\/\/pubeurope.com\/@fr\/114516465204356012","error":""},"_links":{"self":[{"href":"https:\/\/www.europesays.com\/fr\/wp-json\/wp\/v2\/posts\/103933","targetHints":{"allow":["GET"]}}],"collection":[{"href":"https:\/\/www.europesays.com\/fr\/wp-json\/wp\/v2\/posts"}],"about":[{"href":"https:\/\/www.europesays.com\/fr\/wp-json\/wp\/v2\/types\/post"}],"author":[{"embeddable":true,"href":"https:\/\/www.europesays.com\/fr\/wp-json\/wp\/v2\/users\/2"}],"replies":[{"embeddable":true,"href":"https:\/\/www.europesays.com\/fr\/wp-json\/wp\/v2\/comments?post=103933"}],"version-history":[{"count":0,"href":"https:\/\/www.europesays.com\/fr\/wp-json\/wp\/v2\/posts\/103933\/revisions"}],"wp:featuredmedia":[{"embeddable":true,"href":"https:\/\/www.europesays.com\/fr\/wp-json\/wp\/v2\/media\/103934"}],"wp:attachment":[{"href":"https:\/\/www.europesays.com\/fr\/wp-json\/wp\/v2\/media?parent=103933"}],"wp:term":[{"taxonomy":"category","embeddable":true,"href":"https:\/\/www.europesays.com\/fr\/wp-json\/wp\/v2\/categories?post=103933"},{"taxonomy":"post_tag","embeddable":true,"href":"https:\/\/www.europesays.com\/fr\/wp-json\/wp\/v2\/tags?post=103933"}],"curies":[{"name":"wp","href":"https:\/\/api.w.org\/{rel}","templated":true}]}}