{"id":103936,"date":"2025-05-16T08:02:16","date_gmt":"2025-05-16T08:02:16","guid":{"rendered":"https:\/\/www.europesays.com\/fr\/103936\/"},"modified":"2025-05-16T08:02:16","modified_gmt":"2025-05-16T08:02:16","slug":"au-tribunal-administratif-lalsace-en-guerre-contre-letat-sur-le-dossier-stocamine","status":"publish","type":"post","link":"https:\/\/www.europesays.com\/fr\/103936\/","title":{"rendered":"Au tribunal administratif, l&rsquo;Alsace en guerre contre l&rsquo;\u00c9tat sur le dossier Stocamine"},"content":{"rendered":"<p class=\"wp-block-post-excerpt__excerpt\">Des associations et collectivit\u00e9s alsaciennes ont demand\u00e9 l\u2019annulation du confinement d\u00e9finitif des d\u00e9chets de Stocamine au tribunal administratif jeudi 15 mai. Elles d\u00e9noncent des erreurs dans le dossier de l\u2019\u00c9tat. Le rapporteur public a estim\u00e9 de son c\u00f4t\u00e9 qu\u2019il n\u2019y a pas d\u2019autre solution. <\/p>\n<p><a href=\"https:\/\/www.rue89strasbourg.com\/category\/compte-rendu\" rel=\"tag noopener\" target=\"_blank\">Compte-rendu<\/a>, <a href=\"https:\/\/www.rue89strasbourg.com\/category\/premium\" rel=\"tag noopener\" target=\"_blank\">\u00c9dition abonn\u00e9s<\/a><\/p>\n<p>Thibault Vetter<\/p>\n<p>Publi\u00e9 le 16 mai 2025\u00a0\u00a0\u00b7\u00a0\u00a0<\/p>\n<p>Imprim\u00e9 le 16 mai 2025 \u00e0 10h02\u00a0\u00a0\u00b7\u00a0\u00a0<\/p>\n<p>\t\t\t\t\t6\u00a0minutes\n<\/p>\n<p class=\"has-drop-cap\">C\u2019\u00e9tait peut-\u00eatre la derni\u00e8re audience sur Stocamine au tribunal administratif de Strasbourg, apr\u00e8s des ann\u00e9es de gu\u00e9rilla juridique. Jeudi 15 mai, Alsace Nature et la Collectivit\u00e9 europ\u00e9enne d\u2019Alsace (CeA) ont \u00e9trill\u00e9 le dossier de l\u2019\u00c9tat pour Stocamine, cette ancienne mine de potasse reconvertie en site de stockage de d\u00e9chets ultimes. <\/p>\n<p>L\u2019\u00c9tat souhaite confiner, par des barrages en b\u00e9ton, 42\u00a0000 tonnes de d\u00e9chets industriels toxiques plac\u00e9s sous la nappe phr\u00e9atique \u00e0 Wittelsheim, entre 1999 et 2002. Une option cat\u00e9goriquement rejet\u00e9e depuis vingt ans par de nombreuses associations et collectivit\u00e9s locales craignant la pollution de <a href=\"https:\/\/www.rue89strasbourg.com\/nappe-phreatique-rhenane-plus-grande-reserve-eau-potable-europe-occidentale-265786\" target=\"_blank\" rel=\"noreferrer noopener\">la plus grande r\u00e9serve d\u2019eau potable d\u2019Europe occidentale<\/a>, qui alimente 5,6 millions de personnes (voir <a href=\"https:\/\/www.rue89strasbourg.com\/tag\/stocamine\" target=\"_blank\" rel=\"noreferrer noopener\">nos articles, enqu\u00eates et reportages<\/a>).<\/p>\n<p>Dans une salle comble, remplie d\u2019\u00e9lus, de militants et de scientifiques, le rapporteur public Alexandre Therre, magistrat membre du conseil d\u2019\u00c9tat et charg\u00e9 de proposer une solution au tribunal, a commenc\u00e9 par une longue tirade technique. Il s\u2019est prononc\u00e9 en faveur de l\u2019enfouissement d\u00e9finitif, estimant qu\u2019il \u00ab\u00a0n\u2019est pas d\u00e9montr\u00e9 qu\u2019une autre solution est possible\u00a0\u00bb. \u00ab\u00a0Nous ne vous aurions certainement pas pr\u00e9sent\u00e9 les m\u00eames conclusions quelques ann\u00e9es plus t\u00f4t, mais telle n\u2019est plus ici la question pos\u00e9e au tribunal\u00a0\u00bb, a t-il regrett\u00e9. Puis il s\u2019est d\u00e9clar\u00e9 conscient que les magistrats se trouvaient malheureusement devant \u00ab\u00a0un fait accompli\u00a0\u00bb.<\/p>\n<p><a href=\"https:\/\/www.rue89strasbourg.com\/abonnement\" target=\"_blank\" rel=\"noopener\"><img loading=\"lazy\" decoding=\"async\" width=\"792\" height=\"204\" src=\"https:\/\/www.europesays.com\/fr\/wp-content\/uploads\/2025\/05\/bannie\u0300re-autopromo-2025-desktop-792x204.png\" alt=\"\" class=\"wp-image-341654\"  \/><\/a><\/p>\n<p><a href=\"https:\/\/www.rue89strasbourg.com\/abonnement\" target=\"_blank\" rel=\"noopener\"><img loading=\"lazy\" decoding=\"async\" width=\"300\" height=\"300\" src=\"https:\/\/www.europesays.com\/fr\/wp-content\/uploads\/2025\/05\/bannieres@2x.png\" alt=\"\" class=\"wp-image-341656\"  \/><\/a><\/p>\n<p>Pour Alsace Nature, l\u2019alternative existe<\/p>\n<p>Soutenez un m\u00e9dia qui enqu\u00eate sur les atteintes \u00e0 l\u2019environnement<\/p>\n<p><strong>Pour acc\u00e9der \u00e0 cet article, il faut \u00eatre abonn\u00e9. Pourquoi\u00a0?<\/strong><\/p>\n<p>Engag\u00e9e contre les atteintes \u00e0 l\u2019environnement, la r\u00e9daction suit de pr\u00e8s les enjeux \u00e9cologiques et enqu\u00eate sur les alertes qui lui sont transmises, les suspicions de pollutions, les artificialisations masqu\u00e9es, la qualit\u00e9 de l\u2019air et de l\u2019eau\u2026 Sans Rue89 Strasbourg, des projets comme un <a href=\"https:\/\/www.rue89strasbourg.com\/champ-du-feu-collectivite-alsace-construire-stade-biathlon-foret-285514\" data-type=\"post\" data-id=\"285514\" target=\"_blank\" rel=\"noreferrer noopener\">stade de biathlon dans les Vosges<\/a>, ou <a href=\"https:\/\/www.rue89strasbourg.com\/lorentzen-projet-routier-menace-tresor-biodiversite-290793\" data-type=\"post\" data-id=\"290793\" target=\"_blank\" rel=\"noreferrer noopener\">une route sur la colline de Lorentzen<\/a> seraient bien moins connus des Alsaciens.<\/p>\n<p><a href=\"https:\/\/www.rue89strasbourg.com\/author\/thibaultvetter\" target=\"_blank\" rel=\"noreferrer noopener\"><img loading=\"lazy\" decoding=\"async\" width=\"1536\" height=\"2048\" src=\"https:\/\/www.europesays.com\/fr\/wp-content\/uploads\/2025\/04\/51602561924-495c47b675-k.jpg\" alt=\"\" class=\"wp-image-244696\" style=\"aspect-ratio:1;object-fit:cover;width:124px;height:auto\"  \/><\/a><\/p>\n<p>Thibault Vetter suit les collectifs militants et associations qui se mobilisent partout dans la r\u00e9gion face aux projets \u00e9cocides comme les entrep\u00f4ts d\u2019Amazon par exemple. Un travail de l\u2019ombre, qui n\u00e9cessite beaucoup de contacts et le d\u00e9corticage de nombreuses alertes.<\/p>\n<p>Pour poursuivre ce travail, unique en Alsace, nous avons besoin d\u2019une petite contribution de votre part. Chaque abonnement compte. Toutes ces recettes servent directement \u00e0 financer un journalisme engag\u00e9 et document\u00e9 sur l\u2019environnement \u00e0 Strasbourg et en Alsace.<\/p>\n<p>\t\t\t<a href=\"https:\/\/www.rue89strasbourg.com\/\" class=\"custom-logo-link\" rel=\"home noopener\" target=\"_blank\"><img loading=\"lazy\" decoding=\"async\" width=\"290\" height=\"62\" src=\"https:\/\/www.europesays.com\/fr\/wp-content\/uploads\/2025\/04\/1743975279_388_logo.png\" class=\"custom-logo\" alt=\"Rue89 Strasbourg Enqu\u00eates et informations locales\"  \/><\/a><\/p>\n<p>\n\t\t\t\tAbonnez-vous maintenant pour suivre l\u2019actualit\u00e9 locale.\t\t\t<\/p>\n<p class=\"font-bold font-serif-heading mb-2 text-4xl\">\n\t\t\t\t\t\tL\u2019investigation locale \u00e0 port\u00e9e de main.\n\t\t\t\t\t<\/p>\n<p>\n\t\t\t\t\t\tAbonnez-vous et profitez d\u2019un acc\u00e8s illimit\u00e9 \u00e0 Rue89 Strasbourg. Annulez quand vous voulez.\n\t\t\t\t\t<\/p>\n<p class=\"xl:text-sm\">\n\t\t\t\t\tD\u00e9j\u00e0 abonn\u00e9\u00a0?<br \/>\n\t\t\t\t\t<a class=\"border border-transparent text-center transition-colors duration-instant focus:border-info focus:rounded focus:shadow-focus cursor-pointer text-black hover:text-gray-700 active:bg-black-700 font-semibold inline-block\" href=\"https:\/\/www.rue89strasbourg.com\/user\/connexion?redirect=\/stocamine-tribunal-bataille-finale-alsace-nature-et-collectivite-alsace-contre-etat-343398\" target=\"_blank\" rel=\"noopener\">Connectez-vous<\/a>\t\t\t\t<\/p>\n<p>\n\t\t\t\tChoisissez votre formule\u00a0:\n\t\t\t<\/p>\n<p>\t\t\t\tFermer<\/p>\n","protected":false},"excerpt":{"rendered":"Des associations et collectivit\u00e9s alsaciennes ont demand\u00e9 l\u2019annulation du confinement d\u00e9finitif des d\u00e9chets de Stocamine au tribunal administratif&hellip;\n","protected":false},"author":2,"featured_media":103937,"comment_status":"","ping_status":"","sticky":false,"template":"","format":"standard","meta":{"footnotes":""},"categories":[2820],"tags":[1111,11,22062,3677,436,1777,674,1011,27,775,22063,12,25,22064,640,15051],"class_list":{"0":"post-103936","1":"post","2":"type-post","3":"status-publish","4":"format-standard","5":"has-post-thumbnail","7":"category-strasbourg","8":"tag-actu","9":"tag-actualites","10":"tag-alsace-nature","11":"tag-collectivite-europeenne-dalsace","12":"tag-environnement","13":"tag-eu","14":"tag-europe","15":"tag-fr","16":"tag-france","17":"tag-grand-est","18":"tag-nappe-phreatique","19":"tag-news","20":"tag-republique-francaise","21":"tag-stocamine","22":"tag-strasbourg","23":"tag-tribunal-administratif"},"share_on_mastodon":{"url":"https:\/\/pubeurope.com\/@fr\/114516469004340059","error":""},"_links":{"self":[{"href":"https:\/\/www.europesays.com\/fr\/wp-json\/wp\/v2\/posts\/103936","targetHints":{"allow":["GET"]}}],"collection":[{"href":"https:\/\/www.europesays.com\/fr\/wp-json\/wp\/v2\/posts"}],"about":[{"href":"https:\/\/www.europesays.com\/fr\/wp-json\/wp\/v2\/types\/post"}],"author":[{"embeddable":true,"href":"https:\/\/www.europesays.com\/fr\/wp-json\/wp\/v2\/users\/2"}],"replies":[{"embeddable":true,"href":"https:\/\/www.europesays.com\/fr\/wp-json\/wp\/v2\/comments?post=103936"}],"version-history":[{"count":0,"href":"https:\/\/www.europesays.com\/fr\/wp-json\/wp\/v2\/posts\/103936\/revisions"}],"wp:featuredmedia":[{"embeddable":true,"href":"https:\/\/www.europesays.com\/fr\/wp-json\/wp\/v2\/media\/103937"}],"wp:attachment":[{"href":"https:\/\/www.europesays.com\/fr\/wp-json\/wp\/v2\/media?parent=103936"}],"wp:term":[{"taxonomy":"category","embeddable":true,"href":"https:\/\/www.europesays.com\/fr\/wp-json\/wp\/v2\/categories?post=103936"},{"taxonomy":"post_tag","embeddable":true,"href":"https:\/\/www.europesays.com\/fr\/wp-json\/wp\/v2\/tags?post=103936"}],"curies":[{"name":"wp","href":"https:\/\/api.w.org\/{rel}","templated":true}]}}