{"id":103940,"date":"2025-05-16T08:04:08","date_gmt":"2025-05-16T08:04:08","guid":{"rendered":"https:\/\/www.europesays.com\/fr\/103940\/"},"modified":"2025-05-16T08:04:08","modified_gmt":"2025-05-16T08:04:08","slug":"pres-de-nice-deux-plages-rouvertes-a-la-baignade-apres-une-alerte-a-la-pollution-aux-hydrocarbures","status":"publish","type":"post","link":"https:\/\/www.europesays.com\/fr\/103940\/","title":{"rendered":"Pr\u00e8s de Nice, deux plages rouvertes \u00e0 la baignade apr\u00e8s une alerte \u00e0 la pollution aux hydrocarbures"},"content":{"rendered":"<p>Bonne nouvelle pour les baigneurs \u00e0 Cagnes-sur-Mer<strong>. Ce vendredi matin, la baignade est de nouveau autoris\u00e9e<\/strong> sur les plages de<strong> l\u2019Entr\u00e9e du port et de l\u2019\u00c9glise<\/strong>, du\u00a0secteur de l\u2019\u00e9pi 13 jusqu\u2019\u00e0 l\u2019\u00e9cole de voile, ferm\u00e9es la veille<a href=\"https:\/\/www.nicematin.com\/environnement\/pollution-aux-hydrocarbures-a-cagnes-sur-mer-deux-plages-fermees-par-mesure-de-precaution-985938#:~:text=%22Par%20mesure%20de%20pr%C3%A9caution%2C%20deux,des%20analyses%20ont%20%C3%A9t%C3%A9%20lanc%C3%A9es.\" rel=\"nofollow noopener\" target=\"_blank\"> \u00e0 la suite d\u2019une alerte \u00e0 la pollution aux hydrocarbures.<\/a><\/p>\n<p>La qualit\u00e9 de l&rsquo;eau conforme aux normes sanitaires<\/p>\n<p>Jeudi 15 mai, <strong>une nappe suspecte avait \u00e9t\u00e9 rep\u00e9r\u00e9e au large<\/strong>, \u00e0 hauteur du Cros-de-Cagnes. Par mesure de pr\u00e9caution, la municipalit\u00e9 avait imm\u00e9diatement ordonn\u00e9 la fermeture de ces deux zones de baignade tr\u00e8s fr\u00e9quent\u00e9es, le temps de proc\u00e9der \u00e0 des analyses.<\/p>\n<p>Les pr\u00e9l\u00e8vements effectu\u00e9s en fin de journ\u00e9e jeudi ont confirm\u00e9 que <strong>la qualit\u00e9 de l\u2019eau \u00e9tait conforme aux normes sanitaires en vigueur.<\/strong> Les r\u00e9sultats permettent de rouvrir sans risque ces deux secteurs d\u00e8s ce matin. Les vacanciers et habitants peuvent d\u00e9sormais profiter \u00e0 nouveau des plages en toute s\u00e9curit\u00e9.<\/p>\n","protected":false},"excerpt":{"rendered":"Bonne nouvelle pour les baigneurs \u00e0 Cagnes-sur-Mer. Ce vendredi matin, la baignade est de nouveau autoris\u00e9e sur les&hellip;\n","protected":false},"author":2,"featured_media":103941,"comment_status":"","ping_status":"","sticky":false,"template":"","format":"standard","meta":{"footnotes":""},"categories":[2819],"tags":[1111,11,436,1777,674,1011,27,12,2401,882,25],"class_list":{"0":"post-103940","1":"post","2":"type-post","3":"status-publish","4":"format-standard","5":"has-post-thumbnail","7":"category-nice","8":"tag-actu","9":"tag-actualites","10":"tag-environnement","11":"tag-eu","12":"tag-europe","13":"tag-fr","14":"tag-france","15":"tag-news","16":"tag-nice","17":"tag-provence-alpes-cote-dazur","18":"tag-republique-francaise"},"share_on_mastodon":{"url":"https:\/\/pubeurope.com\/@fr\/114516476813109537","error":""},"_links":{"self":[{"href":"https:\/\/www.europesays.com\/fr\/wp-json\/wp\/v2\/posts\/103940","targetHints":{"allow":["GET"]}}],"collection":[{"href":"https:\/\/www.europesays.com\/fr\/wp-json\/wp\/v2\/posts"}],"about":[{"href":"https:\/\/www.europesays.com\/fr\/wp-json\/wp\/v2\/types\/post"}],"author":[{"embeddable":true,"href":"https:\/\/www.europesays.com\/fr\/wp-json\/wp\/v2\/users\/2"}],"replies":[{"embeddable":true,"href":"https:\/\/www.europesays.com\/fr\/wp-json\/wp\/v2\/comments?post=103940"}],"version-history":[{"count":0,"href":"https:\/\/www.europesays.com\/fr\/wp-json\/wp\/v2\/posts\/103940\/revisions"}],"wp:featuredmedia":[{"embeddable":true,"href":"https:\/\/www.europesays.com\/fr\/wp-json\/wp\/v2\/media\/103941"}],"wp:attachment":[{"href":"https:\/\/www.europesays.com\/fr\/wp-json\/wp\/v2\/media?parent=103940"}],"wp:term":[{"taxonomy":"category","embeddable":true,"href":"https:\/\/www.europesays.com\/fr\/wp-json\/wp\/v2\/categories?post=103940"},{"taxonomy":"post_tag","embeddable":true,"href":"https:\/\/www.europesays.com\/fr\/wp-json\/wp\/v2\/tags?post=103940"}],"curies":[{"name":"wp","href":"https:\/\/api.w.org\/{rel}","templated":true}]}}