{"id":103944,"date":"2025-05-16T08:06:15","date_gmt":"2025-05-16T08:06:15","guid":{"rendered":"https:\/\/www.europesays.com\/fr\/103944\/"},"modified":"2025-05-16T08:06:15","modified_gmt":"2025-05-16T08:06:15","slug":"pres-de-nantes-cette-boutique-propose-des-kits-solaires-a-installer-soi-meme","status":"publish","type":"post","link":"https:\/\/www.europesays.com\/fr\/103944\/","title":{"rendered":"Pr\u00e8s de Nantes, cette boutique propose des kits solaires \u00e0 installer soi-m\u00eame"},"content":{"rendered":"<p>            Par<br \/>\n        <strong><br \/>\n            <a href=\"https:\/\/actu.fr\/auteur\/journaliste-sm\" title=\"Consulter tous les articles de R\u00e9daction Clisson\" target=\"_blank\" rel=\"noopener\">R\u00e9daction Clisson<\/a><br \/>\n        <\/strong><\/p>\n<p>        Publi\u00e9 le<\/p>\n<p>            16 mai 2025 \u00e0 7h16        <\/p>\n<p>Apr\u00e8s plusieurs ann\u00e9es dans le monde de la piscine, David Brin a d\u00e9cid\u00e9 de se lancer \u00e0 son compte, avec <b>un produit innovant\u2009: le panneau solaire pr\u00eat \u00e0 brancher <\/b>(plug and play). Une solution \u00e9conomique et simple pour produire sa propre \u00e9lectricit\u00e9.<\/p>\n<p class=\" wall-content\">Afin de se faire mieux conna\u00eetre, il <b>organise une journ\u00e9e portes ouvertes le samedi 17\u00a0mai<\/b> de 9\u2009h \u00e0 19\u2009h dans sa <a href=\"https:\/\/www.boutique-kit-solaire.fr\/\" target=\"_blank\" rel=\"noopener\">boutique <\/a>\u00e0 <a href=\"https:\/\/actu.fr\/pays-de-la-loire\/basse-goulaine_44009\" target=\"_blank\" rel=\"noopener\"><b>Basse-Goulaine<\/b><\/a>. Elle est install\u00e9e <a href=\"https:\/\/www.google.com\/maps\/place\/La+Boutique+du+Kit+Solaire+-+Station+Solaire+Plug+and+Play\/data=!4m2!3m1!1s0x0:0x9f42e00516502c81?sa=X&amp;ved=1t:2428&amp;ictx=111\" target=\"_blank\" rel=\"noopener\">dans le nouveau parc d\u2019activit\u00e9s route de Clisson<\/a>, juste \u00e0 c\u00f4t\u00e9 de Lou\u00e9e piscine.<\/p>\n<blockquote class=\"ac-article-quote wall-content\">\n<p>Natif de Mouzillon et habitant Vallet, nous avons d\u00e9marr\u00e9 dans un local \u00e0 Rez\u00e9. J\u2019ai souhait\u00e9 \u00eatre plus dans le sud Loire. Ici, cela me permet d\u2019avoir une belle visibilit\u00e9 vis-\u00e0-vis des nombreux automobilistes qui l\u2019empruntent chaque jour. Nos produits ne n\u00e9cessitent pas d\u2019avoir un investissement aussi lourd que l\u2019installation de panneaux sur le toit d\u2019une habitation. Cette technique permet de poser le panneau sur une terrasse, un toit plat, dans le jardin sans que cela demande d\u2019infrastructure particuli\u00e8re.<\/p>\n<p>David Brin.<\/p><\/blockquote>\n<p>\u00ab\u2009Amortissement en 4\u00a0ans\u2009\u00bb<\/p>\n<p class=\" wall-content\">En prenant rendez-vous chez les clients ou \u00e0 son local, il conseille la taille du projet avec la lecture de la facture du fournisseur d\u2019\u00e9lectricit\u00e9.<\/p>\n<p>Vid\u00e9os : en ce moment sur Actu<\/p>\n<blockquote class=\"ac-article-quote wall-content\">\n<p>Suivant les besoins, on peut mettre en place un ou plusieurs ensembles afin de s\u2019approcher de l\u2019autoconsommation. Les ensembles propos\u00e9s n\u2019ont besoin que d\u2019une prise de courant. L\u2019\u00e9lectricit\u00e9 produite peut se r\u00e9pandre dans le circuit du client et baisser la demande aupr\u00e8s du fournisseur.<\/p>\n<p>David Brin<\/p><\/blockquote>\n<p class=\" wall-content\">Le g\u00e9rant assure que <b>l\u2019installation est simple\u2009<\/b>:<\/p>\n<blockquote class=\"ac-article-quote wall-content\">\n<p>Il suffit de monter l\u2019ossature support en aluminium avec des vis inox fournis, de positionner le panneau \u00e0 l\u2019endroit id\u00e9al vis-\u00e0-vis de l\u2019ensoleillement du terrain et de le brancher.<\/p>\n<\/blockquote>\n<p class=\" wall-content\">Le panneau a une<b> production bifaciale<\/b>. Par ailleurs, l\u2019onduleur fourni est sur\u00e9valu\u00e9 pour \u00e9viter son \u00e9chauffement.<\/p>\n<p class=\" wall-content\">De plus, <b>une application est enregistr\u00e9e sur le smartphone du client afin qu\u2019il puisse suivre la fourniture d\u2019\u00e9nergie de son installation<\/b>.<\/p>\n<blockquote class=\"ac-article-quote wall-content\">\n<p>Pour une station pay\u00e9e 769\u00a0\u20ac, le produit est amorti en 4\u00a0ans. Il est recyclable \u00e0 97\u2009% et est garanti 25\u00a0ans.<\/p>\n<p>Le g\u00e9rant.<\/p><\/blockquote>\n<p>La boutique du Kit solaire, 699 route de Clisson. Contact\u2009: 06\u200922\u200969\u200944\u200964 <a href=\"https:\/\/actu.fr\/cdn-cgi\/l\/email-protection\" class=\"__cf_email__\" data-cfemail=\"05666a6b7164667145676a70716c7470606e6c71766a69646c77602b6377\" target=\"_blank\" rel=\"noopener\">[email\u00a0protected]<\/a><\/p>\n<p class=\" wall-content\">Suivez toute l\u2019actualit\u00e9 de vos villes et m\u00e9dias favoris en vous inscrivant \u00e0 <a href=\"https:\/\/moncompte.actu.fr\" title=\"D\u00e9couvez Mon Actu\" rel=\"nofollow noopener\" data-trk=\"{&quot;cta&quot;:{&quot;action&quot;:&quot;https:\\\/\\\/moncompte.actu.fr&quot;,&quot;category&quot;:&quot;mon compte&quot;,&quot;from&quot;:&quot;article footer&quot;,&quot;name&quot;:&quot;Mon actu&quot;,&quot;type&quot;:&quot;cta&quot;}}\" target=\"_blank\">Mon Actu<\/a>.<\/p>\n","protected":false},"excerpt":{"rendered":"Par R\u00e9daction Clisson Publi\u00e9 le 16 mai 2025 \u00e0 7h16 Apr\u00e8s plusieurs ann\u00e9es dans le monde de la&hellip;\n","protected":false},"author":2,"featured_media":103945,"comment_status":"","ping_status":"","sticky":false,"template":"","format":"standard","meta":{"footnotes":""},"categories":[2818],"tags":[1111,11,215,579,1777,674,1011,27,766,12,2636,25,104,2900],"class_list":{"0":"post-103944","1":"post","2":"type-post","3":"status-publish","4":"format-standard","5":"has-post-thumbnail","7":"category-nantes","8":"tag-actu","9":"tag-actualites","10":"tag-commerce","11":"tag-electricite","12":"tag-eu","13":"tag-europe","14":"tag-fr","15":"tag-france","16":"tag-nantes","17":"tag-news","18":"tag-pays-de-la-loire","19":"tag-republique-francaise","20":"tag-societe","21":"tag-vignoble-nantais"},"share_on_mastodon":{"url":"https:\/\/pubeurope.com\/@fr\/114516484737534061","error":""},"_links":{"self":[{"href":"https:\/\/www.europesays.com\/fr\/wp-json\/wp\/v2\/posts\/103944","targetHints":{"allow":["GET"]}}],"collection":[{"href":"https:\/\/www.europesays.com\/fr\/wp-json\/wp\/v2\/posts"}],"about":[{"href":"https:\/\/www.europesays.com\/fr\/wp-json\/wp\/v2\/types\/post"}],"author":[{"embeddable":true,"href":"https:\/\/www.europesays.com\/fr\/wp-json\/wp\/v2\/users\/2"}],"replies":[{"embeddable":true,"href":"https:\/\/www.europesays.com\/fr\/wp-json\/wp\/v2\/comments?post=103944"}],"version-history":[{"count":0,"href":"https:\/\/www.europesays.com\/fr\/wp-json\/wp\/v2\/posts\/103944\/revisions"}],"wp:featuredmedia":[{"embeddable":true,"href":"https:\/\/www.europesays.com\/fr\/wp-json\/wp\/v2\/media\/103945"}],"wp:attachment":[{"href":"https:\/\/www.europesays.com\/fr\/wp-json\/wp\/v2\/media?parent=103944"}],"wp:term":[{"taxonomy":"category","embeddable":true,"href":"https:\/\/www.europesays.com\/fr\/wp-json\/wp\/v2\/categories?post=103944"},{"taxonomy":"post_tag","embeddable":true,"href":"https:\/\/www.europesays.com\/fr\/wp-json\/wp\/v2\/tags?post=103944"}],"curies":[{"name":"wp","href":"https:\/\/api.w.org\/{rel}","templated":true}]}}