{"id":103946,"date":"2025-05-16T08:07:09","date_gmt":"2025-05-16T08:07:09","guid":{"rendered":"https:\/\/www.europesays.com\/fr\/103946\/"},"modified":"2025-05-16T08:07:09","modified_gmt":"2025-05-16T08:07:09","slug":"lattaquant-egyptien-du-fc-nantes-mostafa-mohamed-refuse-a-nouveau-de-jouer","status":"publish","type":"post","link":"https:\/\/www.europesays.com\/fr\/103946\/","title":{"rendered":"l\u2019attaquant \u00e9gyptien du FC Nantes Mostafa Mohamed refuse \u00e0 nouveau de jouer"},"content":{"rendered":"<p class=\"article-p mdl\">\u00c0 l&rsquo;initiative de la LFP, les joueurs de Ligue 1 arboreront un maillot sp\u00e9cial lors de la 34e et derni\u00e8re journ\u00e9e, samedi 17 mai. \u00c0 l&rsquo;occasion de la <strong>Journ\u00e9e mondiale de lutte contre l&rsquo;homophobie<\/strong>, les maillots seront orn\u00e9s d&rsquo;un <strong>badge distinctif<\/strong> sur lequel figurent les mots \u00ab\u00a0Homophobie Football\u00a0\u00bb avec le terme \u00ab\u00a0homophobie\u00a0\u00bb barr\u00e9.<\/p>\n<p class=\"article-p mdl\">Le Nantais Mostafa Mohamed a fait savoir qu&rsquo;<strong>il ne jouerait pas ce match<\/strong> d\u00e9cisif pour le maintien de son club face \u00e0 Montpellier. L&rsquo;attaquant \u00e9gyptien est coutumier du fait puisqu&rsquo;il avait refus\u00e9 de jouer, lors des deux derni\u00e8res saisons, lors des journ\u00e9es d\u00e9di\u00e9es \u00e0\u00a0<a class=\"link\" href=\"https:\/\/www.rtl.fr\/actu\/debats-societe\/pourquoi-le-17-mai-a-t-il-ete-choisi-comme-journee-internationale-de-lutte-contre-l-homophobie-et-la-transphobie-7900385205\" title=\"Pourquoi le 17 mai a-t-il \u00e9t\u00e9 choisi comme journ\u00e9e internationale de lutte contre l&#039;homophobie et la transphobie ?\" target=\"_blank\" rel=\"nofollow noopener\">lutte contre l&rsquo;homophobie<\/a>. Son entra\u00eeneur Antoine Kombouar\u00e9 avait invoqu\u00e9 une possible blessure du joueur.<\/p>\n<p class=\"article-p mdl\">Son club a d\u00e9j\u00e0 annonc\u00e9 qu&rsquo;il <strong>sanctionnerait financi\u00e8rement Mostafa Mohamed<\/strong>. Comme l&rsquo;an dernier, cet argent sera revers\u00e9 \u00e0 une association luttant contre l&rsquo;homophobie.\u00a0<\/p>\n<p class=\"article-p mdl\">Le joueur \u00e9gyptien n&rsquo;est pas le seul joueur \u00e0 avoir refus\u00e9 de jouer ou protest\u00e9 contre la journ\u00e9e de lutte contre l&rsquo;homophobie. L&rsquo;an dernier, la LFP avait <strong>suspendu pour quatre matches le milieu de terrain malien de l&rsquo;AS Monaco,\u00a0<\/strong><a class=\"link\" href=\"https:\/\/www.rtl.fr\/actu\/debats-societe\/lutte-contre-l-homophobie-un-joueur-de-l-as-monaco-denigre-l-action-mise-en-place-par-la-lfp-7900385974\" title=\"Lutte contre l&#039;homophobie : un joueur de l&#039;AS Monaco d\u00e9nigre l&#039;action mise en place par la LFP\" target=\"_blank\" rel=\"nofollow noopener\">Mohamed Camara<\/a>, parce qu&rsquo;il avait masqu\u00e9 le logo de l&rsquo;op\u00e9ration sur son maillot avec du sparadrap. Il avait \u00e9t\u00e9 transf\u00e9r\u00e9 en fin d&rsquo;ann\u00e9e dans le club qatari de\u00a0Al-Sadd SC.<\/p>\n<p>    La r\u00e9daction vous recommande<\/p>\n<p class=\"s-newsletter__title\">\n                L\u2019actualit\u00e9 par la r\u00e9daction de RTL dans votre bo\u00eete mail.\n            <\/p>\n<p class=\"s-newsletter__subtitle\">\n                Gr\u00e2ce \u00e0 votre compte RTL abonnez-vous \u00e0 la newsletter RTL info pour suivre toute l&rsquo;actualit\u00e9 au quotidien\n            <\/p>\n<p>\n                                    Lire la suite\n                                <\/p>\n","protected":false},"excerpt":{"rendered":"\u00c0 l&rsquo;initiative de la LFP, les joueurs de Ligue 1 arboreront un maillot sp\u00e9cial lors de la 34e&hellip;\n","protected":false},"author":2,"featured_media":103947,"comment_status":"","ping_status":"","sticky":false,"template":"","format":"standard","meta":{"footnotes":""},"categories":[2818],"tags":[1111,11,7087,1777,674,462,107,63,1011,27,8717,66,766,12,2636,25],"class_list":{"0":"post-103946","1":"post","2":"type-post","3":"status-publish","4":"format-standard","5":"has-post-thumbnail","7":"category-nantes","8":"tag-actu","9":"tag-actualites","10":"tag-amende","11":"tag-eu","12":"tag-europe","13":"tag-fc-nantes","14":"tag-fil-info","15":"tag-football","16":"tag-fr","17":"tag-france","18":"tag-homophobie","19":"tag-ligue-1","20":"tag-nantes","21":"tag-news","22":"tag-pays-de-la-loire","23":"tag-republique-francaise"},"share_on_mastodon":{"url":"https:\/\/pubeurope.com\/@fr\/114516488582711237","error":""},"_links":{"self":[{"href":"https:\/\/www.europesays.com\/fr\/wp-json\/wp\/v2\/posts\/103946","targetHints":{"allow":["GET"]}}],"collection":[{"href":"https:\/\/www.europesays.com\/fr\/wp-json\/wp\/v2\/posts"}],"about":[{"href":"https:\/\/www.europesays.com\/fr\/wp-json\/wp\/v2\/types\/post"}],"author":[{"embeddable":true,"href":"https:\/\/www.europesays.com\/fr\/wp-json\/wp\/v2\/users\/2"}],"replies":[{"embeddable":true,"href":"https:\/\/www.europesays.com\/fr\/wp-json\/wp\/v2\/comments?post=103946"}],"version-history":[{"count":0,"href":"https:\/\/www.europesays.com\/fr\/wp-json\/wp\/v2\/posts\/103946\/revisions"}],"wp:featuredmedia":[{"embeddable":true,"href":"https:\/\/www.europesays.com\/fr\/wp-json\/wp\/v2\/media\/103947"}],"wp:attachment":[{"href":"https:\/\/www.europesays.com\/fr\/wp-json\/wp\/v2\/media?parent=103946"}],"wp:term":[{"taxonomy":"category","embeddable":true,"href":"https:\/\/www.europesays.com\/fr\/wp-json\/wp\/v2\/categories?post=103946"},{"taxonomy":"post_tag","embeddable":true,"href":"https:\/\/www.europesays.com\/fr\/wp-json\/wp\/v2\/tags?post=103946"}],"curies":[{"name":"wp","href":"https:\/\/api.w.org\/{rel}","templated":true}]}}