{"id":1039524,"date":"2026-07-02T23:19:34","date_gmt":"2026-07-02T23:19:34","guid":{"rendered":"https:\/\/www.europesays.com\/fr\/1039524\/"},"modified":"2026-07-02T23:19:34","modified_gmt":"2026-07-02T23:19:34","slug":"la-profession-dinfirmier-evolue-faire-vivre-cette-reconnaissance-du-leadership-infirmier","status":"publish","type":"post","link":"https:\/\/www.europesays.com\/fr\/1039524\/","title":{"rendered":"La profession d\u2019infirmier \u00e9volue: \u00ab Faire vivre cette\u00a0reconnaissance du leadership infirmier"},"content":{"rendered":"<p>L\u2019Ordre national des infirmiers a 20\u00a0ans. \u00c0 cette occasion, le Conseil r\u00e9gional de l\u2019Ordre des\u00a0infirmiers du Pays de la Loire a organis\u00e9, le mardi 23\u00a0juin 2026 au Comit\u00e9 les Floralies de Nantes, une journ\u00e9e d\u2019\u00e9changes consacr\u00e9e \u00e0 la valorisation de la profession. Cette journ\u00e9e a r\u00e9uni, autour d\u2019Alain Desbouchages, pr\u00e9sident du conseil national de l\u2019Ordre des infirmiers, et\u00a0de Karima Ghezal, pr\u00e9sidente du conseil r\u00e9gional de l\u2019Ordre des infirmiers des Pays de la Loire, des professionnels, repr\u00e9sentants institutionnels et acteurs du soin.<\/p>\n<p>\u00ab\u00a0La reconnaissance du leadership infirmier dans les pratiques\u00a0\u00bb<\/p>\n<p> <strong> Les 20\u00a0ans de l\u2019Ordre ne sont pas seulement l\u2019occasion de regarder le chemin parcouru. Ils\u00a0doivent nous permettre de dire ce que nous voulons construire pour les vingt prochaines ann\u00e9es.\u00a0Les infirmi\u00e8res et les infirmiers sont aujourd\u2019hui reconnus pour leur capacit\u00e9 d\u2019\u00e9valuation, leur\u00a0raisonnement clinique, leur r\u00f4le dans la pr\u00e9vention, la coordination et l\u2019accompagnement des\u00a0parcours. Notre responsabilit\u00e9 collective est d\u00e9sormais de faire pleinement vivre cette\u00a0reconnaissance du leadership infirmier dans les pratiques\u00a0\u00bb,<\/strong> souligne Alain Desbouchages.<\/p>\n<p><strong>LIRE AUSSI.<\/strong>\u00a0<a href=\"https:\/\/labaule.maville.com\/sport\/detail_--l-absence-d-un-locataire-met-en-peril-la-viabilite-du-cabinet-inquietudes-d-infirmieres-en-loire-atlantique-_8-7266135_actu.Htm\" target=\"_blank\" rel=\"nofollow noopener\">\u00ab\u00a0L\u2019absence d\u2019un locataire met en p\u00e9ril la viabilit\u00e9 du cabinet\u00a0\u00bb\u00a0: inqui\u00e9tudes d\u2019infirmi\u00e8res en Loire-Atlantique<\/a><\/p>\n<p>Dans un contexte marqu\u00e9 par le vieillissement de la population, le d\u00e9veloppement des maladies chroniques et les tensions d\u2019acc\u00e8s aux soins, la profession infirmi\u00e8re voit son r\u00f4le \u00e9voluer en profondeur, avec une mont\u00e9e en responsabilit\u00e9 et en autonomie. <strong> La loi du 27\u00a0juin 2025 et ses arr\u00eat\u00e9s d\u2019application encore \u00e0 para\u00eetre marquent \u00e0 cet \u00e9gard une avanc\u00e9e majeure en consacrant notamment la consultation infirmi\u00e8re, le diagnostic infirmier, l\u2019acc\u00e8s direct ou encore la prescription encadr\u00e9e, autant d\u2019\u00e9l\u00e9ments appel\u00e9s \u00e0 transformer concr\u00e8tement les pratiques<\/strong>\u00a0\u00bb, ajoute l\u2019Ordre.<\/p>\n<p>\u00a0<\/p>\n","protected":false},"excerpt":{"rendered":"L\u2019Ordre national des infirmiers a 20\u00a0ans. \u00c0 cette occasion, le Conseil r\u00e9gional de l\u2019Ordre des\u00a0infirmiers du Pays de&hellip;\n","protected":false},"author":2,"featured_media":1039525,"comment_status":"","ping_status":"","sticky":false,"template":"","format":"standard","meta":{"footnotes":"","_share_on_mastodon":"0"},"categories":[2818],"tags":[1111,11,1777,674,31404,4560,1011,27,47553,58512,766,12,2636,39298,15932,2689,25,3681],"class_list":["post-1039524","post","type-post","status-publish","format-standard","has-post-thumbnail","category-nantes","tag-actu","tag-actualites","tag-eu","tag-europe","tag-evolue","tag-faire","tag-fr","tag-france","tag-infirmier","tag-leadership","tag-nantes","tag-news","tag-pays-de-la-loire","tag-pratiques","tag-profession","tag-reconnaissance","tag-republique-francaise","tag-vivre"],"share_on_mastodon":{"url":"https:\/\/pubeurope.com\/@fr\/116852946773366563","error":""},"_links":{"self":[{"href":"https:\/\/www.europesays.com\/fr\/wp-json\/wp\/v2\/posts\/1039524","targetHints":{"allow":["GET"]}}],"collection":[{"href":"https:\/\/www.europesays.com\/fr\/wp-json\/wp\/v2\/posts"}],"about":[{"href":"https:\/\/www.europesays.com\/fr\/wp-json\/wp\/v2\/types\/post"}],"author":[{"embeddable":true,"href":"https:\/\/www.europesays.com\/fr\/wp-json\/wp\/v2\/users\/2"}],"replies":[{"embeddable":true,"href":"https:\/\/www.europesays.com\/fr\/wp-json\/wp\/v2\/comments?post=1039524"}],"version-history":[{"count":0,"href":"https:\/\/www.europesays.com\/fr\/wp-json\/wp\/v2\/posts\/1039524\/revisions"}],"wp:featuredmedia":[{"embeddable":true,"href":"https:\/\/www.europesays.com\/fr\/wp-json\/wp\/v2\/media\/1039525"}],"wp:attachment":[{"href":"https:\/\/www.europesays.com\/fr\/wp-json\/wp\/v2\/media?parent=1039524"}],"wp:term":[{"taxonomy":"category","embeddable":true,"href":"https:\/\/www.europesays.com\/fr\/wp-json\/wp\/v2\/categories?post=1039524"},{"taxonomy":"post_tag","embeddable":true,"href":"https:\/\/www.europesays.com\/fr\/wp-json\/wp\/v2\/tags?post=1039524"}],"curies":[{"name":"wp","href":"https:\/\/api.w.org\/{rel}","templated":true}]}}