{"id":103954,"date":"2025-05-16T08:11:09","date_gmt":"2025-05-16T08:11:09","guid":{"rendered":"https:\/\/www.europesays.com\/fr\/103954\/"},"modified":"2025-05-16T08:11:09","modified_gmt":"2025-05-16T08:11:09","slug":"bureaux-en-guise-de-chambres-professionnels-en-greve-il-y-a-urgence-pour-lenfance-a-toulouse","status":"publish","type":"post","link":"https:\/\/www.europesays.com\/fr\/103954\/","title":{"rendered":"Bureaux en guise de chambres, professionnels en gr\u00e8ve&#8230;\u00a0\u00bbIl y a urgence\u00a0\u00bb pour l&rsquo;enfance \u00e0 Toulouse"},"content":{"rendered":"<p>            Par<br \/>\n        <strong><br \/>\n            <a href=\"https:\/\/actu.fr\/auteur\/mareva-laville-actu-fr\" title=\"Consulter tous les articles de Mar\u00e9va Laville\" target=\"_blank\" rel=\"noopener\">Mar\u00e9va Laville<\/a><br \/>\n        <\/strong><\/p>\n<p>        Publi\u00e9 le<\/p>\n<p>            16 mai 2025 \u00e0 9h59        <\/p>\n<p>Ils crient leur d\u00e9sarroi depuis plusieurs ann\u00e9es. Mais apr\u00e8s avoir tir\u00e9 maintes fois la sonnette d\u2019alarme, le personnel du <strong>Centre d\u00e9partemental de l\u2019enfance et de la famille de Haute-Garonne (CDEF 31)<\/strong> va plus loin. <a href=\"https:\/\/actu.fr\/occitanie\/toulouse_31555\/les-travailleurs-sociaux-maintiennent-la-pression-face-au-conseil-departemental_3671328.html\" target=\"_blank\" rel=\"noopener\">\u00c9ducateurs sp\u00e9cialis\u00e9s<\/a>, auxiliaire de pu\u00e9riculture, \u00e9ducateurs pour jeunes enfants, cadres\u2026 Tous sont appel\u00e9s \u00e0 faire <strong>gr\u00e8ve ce vendredi 16 mai 2025<\/strong> et \u00e0 <strong>manifester \u00e0 11h30 devant leur structure<\/strong> m\u00e8re. Au 425 route de Launaguet \u00e0 Toulouse, ils d\u00e9noncent \u00ab\u2009publiquement les d\u00e9faillances et les manquements de l\u2019aide sociale \u00e0 l\u2019enfance\u2009\u00bb.<\/p>\n<p>    <a href=\"https:\/\/www.google.com\/maps\/embed?pb=!1m18!1m12!1m3!1d8117.186332487656!2d1.4370516126961816!3d43.66666757098102!2m3!1f0!2f0!3f0!3m2!1i1024!2i768!4f13.1!3m3!1m2!1s0x12aea4a18d6efa79%3A0xc981e732451c69ea!2sCDEF%20-%20CENTRE%20DEPARTEMENTAL%20DE%20L%27ENFANCE%20ET%20DE%20LA%20FAMILLE!5e1!3m2!1sfr!2sfr!4v1747322407548!5m2!1sfr!2sfr\" title=\"Ouvrie le lien\" target=\"_blank\" rel=\"noopener\">Cliquez ici pour visualiser le contenu<\/a><\/p>\n<p>Des millions d\u00e9bloqu\u00e9s par le D\u00e9partement pour la protection de l\u2019enfance<\/p>\n<p class=\" wall-content\">Le ton est donn\u00e9. Il est en r\u00e9alit\u00e9 connu depuis longtemps. <strong>\u00ab\u2009Le CDEF est au c\u0153ur de nos pr\u00e9occupations. <\/strong>Le Conseil d\u00e9partemental n\u2019a de cesse d\u2019alerter le gouvernement sur les besoins de la protection de l\u2019enfance\u00a0\u00bb,\u00a0a d\u2019ailleurs soutenu le D\u00e9partement, contact\u00e9 par Actu Toulouse. L\u2019institution avait r\u00e9alis\u00e9 un audit en 2023. \u00ab\u2009Il avait conclu qu\u2019il fallait recentrer le CDEF sur des situations d\u2019urgence. Tout un travail est men\u00e9 pour \u00e7a\u2009\u00bb. Ce, malgr\u00e9 des finances au plus mal.<\/p>\n<p class=\" wall-content\">\u00ab\u2009Depuis des mois,<strong> le D\u00e9partement interpelle, mais reste sans solution<\/strong> comme l\u2019ensemble des d\u00e9partements. Pire, le Gouvernement r\u00e9duit les financements et se d\u00e9sengage, laissant les D\u00e9partements g\u00e9rer seuls la protection de l\u2019enfance\u2009\u00bb, accuse le D\u00e9partement, qui pour autant, assure avoir d\u00e9bloqu\u00e9 des <strong>sommes exceptionnelles<\/strong>. Un million en 2024, pour r\u00e9pondre aux besoins d\u2019enfants en situation de handicap complexe. 300\u2009000\u00a0\u20ac l\u2019an dernier \u00ab\u2009et plusieurs centaines de milliers d\u2019euros chaque ann\u00e9e\u2009\u00bb pour r\u00e9nover et adapter les b\u00e2timents. \u00ab\u2009257\u00a0millions en 2025 pour prot\u00e9ger les enfants, contre 131\u00a0millions en 2015.\u2009\u00bb<\/p>\n<p class=\" wall-content\">Un gros <strong>projet \u00e0 30\u00a0millions d\u2019euros<\/strong> va \u00e9galement se lancer en 2028, pour restructurer le b\u00e2timent, vieux de plus de 50\u00a0ans, situ\u00e9 au nord de <a href=\"https:\/\/actu.fr\/toulouse\/\" target=\"_blank\" rel=\"noopener\">Toulouse<\/a>. Conditions d\u2019accueil et structure seront revues int\u00e9gralement, avait annonc\u00e9 le Pr\u00e9sident du conseil d\u00e9partemental <a href=\"https:\/\/actu.fr\/occitanie\/toulouse_31555\/sebastien-vincini-assume-la-suppression-annoncee-de-500-postes-au-departement-de-la-haute-garonne_62089273.html\" target=\"_blank\" rel=\"noopener\">S\u00e9bastien Vincini lors de ses v\u0153ux de d\u00e9but d\u2019ann\u00e9e 2025<\/a>.<\/p>\n<p>Des professionnels inquiets<\/p>\n<p class=\" wall-content\">Oui, mais du c\u00f4t\u00e9 du personnel, l\u2019inqui\u00e9tude ne s\u2019estompe pas. \u00ab\u2009On nous dit que la premi\u00e8re pierre serait pos\u00e9e en 2028. Mais qui nous dit qu\u2019\u00e0 tout moment, d\u2019ici l\u00e0, on ne r\u00e9trop\u00e9dale pas\u2009? Qu\u2019il n\u2019y aura pas de changement\u2009?\u2009\u00bb, s\u2019interrogent deux <strong>repr\u00e9sentantes du personnel<\/strong> du <strong>syndicat Sud Sant\u00e9 Sociaux<\/strong>, <strong>Astrid Meskini et Fanny Peyronne.<\/strong><\/p>\n<p>Vid\u00e9os : en ce moment sur Actu<\/p>\n<p class=\" wall-content\">Car il reste tout de m\u00eame et au mieux trois ans \u00e0 attendre. Trois ann\u00e9es de plus \u00e0 ajouter aux probl\u00e8mes qui s\u2019accumulent depuis la cr\u00e9ation m\u00eame du foyer d\u2019enfance et \u00ab\u2009depuis les nouveaux dispositifs de 2018\u2009\u00bb. \u00ab\u2009On fait avec les besoins\u2009\u00bb, regrette l\u2019une des syndicalistes.<\/p>\n<p>Des internats pleins, du personnel manquant<\/p>\n<p class=\" wall-content\">Et ils sont cons\u00e9quents. Dans une pouponni\u00e8re pouvant accueillir jusqu\u2019\u00e0 36\u00a0enfants maximum, le service toulousain en compte actuellement 40. \u00ab\u2009Et on en a eu jusqu\u2019\u00e0 44\u00a0ans\u2009\u00bb, s\u2019insurge Astrid Meskini. \u00ab<strong>\u2009Il faudrait une seconde pouponni\u00e8re<\/strong>. On est bient\u00f4t la troisi\u00e8me ville de France\u2009!\u2009\u00bb, s\u2019exclame sa coll\u00e8gue Fanny Peyronne.<\/p>\n<p class=\" wall-content\">Le sch\u00e9ma s\u2019applique \u00e0 peu pr\u00e8s pour tous les internats, o\u00f9 les jeunes sont log\u00e9s et vivent sur place. Les unit\u00e9s sont archi-pleines tandis que les <strong>effectifs de professionnels,<\/strong> eux, tirent la langue. Abattus par des <strong>accidents de travail<\/strong> (pas moins de 120 l\u2019an dernier, selon le syndicat \u00e0 Toulouse), et un turnover trop important.<\/p>\n<blockquote class=\"ac-article-quote wall-content\">\n<p>Sur une unit\u00e9 o\u00f9 il y a 11 enfants, on a parfois qu&rsquo;un ou deux \u00e9ducateurs pour des profils qui sont compliqu\u00e9s. Ce sont des enfants qui auraient besoin d&rsquo;un adulte en service au quotidien. On devrait \u00eatre quasiment un pro pour un enfant.<\/p>\n<p>    <strong>Astrid Meskini et Fanny Peyronne<\/strong><br \/>\n        repr\u00e9sentantes du personnel au syndicat Sud Sant\u00e9 Sociaux    <\/p><\/blockquote>\n<p>\u00ab\u2009Quand tout est plein, on les installe dans des bureaux\u2009\u00bb<\/p>\n<p class=\" wall-content\">C\u2019est encore sans parler des conditions d\u2019accueil que le syndicat Sud Sant\u00e9 Sociaux juge d\u00e9plorables. \u00ab<strong>\u2009Les locaux sont ind\u00e9cents.<\/strong> On retire ces jeunes d\u2019endroits insalubres et on les remet dans des taudis\u2009!\u2009\u00bb En guise d\u2019illustration, dans un communiqu\u00e9, l\u2019organisation syndicalise parle d\u2019une chambre de moins de 6\u00a0m2, d\u2019une toilette et d\u2019<strong>une seule douche<\/strong> pour parfois plus de huit jeunes, de <strong>bureaux faisant office de dortoirs<\/strong>\u2026<\/p>\n<blockquote class=\"ac-article-quote wall-content\">\n<p>Nous, on doit pouvoir accueillir des enfants h24 mais quand tout est plein, on les installe dans des bureaux, des salles de r\u00e9union, sans \u00e9quipe alors que les profils sont de plus en plus complexes.<\/p>\n<p>    <strong>Astrid Meskini et Fanny Peyronne<\/strong><br \/>\n        repr\u00e9sentantes du personnel au syndicat Sud Sant\u00e9 Sociaux    <\/p><\/blockquote>\n<p class=\" wall-content\">Une situation \u00e0 flux tendu qui g\u00e9n\u00e8re, contexte oblige, \u00ab\u2009des choses gravissimes et anormales comme des <strong>agressions<\/strong> et c\u2019est sans parler des <a href=\"https:\/\/actu.fr\/occitanie\/toulouse_31555\/toulouse-un-homme-de-19-ans-soupconne-d-avoir-prostitue-deux-jeunes-femmes-dont-une-mineure_62618620.html\" target=\"_blank\" rel=\"noopener\">probl\u00e8mes de <strong>prostitution<\/strong><\/a> que nous avons sur des villas ext\u00e9rieures [h\u00e9bergements collectifs, ndlr]\u2026\u00bb\u00a0<\/p>\n<p>      <img   decoding=\"async\" loading=\"lazy\" src=\"https:\/\/www.europesays.com\/fr\/wp-content\/uploads\/2025\/05\/cdef31-960x640.jpeg\" alt=\"Le CDEF peut accueillir jusqu'\u00e0 248 enfants. Aujourd'hui, ils en prennent 247 en charge, avec des unit\u00e9s, pour certaines, surcharg\u00e9es. \" width=\"960\" height=\"640\"\/><br \/>\n    Le CDEF peut accueillir jusqu\u2019\u00e0 248\u00a0enfants. Aujourd\u2019hui, ils en prennent 247 en charge, avec des unit\u00e9s, pour certaines, surcharg\u00e9es. (\u00a9Mar\u00e9va Laville \/ Actu Toulouse)Le temporaire devenu permanent<\/p>\n<p class=\" wall-content\">C\u2019est sans compter, non plus, les <strong>b\u00e9b\u00e9s devenus enfants,<\/strong> les <strong>enfants devenus ados<\/strong> et tous les jeunes en situation de handicap qui attendent, encore et toujours, des solutions\u2026 Un b\u00e9b\u00e9 de deux mois qui ne devait rester au foyer d\u2019accueil d\u2019urgence que six mois et a d\u00e9sormais 3\u00a0ans. Un enfant de 4\u00a0ans arriv\u00e9 \u00ab\u2009temporairement\u2009\u00bb \u00e0 la pouponni\u00e8re en attendant d\u2019int\u00e9grer une structure adapt\u00e9e, qui en poss\u00e8de aujourd\u2019hui 7. Un adolescent dormant plus de six mois sur un matelas, par terre, dans un bureau.<\/p>\n<p class=\" wall-content\">\u00ab\u2009Qu\u2019attend le D\u00e9partement pour mettre en s\u00e9curit\u00e9 et accueillir dignement les usagers\u2009? Qu\u2019attend-il pour prot\u00e9ger les agents publics du CDEF 31\u2009? Nous attendons sans tarder la mise en place des recommandations de la commission <a href=\"https:\/\/actu.fr\/societe\/protection-de-l-enfance-relancer-une-commission-d-enquete-est-une-priorite-absolue_61514496.html\" target=\"_blank\" rel=\"noopener\">d\u2019enqu\u00eate parlementaire sur la protection de l\u2019enfance.<\/a> <strong>Il y a urgence<\/strong>.\u2009\u00bb<\/p>\n<p>Des enfants \u00ab\u2009qui ne devraient pas \u00eatre l\u00e0\u2009\u00bb, regrette le D\u00e9partement<\/p>\n<p class=\" wall-content\">De son c\u00f4t\u00e9, le D\u00e9partement assure mesurer la gravit\u00e9 de la situation, qui est nationale. \u00ab\u2009Les probl\u00e9matiques en Haute-Garonne sont les m\u00eames que dans l\u2019ensemble des D\u00e9partements de France\u2009: un <strong>CDEF en suractivit\u00e9<\/strong> car dans l\u2019obligation de prendre en charge des enfants qui devraient en r\u00e9alit\u00e9 relever d\u2019une prise en charge m\u00e9dico-sociale relevant de l\u2019\u00c9tat\u2009\u00bb.<\/p>\n<p class=\" wall-content\">La semaine prochaine, le D\u00e9partement accueillera une mission d\u2019information sur la sant\u00e9 mentale des mineurs de l\u2019Assembl\u00e9e nationale dans la continuit\u00e9 de l\u2019audition \u00e0 l\u2019assembl\u00e9e de la mission Santiago. \u00ab\u2009La Haute-Garonne s\u2019\u00e9tait port\u00e9e volontaire\u2009\u00bb.<\/p>\n<p class=\" wall-content\">Suivez toute l\u2019actualit\u00e9 de vos villes et m\u00e9dias favoris en vous inscrivant \u00e0 <a href=\"https:\/\/moncompte.actu.fr\" title=\"D\u00e9couvez Mon Actu\" rel=\"nofollow noopener\" data-trk=\"{&quot;cta&quot;:{&quot;action&quot;:&quot;https:\\\/\\\/moncompte.actu.fr&quot;,&quot;category&quot;:&quot;mon compte&quot;,&quot;from&quot;:&quot;article footer&quot;,&quot;name&quot;:&quot;Mon actu&quot;,&quot;type&quot;:&quot;cta&quot;}}\" target=\"_blank\">Mon Actu<\/a>.<\/p>\n","protected":false},"excerpt":{"rendered":"Par Mar\u00e9va Laville Publi\u00e9 le 16 mai 2025 \u00e0 9h59 Ils crient leur d\u00e9sarroi depuis plusieurs ann\u00e9es. Mais&hellip;\n","protected":false},"author":2,"featured_media":103955,"comment_status":"","ping_status":"","sticky":false,"template":"","format":"standard","meta":{"footnotes":""},"categories":[2816],"tags":[1111,11,1777,674,1011,27,6151,1272,12,2680,10585,25,104,2312],"class_list":{"0":"post-103954","1":"post","2":"type-post","3":"status-publish","4":"format-standard","5":"has-post-thumbnail","7":"category-toulouse","8":"tag-actu","9":"tag-actualites","10":"tag-eu","11":"tag-europe","12":"tag-fr","13":"tag-france","14":"tag-greve","15":"tag-manifestations","16":"tag-news","17":"tag-occitanie","18":"tag-petite-enfance","19":"tag-republique-francaise","20":"tag-societe","21":"tag-toulouse"},"share_on_mastodon":{"url":"https:\/\/pubeurope.com\/@fr\/114516504299158082","error":""},"_links":{"self":[{"href":"https:\/\/www.europesays.com\/fr\/wp-json\/wp\/v2\/posts\/103954","targetHints":{"allow":["GET"]}}],"collection":[{"href":"https:\/\/www.europesays.com\/fr\/wp-json\/wp\/v2\/posts"}],"about":[{"href":"https:\/\/www.europesays.com\/fr\/wp-json\/wp\/v2\/types\/post"}],"author":[{"embeddable":true,"href":"https:\/\/www.europesays.com\/fr\/wp-json\/wp\/v2\/users\/2"}],"replies":[{"embeddable":true,"href":"https:\/\/www.europesays.com\/fr\/wp-json\/wp\/v2\/comments?post=103954"}],"version-history":[{"count":0,"href":"https:\/\/www.europesays.com\/fr\/wp-json\/wp\/v2\/posts\/103954\/revisions"}],"wp:featuredmedia":[{"embeddable":true,"href":"https:\/\/www.europesays.com\/fr\/wp-json\/wp\/v2\/media\/103955"}],"wp:attachment":[{"href":"https:\/\/www.europesays.com\/fr\/wp-json\/wp\/v2\/media?parent=103954"}],"wp:term":[{"taxonomy":"category","embeddable":true,"href":"https:\/\/www.europesays.com\/fr\/wp-json\/wp\/v2\/categories?post=103954"},{"taxonomy":"post_tag","embeddable":true,"href":"https:\/\/www.europesays.com\/fr\/wp-json\/wp\/v2\/tags?post=103954"}],"curies":[{"name":"wp","href":"https:\/\/api.w.org\/{rel}","templated":true}]}}