{"id":1039544,"date":"2026-07-02T23:32:22","date_gmt":"2026-07-02T23:32:22","guid":{"rendered":"https:\/\/www.europesays.com\/fr\/1039544\/"},"modified":"2026-07-02T23:32:22","modified_gmt":"2026-07-02T23:32:22","slug":"andre-manoukian-de-lyon-aux-etats-unis-quelles-etudes-a-t-il-suivies","status":"publish","type":"post","link":"https:\/\/www.europesays.com\/fr\/1039544\/","title":{"rendered":"Andr\u00e9 Manoukian : de Lyon aux \u00c9tats-Unis, quelles \u00e9tudes a-t-il suivies ?"},"content":{"rendered":"<p>                                    <img decoding=\"async\" src=\"https:\/\/www.europesays.com\/fr\/wp-content\/uploads\/2026\/07\/d1e98b9389968ee999244141048bc5774f1814c7c4995ed2aed9c0ba85d0a15b.jpg\" alt=\"Ce jeudi 2 juillet dans Gala N\u00b01725, d\u00e9couvrez le sommaire en vid\u00e9o\" class=\"a11y-hidden\" fetchpriority=\"high\"\/><\/p>\n<p class=\"fig-standfirst\">\n    \u00c0 l\u2019occasion de la diffusion, ce jeudi 2 juillet sur France 2, du Grand \u00e9chiquier, copr\u00e9sent\u00e9 par Andr\u00e9 Manoukian, d\u00e9couvrez le parcours du chanteur et compositeur, qui n\u2019a pas tout de suite pu se consacrer \u00e0 la musique\u00a0: son v\u00e9ritable amour.<\/p>\n<p class=\"fig-paragraph\">Ce jeudi 2 juillet, Andr\u00e9 Manoukian sera r\u00e9uni sur un m\u00eame plateau avec Claire Chazal pour pr\u00e9senter Le Grand \u00e9chiquier, sur France 2. \u00c0 cette occasion, d\u00e9couvrez-en plus sur le parcours de\u00a0<a href=\"http:\/\/www.gala.fr\/l_actu\/news_de_stars\/andre-manoukian-ses-origines-sa-discrete-femme-stephanie-ses-3-enfants-sa-celebre-ex-que-sait-on-de-sa-vie-privee-20251009\" data-fig-type=\"Article\" data-gtm-custom-categorie=\"navigation\" data-gtm-custom-action=\"crossclick\" data-gtm-custom-label=\"Contextuel\" data-gtm-event=\"customEventSPE\" data-fig-domain=\"GALA\" rel=\"nofollow noopener\" target=\"_blank\">l\u2019auteur-compositeur de 69 ans<\/a>. Avant de faire carri\u00e8re dans l\u2019industrie du disque, et notamment de devenir\u00a0<a href=\"https:\/\/www.gala.fr\/l_actu\/news_de_stars\/andre-manoukian-cash-sur-ses-annees-dans-le-jury-de-nouvelle-star-nous-nous-sommes-choques-nous-memes_544588\" data-fig-type=\"Article\" data-gtm-custom-categorie=\"navigation\" data-gtm-custom-action=\"crossclick\" data-gtm-custom-label=\"Contextuel\" data-gtm-event=\"customEventSPE\" data-fig-domain=\"GALA\" rel=\"nofollow noopener\" target=\"_blank\">jur\u00e9 de La Nouvelle Star en 2003,\u00a0<\/a>il a tent\u00e9 d\u2019emprunter une voie professionnelle totalement diff\u00e9rente.\u00a0<a href=\"http:\/\/www.gala.fr\/l_actu\/news_de_stars\/originaire-de-lyon-andre-manoukian-devoile-son-candidat-prefere-pour-les-municipales-ma-famille-m-a-engueule-mais-20260306\" data-fig-type=\"Article\" data-gtm-custom-categorie=\"navigation\" data-gtm-custom-action=\"crossclick\" data-gtm-custom-label=\"Contextuel\" data-gtm-event=\"customEventSPE\" data-fig-domain=\"GALA\" rel=\"nofollow noopener\" target=\"_blank\">N\u00e9 \u00e0 Lyon,<\/a>\u00a0de parents arm\u00e9niens, le papa de Julie,\u00a0<a href=\"https:\/\/www.gala.fr\/l_actu\/news_de_stars\/video-andre-manoukian-comment-sa-notoriete-complique-sa-relation-avec-ses-fils-anton-et-aris-ils-ont-honte-de-moi_422023\" data-fig-type=\"Article\" data-gtm-custom-categorie=\"navigation\" data-gtm-custom-action=\"crossclick\" data-gtm-custom-label=\"Contextuel\" data-gtm-event=\"customEventSPE\" data-fig-domain=\"GALA\" rel=\"nofollow noopener\" target=\"_blank\">Anton et Aris\u00a0<\/a>a d\u2019abord \u00e9t\u00e9 scolaris\u00e9 au coll\u00e8ge et lyc\u00e9e Amp\u00e8re de la ville, o\u00f9 il passe un baccalaur\u00e9at C (l\u2019\u00e9quivalent aujourd\u2019hui d\u2019un baccalaur\u00e9at scientifique).<\/p>\n<p class=\"fig-paragraph\">D\u00e8s enfant, Andr\u00e9 Manoukian est attir\u00e9 par la musique. Son p\u00e8re est d\u2019ailleurs pianiste \u00e0 ses heures perdues, \u00e0 c\u00f4t\u00e9 de son m\u00e9tier officiel de tailleur. C\u2019est \u00e0 six ans seulement qu\u2019il apprend donc \u00e0 son tour \u00e0 jouer de cet instrument. \u00c0 l\u2019adolescence, il se r\u00eave d\u00e9j\u00e0 chef d\u2019orchestre, mais le sens du devoir le rattrape. Pour faire plaisir \u00e0 son p\u00e8re, une fois son dipl\u00f4me de lyc\u00e9en en poche, il s\u2019inscrit \u00e0 la fac de m\u00e9decine. Mais la r\u00e9alit\u00e9 est plus forte\u00a0: cette voie compliqu\u00e9e n\u2019est pas faite pour lui. Il interrompt ses \u00e9tudes apr\u00e8s quelques mois seulement de cours et n\u2019ira pas au-del\u00e0 de la premi\u00e8re ann\u00e9e d\u2019universit\u00e9. Parce qu\u2019il faut bien travailler, Andr\u00e9 Manoukian est embauch\u00e9 un temps dans une banque. Puis, l\u2019amour de la musique \u00e9tant toujours au centre de sa vie, il devient d\u00e9monstrateur de synth\u00e9tiseurs et d\u2019orgues dans des supermarch\u00e9s.<\/p>\n<p>                                                <a class=\"fig-a11y-skip\" href=\"#fig-a11y-skip-main-inarticle\" is=\"fig-a11y-skip\" data-trigger-mode=\"visible-once\"><br \/>\n    Passer la publicit\u00e9<br \/>\n<\/a>            <\/p>\n<p>                                                Andr\u00e9 Manoukian\u00a0: son s\u00e9jour aux \u00c9tats-Unis pour fuir la tristesse<\/p>\n<p class=\"fig-paragraph\">En 1977, \u00e0 l\u2019\u00e2ge de 20 ans, le futur chanteur abandonne la France apr\u00e8s une peine de c\u0153ur. Histoire de prendre une v\u00e9ritable distance avec cette d\u00e9ception amoureuse, il choisit de poser ses valises aux \u00c9tats-Unis et plus particuli\u00e8rement \u00e0 Boston. C\u2019est l\u00e0 qu\u2019il reprend ses \u00e9tudes, cette fois dans un secteur qui l\u2019int\u00e9resse vraiment, au sein du Berklee College of Music. Andr\u00e9 Manoukian y apprend notamment le jazz. De quoi lui permettre, une fois en France (il revient sur ses terres natales, \u00e0 Lyon), de cr\u00e9er un premier big band avec le trompettiste Pierre Drevet. D\u00e8s les ann\u00e9es 1980, il travaille en tant que compositeur et arrangeur pour de nombreux artistes,\u00a0<a href=\"http:\/\/www.gala.fr\/l_actu\/news_de_stars\/liane-foly-revient-sur-les-debuts-de-son-histoire-d-amour-avec-andre-manoukian-il-etait-le-mec-de-20260423\" data-fig-type=\"Article\" data-gtm-custom-categorie=\"navigation\" data-gtm-custom-action=\"crossclick\" data-gtm-custom-label=\"Contextuel\" data-gtm-event=\"customEventSPE\" data-fig-domain=\"GALA\" rel=\"nofollow noopener\" target=\"_blank\">dont Liane Foly, son ex-compagne,<\/a>\u00a0mais aussi Michel Petrucciani, Janet Jackson, Gilbert B\u00e9caud ou encore Dick Rivers et Charles Aznavour.<\/p>\n<p class=\"fig-paragraph\">Article \u00e9crit avec la collaboration de 6Medias<\/p>\n","protected":false},"excerpt":{"rendered":"\u00c0 l\u2019occasion de la diffusion, ce jeudi 2 juillet sur France 2, du Grand \u00e9chiquier, copr\u00e9sent\u00e9 par Andr\u00e9&hellip;\n","protected":false},"author":2,"featured_media":1039545,"comment_status":"","ping_status":"","sticky":false,"template":"","format":"standard","meta":{"footnotes":"","_share_on_mastodon":"0"},"categories":[1889],"tags":[1111,11,51013,2430,1283,1777,674,1011,27,108184,2428,12,12618,25,20020],"class_list":["post-1039544","post","type-post","status-publish","format-standard","has-post-thumbnail","category-lyon","tag-actu","tag-actualites","tag-andre-manoukian","tag-auvergne-rhone-alpes","tag-etudes","tag-eu","tag-europe","tag-fr","tag-france","tag-le-grand-echiquier","tag-lyon","tag-news","tag-parcours","tag-republique-francaise","tag-scolarite"],"share_on_mastodon":{"url":"https:\/\/pubeurope.com\/@fr\/116852999162226779","error":""},"_links":{"self":[{"href":"https:\/\/www.europesays.com\/fr\/wp-json\/wp\/v2\/posts\/1039544","targetHints":{"allow":["GET"]}}],"collection":[{"href":"https:\/\/www.europesays.com\/fr\/wp-json\/wp\/v2\/posts"}],"about":[{"href":"https:\/\/www.europesays.com\/fr\/wp-json\/wp\/v2\/types\/post"}],"author":[{"embeddable":true,"href":"https:\/\/www.europesays.com\/fr\/wp-json\/wp\/v2\/users\/2"}],"replies":[{"embeddable":true,"href":"https:\/\/www.europesays.com\/fr\/wp-json\/wp\/v2\/comments?post=1039544"}],"version-history":[{"count":0,"href":"https:\/\/www.europesays.com\/fr\/wp-json\/wp\/v2\/posts\/1039544\/revisions"}],"wp:featuredmedia":[{"embeddable":true,"href":"https:\/\/www.europesays.com\/fr\/wp-json\/wp\/v2\/media\/1039545"}],"wp:attachment":[{"href":"https:\/\/www.europesays.com\/fr\/wp-json\/wp\/v2\/media?parent=1039544"}],"wp:term":[{"taxonomy":"category","embeddable":true,"href":"https:\/\/www.europesays.com\/fr\/wp-json\/wp\/v2\/categories?post=1039544"},{"taxonomy":"post_tag","embeddable":true,"href":"https:\/\/www.europesays.com\/fr\/wp-json\/wp\/v2\/tags?post=1039544"}],"curies":[{"name":"wp","href":"https:\/\/api.w.org\/{rel}","templated":true}]}}