{"id":103956,"date":"2025-05-16T08:12:12","date_gmt":"2025-05-16T08:12:12","guid":{"rendered":"https:\/\/www.europesays.com\/fr\/103956\/"},"modified":"2025-05-16T08:12:12","modified_gmt":"2025-05-16T08:12:12","slug":"de-gros-bouchons-pres-de-lille-ce-vendredi-matin","status":"publish","type":"post","link":"https:\/\/www.europesays.com\/fr\/103956\/","title":{"rendered":"de gros bouchons pr\u00e8s de Lille ce vendredi matin"},"content":{"rendered":"<p>            Par<br \/>\n        <strong><br \/>\n            <a href=\"https:\/\/actu.fr\/auteur\/raphael-mahlmann\" title=\"Consulter tous les articles de Rapha\u00ebl Mahlmann\" target=\"_blank\" rel=\"noopener\">Rapha\u00ebl Mahlmann<\/a><br \/>\n        <\/strong><\/p>\n<p>        Publi\u00e9 le<\/p>\n<p>            16 mai 2025 \u00e0 9h02        <\/p>\n<p>Des <a href=\"https:\/\/actu.fr\/hauts-de-france\/loos_59360\/accident-sur-la25-a-loos-de-gros-bouchons-pres-de-lille-ce-mercredi_62636498.html\" target=\"_blank\" rel=\"noopener\">bouchons <\/a>sur pr\u00e8s de Lille (Nord) ce vendredi matin. Un accident s\u2019est produit sur l\u2019autoroute A25 (PR 1+ 500) dans le sens Lille\/Dunkerque. Un poids-lourd et deux voitures sont en cause, pr\u00e9cise la Cellule de vigilance routi\u00e8re du Nord. L\u2019accident a eu lieu sur le boulevard p\u00e9riph\u00e9rique sud de l\u2019autoroute. La voie centrale a \u00e9t\u00e9 lib\u00e9r\u00e9e.\u00a0<\/p>\n<p>Des bouchons sur l\u2019A1 et la RN356<\/p>\n<p class=\" wall-content\">Le tronc commun de l\u2019<a href=\"https:\/\/actu.fr\/hauts-de-france\/seclin_59560\/autoroute-a1-un-accident-entre-deux-poids-lourds-cree-un-enorme-bouchon-a-la-sortie-de-lille_62638278.html\" target=\"_blank\" rel=\"noopener\">A1 <\/a>et l\u2019A1 \u00e0 partir de Libercourt est concern\u00e9 avec 17km de bouchons. La RN356 (voie rapide urbaine) d\u00e8s Wasquehal est \u00e9galement touch\u00e9e avec 7km de bouchons.<\/p>\n<p class=\" wall-content\">Suivez toute l\u2019actualit\u00e9 de vos villes et m\u00e9dias favoris en vous inscrivant \u00e0 <a href=\"https:\/\/moncompte.actu.fr\" title=\"D\u00e9couvez Mon Actu\" rel=\"nofollow noopener\" data-trk=\"{&quot;cta&quot;:{&quot;action&quot;:&quot;https:\\\/\\\/moncompte.actu.fr&quot;,&quot;category&quot;:&quot;mon compte&quot;,&quot;from&quot;:&quot;article footer&quot;,&quot;name&quot;:&quot;Mon actu&quot;,&quot;type&quot;:&quot;cta&quot;}}\" target=\"_blank\">Mon Actu<\/a>.<\/p>\n","protected":false},"excerpt":{"rendered":"Par Rapha\u00ebl Mahlmann Publi\u00e9 le 16 mai 2025 \u00e0 9h02 Des bouchons sur pr\u00e8s de Lille (Nord) ce&hellip;\n","protected":false},"author":2,"featured_media":103957,"comment_status":"","ping_status":"","sticky":false,"template":"","format":"standard","meta":{"footnotes":""},"categories":[2815],"tags":[119,1111,11,1777,674,1011,27,811,803,1307,12,25,104],"class_list":{"0":"post-103956","1":"post","2":"type-post","3":"status-publish","4":"format-standard","5":"has-post-thumbnail","7":"category-lille","8":"tag-accident","9":"tag-actu","10":"tag-actualites","11":"tag-eu","12":"tag-europe","13":"tag-fr","14":"tag-france","15":"tag-hauts-de-france","16":"tag-info-trafic","17":"tag-lille","18":"tag-news","19":"tag-republique-francaise","20":"tag-societe"},"share_on_mastodon":{"url":"https:\/\/pubeurope.com\/@fr\/114516508252692823","error":""},"_links":{"self":[{"href":"https:\/\/www.europesays.com\/fr\/wp-json\/wp\/v2\/posts\/103956","targetHints":{"allow":["GET"]}}],"collection":[{"href":"https:\/\/www.europesays.com\/fr\/wp-json\/wp\/v2\/posts"}],"about":[{"href":"https:\/\/www.europesays.com\/fr\/wp-json\/wp\/v2\/types\/post"}],"author":[{"embeddable":true,"href":"https:\/\/www.europesays.com\/fr\/wp-json\/wp\/v2\/users\/2"}],"replies":[{"embeddable":true,"href":"https:\/\/www.europesays.com\/fr\/wp-json\/wp\/v2\/comments?post=103956"}],"version-history":[{"count":0,"href":"https:\/\/www.europesays.com\/fr\/wp-json\/wp\/v2\/posts\/103956\/revisions"}],"wp:featuredmedia":[{"embeddable":true,"href":"https:\/\/www.europesays.com\/fr\/wp-json\/wp\/v2\/media\/103957"}],"wp:attachment":[{"href":"https:\/\/www.europesays.com\/fr\/wp-json\/wp\/v2\/media?parent=103956"}],"wp:term":[{"taxonomy":"category","embeddable":true,"href":"https:\/\/www.europesays.com\/fr\/wp-json\/wp\/v2\/categories?post=103956"},{"taxonomy":"post_tag","embeddable":true,"href":"https:\/\/www.europesays.com\/fr\/wp-json\/wp\/v2\/tags?post=103956"}],"curies":[{"name":"wp","href":"https:\/\/api.w.org\/{rel}","templated":true}]}}