{"id":103960,"date":"2025-05-16T08:14:08","date_gmt":"2025-05-16T08:14:08","guid":{"rendered":"https:\/\/www.europesays.com\/fr\/103960\/"},"modified":"2025-05-16T08:14:08","modified_gmt":"2025-05-16T08:14:08","slug":"europol-lance-la-traque-des-tueurs-a-gage-mineurs","status":"publish","type":"post","link":"https:\/\/www.europesays.com\/fr\/103960\/","title":{"rendered":"Europol lance la traque des tueurs \u00e0 gage mineurs"},"content":{"rendered":"<p>Europol a d\u00e9clench\u00e9 une vaste op\u00e9ration, rapporte <a href=\"https:\/\/france3-regions.franceinfo.fr\/provence-alpes-cote-d-azur\/bouches-du-rhone\/marseille\/trafic-de-drogue-europol-traque-les-tres-jeunes-tueurs-a-gage-recrutes-par-les-reseaux-criminels-3154697.html\" target=\"_blank\" rel=\"noopener\">le site de France 3 Alpes-C\u00f4te d&rsquo;Azur<\/a>, visant \u00e0 traquer les jeunes tueurs \u00e0 gage qui, selon l&rsquo;agence europ\u00e9enne de police criminelle, sont de plus en plus la cible des organisations criminelles qui n&rsquo;h\u00e9sitent pas \u00e0 les recruter de plus en plus t\u00f4t en \u00e2ge.<\/p>\n<p>Ces tr\u00e8s jeunes criminels, toujours selon la m\u00eame source, n&rsquo;auraient parfois pas plus de 12 \u00e0 13 ans. Des jeunes qui sont cens\u00e9s \u00eatre au coll\u00e8ge, au niveau de la 5e ou de la 4e et qui n&rsquo;h\u00e9site pas \u00e0 jouer de la g\u00e2chette et tuer pour de l&rsquo;argent.<\/p>\n","protected":false},"excerpt":{"rendered":"Europol a d\u00e9clench\u00e9 une vaste op\u00e9ration, rapporte le site de France 3 Alpes-C\u00f4te d&rsquo;Azur, visant \u00e0 traquer les&hellip;\n","protected":false},"author":2,"featured_media":103961,"comment_status":"","ping_status":"","sticky":false,"template":"","format":"standard","meta":{"footnotes":""},"categories":[2814],"tags":[17,1111,11,6744,9698,2837,1777,674,14230,274,1011,27,9447,884,12,882,25,9699],"class_list":{"0":"post-103960","1":"post","2":"type-post","3":"status-publish","4":"format-standard","5":"has-post-thumbnail","7":"category-marseille","8":"tag-17","9":"tag-actu","10":"tag-actualites","11":"tag-assassinat","12":"tag-chauffeur","13":"tag-dun","14":"tag-eu","15":"tag-europe","16":"tag-europol","17":"tag-faits-divers-justice","18":"tag-fr","19":"tag-france","20":"tag-lance","21":"tag-marseille","22":"tag-news","23":"tag-provence-alpes-cote-dazur","24":"tag-republique-francaise","25":"tag-vtc"},"share_on_mastodon":{"url":"https:\/\/pubeurope.com\/@fr\/114516516173206015","error":""},"_links":{"self":[{"href":"https:\/\/www.europesays.com\/fr\/wp-json\/wp\/v2\/posts\/103960","targetHints":{"allow":["GET"]}}],"collection":[{"href":"https:\/\/www.europesays.com\/fr\/wp-json\/wp\/v2\/posts"}],"about":[{"href":"https:\/\/www.europesays.com\/fr\/wp-json\/wp\/v2\/types\/post"}],"author":[{"embeddable":true,"href":"https:\/\/www.europesays.com\/fr\/wp-json\/wp\/v2\/users\/2"}],"replies":[{"embeddable":true,"href":"https:\/\/www.europesays.com\/fr\/wp-json\/wp\/v2\/comments?post=103960"}],"version-history":[{"count":0,"href":"https:\/\/www.europesays.com\/fr\/wp-json\/wp\/v2\/posts\/103960\/revisions"}],"wp:featuredmedia":[{"embeddable":true,"href":"https:\/\/www.europesays.com\/fr\/wp-json\/wp\/v2\/media\/103961"}],"wp:attachment":[{"href":"https:\/\/www.europesays.com\/fr\/wp-json\/wp\/v2\/media?parent=103960"}],"wp:term":[{"taxonomy":"category","embeddable":true,"href":"https:\/\/www.europesays.com\/fr\/wp-json\/wp\/v2\/categories?post=103960"},{"taxonomy":"post_tag","embeddable":true,"href":"https:\/\/www.europesays.com\/fr\/wp-json\/wp\/v2\/tags?post=103960"}],"curies":[{"name":"wp","href":"https:\/\/api.w.org\/{rel}","templated":true}]}}