{"id":1039616,"date":"2026-07-03T00:17:18","date_gmt":"2026-07-03T00:17:18","guid":{"rendered":"https:\/\/www.europesays.com\/fr\/1039616\/"},"modified":"2026-07-03T00:17:18","modified_gmt":"2026-07-03T00:17:18","slug":"neuves-maisons-michel-hildenbrand-91-ans-gardien-de-la-memoire-locale","status":"publish","type":"post","link":"https:\/\/www.europesays.com\/fr\/1039616\/","title":{"rendered":"Neuves-Maisons. Michel Hildenbrand, 91 ans, gardien de la m\u00e9moire locale"},"content":{"rendered":"<p>\u00c0 91 ans, Michel Hildenbrand est devenu l\u2019une des ressources les plus pr\u00e9cieuses de la com\u00e9die musicale D\u2019hier \u00e0 aujourd\u2019hui.<\/p>\n<p>Ancien sid\u00e9rurgiste, il consacre depuis toujours une v\u00e9ritable passion \u00e0 la photographie, avec un sujet de pr\u00e9dilection\u00a0: Neuves-Maisons et son histoire. Tr\u00e8s jeune, il ach\u00e8te son premier appareil photo. D\u00e8s lors, il immortalise la ville sous tous ses angles\u00a0: l\u2019usine,&#8230;<\/p>\n","protected":false},"excerpt":{"rendered":"\u00c0 91 ans, Michel Hildenbrand est devenu l\u2019une des ressources les plus pr\u00e9cieuses de la com\u00e9die musicale D\u2019hier&hellip;\n","protected":false},"author":2,"featured_media":1039617,"comment_status":"","ping_status":"","sticky":false,"template":"","format":"standard","meta":{"footnotes":"","_share_on_mastodon":"0"},"categories":[9635],"tags":[1111,11,9848,1687,1704,1777,674,1011,27,775,1702,9847,12,2661,25],"class_list":["post-1039616","post","type-post","status-publish","format-standard","has-post-thumbnail","category-nancy","tag-actu","tag-actualites","tag-cc-moselle-et-madon-54b","tag-culture-loisirs","tag-edition-nancy-et-agglomeration","tag-eu","tag-europe","tag-fr","tag-france","tag-grand-est","tag-nancy","tag-neuves-maisons","tag-news","tag-patrimoine-culturel","tag-republique-francaise"],"share_on_mastodon":{"url":"","error":""},"_links":{"self":[{"href":"https:\/\/www.europesays.com\/fr\/wp-json\/wp\/v2\/posts\/1039616","targetHints":{"allow":["GET"]}}],"collection":[{"href":"https:\/\/www.europesays.com\/fr\/wp-json\/wp\/v2\/posts"}],"about":[{"href":"https:\/\/www.europesays.com\/fr\/wp-json\/wp\/v2\/types\/post"}],"author":[{"embeddable":true,"href":"https:\/\/www.europesays.com\/fr\/wp-json\/wp\/v2\/users\/2"}],"replies":[{"embeddable":true,"href":"https:\/\/www.europesays.com\/fr\/wp-json\/wp\/v2\/comments?post=1039616"}],"version-history":[{"count":0,"href":"https:\/\/www.europesays.com\/fr\/wp-json\/wp\/v2\/posts\/1039616\/revisions"}],"wp:featuredmedia":[{"embeddable":true,"href":"https:\/\/www.europesays.com\/fr\/wp-json\/wp\/v2\/media\/1039617"}],"wp:attachment":[{"href":"https:\/\/www.europesays.com\/fr\/wp-json\/wp\/v2\/media?parent=1039616"}],"wp:term":[{"taxonomy":"category","embeddable":true,"href":"https:\/\/www.europesays.com\/fr\/wp-json\/wp\/v2\/categories?post=1039616"},{"taxonomy":"post_tag","embeddable":true,"href":"https:\/\/www.europesays.com\/fr\/wp-json\/wp\/v2\/tags?post=1039616"}],"curies":[{"name":"wp","href":"https:\/\/api.w.org\/{rel}","templated":true}]}}