{"id":103962,"date":"2025-05-16T08:15:08","date_gmt":"2025-05-16T08:15:08","guid":{"rendered":"https:\/\/www.europesays.com\/fr\/103962\/"},"modified":"2025-05-16T08:15:08","modified_gmt":"2025-05-16T08:15:08","slug":"marseille-il-escalade-la-facade-de-son-immeuble-et-fait-une-chute-mortelle","status":"publish","type":"post","link":"https:\/\/www.europesays.com\/fr\/103962\/","title":{"rendered":"Marseille. Il escalade la fa\u00e7ade de son immeuble et fait une chute mortelle"},"content":{"rendered":"<p>            Par<br \/>\n        <strong><br \/>\n            <a href=\"https:\/\/actu.fr\/auteur\/fabien-binacchi\" title=\"Consulter tous les articles de Fabien Binacchi\" target=\"_blank\" rel=\"noopener\">Fabien Binacchi<\/a><br \/>\n        <\/strong><\/p>\n<p>        Publi\u00e9 le<\/p>\n<p>            16 mai 2025 \u00e0 10h00        <\/p>\n<p>Il s\u2019agirait d\u2019un malheureux et tragique accident.<\/p>\n<p class=\" wall-content\">En d\u00e9but de soir\u00e9e ce vendredi 16\u00a0mai 2025, un homme de 57\u00a0ans a fait une chute mortelle <strong>depuis la fa\u00e7ade de son immeuble,<\/strong> dans le 1er arrondissement de <a href=\"https:\/\/actu.fr\/marseille\/\" target=\"_blank\" rel=\"noopener\">Marseille<\/a>, apprend actu Marseille des marins-pompiers, confirmant une information de <a href=\"https:\/\/www.laprovence.com\/article\/faits-divers-justice\/3241056799780714\/marseille-un-homme-se-tue-en-chutant-de-la-facade-quil-escaladait\" target=\"_blank\" rel=\"noopener\">La Provence.<\/a><\/p>\n<p class=\" wall-content\">Selon nos confr\u00e8res, le quinquag\u00e9naire aurait entrepris d\u2019escalader le b\u00e2timent <strong>pour<\/strong> <strong>acc\u00e9der \u00e0 son propre logement dont il avait oubli\u00e9 les cl\u00e9s.<\/strong><\/p>\n<p>Entre le 2e et le 3e \u00e9tage<\/p>\n<p class=\" wall-content\">Les marins-pompiers sont intervenus sur les coups de 20h au pied d\u2019un immeuble situ\u00e9 sur la <strong>rue de la Grande arm\u00e9e, pr\u00e8s de la gare Saint-Charles.<\/strong><\/p>\n<p class=\" wall-content\">Ils ont \u00e9t\u00e9 appel\u00e9s pour un homme \u00ab\u2009ayant fait une <strong>chute sup\u00e9rieure \u00e0 3m<\/strong>\u2009\u00bb et qui a malheureusement \u00ab\u2009\u00e9t\u00e9 d\u00e9clar\u00e9 mort par le m\u00e9decin\u2009\u00bb, ont-ils pr\u00e9cis\u00e9 \u00e0 actu Marseille. Le quinquag\u00e9naire aurait bascul\u00e9 entre le deuxi\u00e8me et le troisi\u00e8me \u00e9tage.<\/p>\n<p>Vid\u00e9os : en ce moment sur ActuLa piste accidentelle privil\u00e9gi\u00e9e<\/p>\n<p class=\" wall-content\">Les circonstances de son d\u00e9c\u00e8s ne sont pas encore clairement \u00e9tablies. Mais, selon La Provence, la piste accidentelle est vraisemblablement privil\u00e9gi\u00e9e.<\/p>\n<p class=\" wall-content\">L\u2019homme aurait effectivement essay\u00e9 d\u2019acc\u00e9der \u00e0 son logement en escaladant la fa\u00e7ade. Potentiellement <strong>sur fond de soir\u00e9e alcoolis\u00e9e.<\/strong> Une enqu\u00eate est ouverte.<\/p>\n<p class=\" wall-content\">Suivez toute l\u2019actualit\u00e9 de vos villes et m\u00e9dias favoris en vous inscrivant \u00e0 <a href=\"https:\/\/moncompte.actu.fr\" title=\"D\u00e9couvez Mon Actu\" rel=\"nofollow noopener\" data-trk=\"{&quot;cta&quot;:{&quot;action&quot;:&quot;https:\\\/\\\/moncompte.actu.fr&quot;,&quot;category&quot;:&quot;mon compte&quot;,&quot;from&quot;:&quot;article footer&quot;,&quot;name&quot;:&quot;Mon actu&quot;,&quot;type&quot;:&quot;cta&quot;}}\" target=\"_blank\">Mon Actu<\/a>.<\/p>\n","protected":false},"excerpt":{"rendered":"Par Fabien Binacchi Publi\u00e9 le 16 mai 2025 \u00e0 10h00 Il s\u2019agirait d\u2019un malheureux et tragique accident. En&hellip;\n","protected":false},"author":2,"featured_media":98614,"comment_status":"","ping_status":"","sticky":false,"template":"","format":"standard","meta":{"footnotes":""},"categories":[2814],"tags":[1111,11,1777,674,118,1011,27,17289,884,12,882,25],"class_list":{"0":"post-103962","1":"post","2":"type-post","3":"status-publish","4":"format-standard","5":"has-post-thumbnail","7":"category-marseille","8":"tag-actu","9":"tag-actualites","10":"tag-eu","11":"tag-europe","12":"tag-faits-divers","13":"tag-fr","14":"tag-france","15":"tag-marin-pompier","16":"tag-marseille","17":"tag-news","18":"tag-provence-alpes-cote-dazur","19":"tag-republique-francaise"},"share_on_mastodon":{"url":"https:\/\/pubeurope.com\/@fr\/114516520125255367","error":""},"_links":{"self":[{"href":"https:\/\/www.europesays.com\/fr\/wp-json\/wp\/v2\/posts\/103962","targetHints":{"allow":["GET"]}}],"collection":[{"href":"https:\/\/www.europesays.com\/fr\/wp-json\/wp\/v2\/posts"}],"about":[{"href":"https:\/\/www.europesays.com\/fr\/wp-json\/wp\/v2\/types\/post"}],"author":[{"embeddable":true,"href":"https:\/\/www.europesays.com\/fr\/wp-json\/wp\/v2\/users\/2"}],"replies":[{"embeddable":true,"href":"https:\/\/www.europesays.com\/fr\/wp-json\/wp\/v2\/comments?post=103962"}],"version-history":[{"count":0,"href":"https:\/\/www.europesays.com\/fr\/wp-json\/wp\/v2\/posts\/103962\/revisions"}],"wp:featuredmedia":[{"embeddable":true,"href":"https:\/\/www.europesays.com\/fr\/wp-json\/wp\/v2\/media\/98614"}],"wp:attachment":[{"href":"https:\/\/www.europesays.com\/fr\/wp-json\/wp\/v2\/media?parent=103962"}],"wp:term":[{"taxonomy":"category","embeddable":true,"href":"https:\/\/www.europesays.com\/fr\/wp-json\/wp\/v2\/categories?post=103962"},{"taxonomy":"post_tag","embeddable":true,"href":"https:\/\/www.europesays.com\/fr\/wp-json\/wp\/v2\/tags?post=103962"}],"curies":[{"name":"wp","href":"https:\/\/api.w.org\/{rel}","templated":true}]}}