{"id":103963,"date":"2025-05-16T08:16:08","date_gmt":"2025-05-16T08:16:08","guid":{"rendered":"https:\/\/www.europesays.com\/fr\/103963\/"},"modified":"2025-05-16T08:16:08","modified_gmt":"2025-05-16T08:16:08","slug":"les-activistes-ecologistes-de-nouveau-relaxes-en-appel","status":"publish","type":"post","link":"https:\/\/www.europesays.com\/fr\/103963\/","title":{"rendered":"les activistes \u00e9cologistes de nouveau relax\u00e9s en appel"},"content":{"rendered":"<p itemprop=\"description\"><strong>Nouveau proc\u00e8s et nouvelle relaxe.<\/strong><\/p>\n<p>Le 2 mars 2024, plusieurs centaines de militants \u00e9cologistes de Youth for Climate et Extinction Rebellion ont envahi le site d\u2019Arkema \u00e0 Pierre-B\u00e9nite, d\u00e9non\u00e7ant la pollution aux polluants \u00e9ternels (Pfas). Ils avaient d\u00e9ploy\u00e9 une banderole avec une t\u00eate de mort et caus\u00e9 des d\u00e9gradations.<\/p>\n<p>Huit militants avaient \u00e9t\u00e9 jug\u00e9s une premi\u00e8re fois en juin dernier et avaient \u00e9t\u00e9 <a href=\"https:\/\/www.lyonmag.com\/article\/137041\/lyon-les-activistes-ecologistes-relaxes-apres-leur-action-a-arkema\" target=\"_blank\" rel=\"noopener\">relax\u00e9s<\/a> apr\u00e8s avoir affirm\u00e9 que leur but \u00e9tait uniquement de sensibiliser le public. Le parquet avait d\u00e9cid\u00e9 de faire appel menant \u00e0 un nouveau proc\u00e8s en f\u00e9vrier 2025 o\u00f9 des peines de 4 \u00e0 6 mois de prison avec sursis avaient \u00e9t\u00e9 requises. Une nouvelle relaxe a finalement \u00e9t\u00e9 prononc\u00e9e par la Cour d\u2019appel.<\/p>\n<p>Des amendes ont malgr\u00e9 tout \u00e9t\u00e9 prononc\u00e9es contre militants, notamment pour r\u00e9bellion.<\/p>\n","protected":false},"excerpt":{"rendered":"Nouveau proc\u00e8s et nouvelle relaxe. Le 2 mars 2024, plusieurs centaines de militants \u00e9cologistes de Youth for Climate&hellip;\n","protected":false},"author":2,"featured_media":103964,"comment_status":"","ping_status":"","sticky":false,"template":"","format":"standard","meta":{"footnotes":""},"categories":[1889],"tags":[1111,11,2813,2190,2430,1109,251,1112,2811,1777,674,118,1011,27,1922,1110,1114,2428,2810,12,241,316,25,2812,517,800],"class_list":{"0":"post-103963","1":"post","2":"type-post","3":"status-publish","4":"format-standard","5":"has-post-thumbnail","7":"category-lyon","8":"tag-actu","9":"tag-actualites","10":"tag-article","11":"tag-asvel","12":"tag-auvergne-rhone-alpes","13":"tag-breves","14":"tag-culture","15":"tag-depeches","16":"tag-economique","17":"tag-eu","18":"tag-europe","19":"tag-faits-divers","20":"tag-fr","21":"tag-france","22":"tag-info","23":"tag-informations","24":"tag-infos","25":"tag-lyon","26":"tag-lyonmag","27":"tag-news","28":"tag-ol","29":"tag-politique","30":"tag-republique-francaise","31":"tag-sociale","32":"tag-sport","33":"tag-transports"},"share_on_mastodon":{"url":"https:\/\/pubeurope.com\/@fr\/114516524009145259","error":""},"_links":{"self":[{"href":"https:\/\/www.europesays.com\/fr\/wp-json\/wp\/v2\/posts\/103963","targetHints":{"allow":["GET"]}}],"collection":[{"href":"https:\/\/www.europesays.com\/fr\/wp-json\/wp\/v2\/posts"}],"about":[{"href":"https:\/\/www.europesays.com\/fr\/wp-json\/wp\/v2\/types\/post"}],"author":[{"embeddable":true,"href":"https:\/\/www.europesays.com\/fr\/wp-json\/wp\/v2\/users\/2"}],"replies":[{"embeddable":true,"href":"https:\/\/www.europesays.com\/fr\/wp-json\/wp\/v2\/comments?post=103963"}],"version-history":[{"count":0,"href":"https:\/\/www.europesays.com\/fr\/wp-json\/wp\/v2\/posts\/103963\/revisions"}],"wp:featuredmedia":[{"embeddable":true,"href":"https:\/\/www.europesays.com\/fr\/wp-json\/wp\/v2\/media\/103964"}],"wp:attachment":[{"href":"https:\/\/www.europesays.com\/fr\/wp-json\/wp\/v2\/media?parent=103963"}],"wp:term":[{"taxonomy":"category","embeddable":true,"href":"https:\/\/www.europesays.com\/fr\/wp-json\/wp\/v2\/categories?post=103963"},{"taxonomy":"post_tag","embeddable":true,"href":"https:\/\/www.europesays.com\/fr\/wp-json\/wp\/v2\/tags?post=103963"}],"curies":[{"name":"wp","href":"https:\/\/api.w.org\/{rel}","templated":true}]}}