{"id":103965,"date":"2025-05-16T08:17:09","date_gmt":"2025-05-16T08:17:09","guid":{"rendered":"https:\/\/www.europesays.com\/fr\/103965\/"},"modified":"2025-05-16T08:17:09","modified_gmt":"2025-05-16T08:17:09","slug":"on-fait-quoi-a-lyon-ce-week-end-du-17-et-18-mai","status":"publish","type":"post","link":"https:\/\/www.europesays.com\/fr\/103965\/","title":{"rendered":"On fait quoi \u00e0 Lyon ce week-end du 17 et 18 mai ?"},"content":{"rendered":"<p itemprop=\"description\"><strong>D\u00e9couvrez nos 3 bons plans pour ce week-end.<\/strong><\/p>\n<p>   \t\t\t\t\t<strong>Vide-dressing de grandes marques<\/strong><\/p>\n<p>La boutique Les D\u00e9goteuses est de retour au Perko Caf\u00e9 dans le 1er arrondissement pour un vide-dressing avec des r\u00e9ductions allant jusqu\u2019\u00e0 -80%. Plus de 500 v\u00eatements et accessoires de seconde main seront \u00e0 retrouver sur place avec des marques comme S\u00e9zane, Sandro, Levi\u2019s, Balzac\u2026 Des cr\u00e9atrices locales seront \u00e9galement pr\u00e9sentes avec des bijoux et des illustrations. Entr\u00e9e gratuite samedi 17 et dimanche 18 mai de 11h \u00e0 18h. Plus d\u2019informations <a href=\"https:\/\/www.facebook.com\/events\/9820728581293737\/?acontext=%7B%22event_action_history%22%3A[%7B%22surface%22%3A%22home%22%7D%2C%7B%22mechanism%22%3A%22discovery_local_tab%22%2C%22surface%22%3A%22bookmark%22%7D]%2C%22ref_notif_type%22%3Anull%7D\" target=\"_blank\" rel=\"noopener\">ici<\/a><\/p>\n<p><strong>Le march\u00e9 du fait main de Monplaisir<\/strong><\/p>\n<p>Rendez-vous ce dimanche sur la place Ambroise Courtois dans le 8e arrondissement de Lyon. A l\u2019occasion des Tabl\u00e9es de Monplaisir, un march\u00e9 du fait main sera install\u00e9 avec la pr\u00e9sence d\u2019une quarantaine de cr\u00e9ateurs et l\u2019organisation d\u2019ateliers cr\u00e9atifs. \u00c7a se passe de 10h \u00e0 19h. Plus d\u2019informations\u00a0<a href=\"https:\/\/www.facebook.com\/events\/1739818486800003\/?acontext=%7B%22event_action_history%22%3A[%7B%22surface%22%3A%22home%22%7D%2C%7B%22mechanism%22%3A%22discovery_local_tab%22%2C%22surface%22%3A%22bookmark%22%7D]%2C%22ref_notif_type%22%3Anull%7D\" target=\"_blank\" rel=\"noopener\">ici<\/a><\/p>\n<p><strong>Pop-up d\u2019illustrations<\/strong><\/p>\n<p>Direction la galerie de l\u2019Alcove o\u00f9 se d\u00e9roule depuis ce jeudi un pop-up d\u2019illustrations r\u00e9unissant cinq artistes locaux. Il s\u2019agit de Brian Antunes Dias, de Claire Duplouy, de Nathalie Desmars, de Pierre-Yves Pegeot et d\u2019Alexandre Bonot. L\u2019occasion de d\u00e9couvrir leurs peintures, leurs aquarelles et leurs illustrations. Rendez-vous ce dimanche de 15h \u00e0 19h puis ce samedi et ce dimanche de 14h \u00e0 19h. Entr\u00e9e libre. Plus d\u2019informations <a href=\"https:\/\/www.facebook.com\/events\/1185769696110787\/?acontext=%7B%22event_action_history%22%3A[%7B%22surface%22%3A%22home%22%7D%2C%7B%22mechanism%22%3A%22discovery_local_tab%22%2C%22surface%22%3A%22bookmark%22%7D]%2C%22ref_notif_type%22%3Anull%7D\" target=\"_blank\" rel=\"noopener\">ici<\/a><\/p>\n","protected":false},"excerpt":{"rendered":"D\u00e9couvrez nos 3 bons plans pour ce week-end. Vide-dressing de grandes marques La boutique Les D\u00e9goteuses est de&hellip;\n","protected":false},"author":2,"featured_media":103966,"comment_status":"","ping_status":"","sticky":false,"template":"","format":"standard","meta":{"footnotes":""},"categories":[1889],"tags":[1111,11,2813,2190,2430,1109,251,1112,2811,1777,674,118,1294,4651,1011,27,1922,1110,1114,2428,4903,4902,12,241,316,25,2812,517,800],"class_list":{"0":"post-103965","1":"post","2":"type-post","3":"status-publish","4":"format-standard","5":"has-post-thumbnail","7":"category-lyon","8":"tag-actu","9":"tag-actualites","10":"tag-article","11":"tag-asvel","12":"tag-auvergne-rhone-alpes","13":"tag-breves","14":"tag-culture","15":"tag-depeches","16":"tag-economique","17":"tag-eu","18":"tag-europe","19":"tag-faits-divers","20":"tag-femme","21":"tag-femmes","22":"tag-fr","23":"tag-france","24":"tag-info","25":"tag-informations","26":"tag-infos","27":"tag-lyon","28":"tag-lyonfemme","29":"tag-lyonfemmes","30":"tag-news","31":"tag-ol","32":"tag-politique","33":"tag-republique-francaise","34":"tag-sociale","35":"tag-sport","36":"tag-transports"},"share_on_mastodon":{"url":"https:\/\/pubeurope.com\/@fr\/114516527833965351","error":""},"_links":{"self":[{"href":"https:\/\/www.europesays.com\/fr\/wp-json\/wp\/v2\/posts\/103965","targetHints":{"allow":["GET"]}}],"collection":[{"href":"https:\/\/www.europesays.com\/fr\/wp-json\/wp\/v2\/posts"}],"about":[{"href":"https:\/\/www.europesays.com\/fr\/wp-json\/wp\/v2\/types\/post"}],"author":[{"embeddable":true,"href":"https:\/\/www.europesays.com\/fr\/wp-json\/wp\/v2\/users\/2"}],"replies":[{"embeddable":true,"href":"https:\/\/www.europesays.com\/fr\/wp-json\/wp\/v2\/comments?post=103965"}],"version-history":[{"count":0,"href":"https:\/\/www.europesays.com\/fr\/wp-json\/wp\/v2\/posts\/103965\/revisions"}],"wp:featuredmedia":[{"embeddable":true,"href":"https:\/\/www.europesays.com\/fr\/wp-json\/wp\/v2\/media\/103966"}],"wp:attachment":[{"href":"https:\/\/www.europesays.com\/fr\/wp-json\/wp\/v2\/media?parent=103965"}],"wp:term":[{"taxonomy":"category","embeddable":true,"href":"https:\/\/www.europesays.com\/fr\/wp-json\/wp\/v2\/categories?post=103965"},{"taxonomy":"post_tag","embeddable":true,"href":"https:\/\/www.europesays.com\/fr\/wp-json\/wp\/v2\/tags?post=103965"}],"curies":[{"name":"wp","href":"https:\/\/api.w.org\/{rel}","templated":true}]}}