{"id":103969,"date":"2025-05-16T08:21:08","date_gmt":"2025-05-16T08:21:08","guid":{"rendered":"https:\/\/www.europesays.com\/fr\/103969\/"},"modified":"2025-05-16T08:21:08","modified_gmt":"2025-05-16T08:21:08","slug":"stade-du-psg-ris-orangis-affiche-ses-atouts-pour-attirer-le-club-parisien","status":"publish","type":"post","link":"https:\/\/www.europesays.com\/fr\/103969\/","title":{"rendered":"Stade du PSG : Ris-Orangis affiche ses atouts pour attirer le club parisien"},"content":{"rendered":"<p><img loading=\"lazy\" decoding=\"async\" alt=\"\u00a9\u00a0SDIF - Plusieurs \u00e9lus se sont rendus \u00e0 l\u2019ancien hippodrome de Ris-Orangis, pour promouvoir le site, candidat \u00e0 l'accueil du futur stade du PSG.\" data-zoom-src=\"https:\/\/www.europesays.com\/fr\/wp-content\/uploads\/2025\/05\/initial-elus-ris-orangis-stade-psg.jpg\" data-zoomable=\"\" height=\"702\" src=\"https:\/\/www.europesays.com\/fr\/wp-content\/uploads\/2025\/05\/initial-elus-ris-orangis-stade-psg.jpg\" width=\"1248\"\/>  <\/p>\n<p class=\"article-desc\">\u00a9\u00a0SDIF &#8211; Plusieurs \u00e9lus se sont rendus \u00e0 l\u2019ancien hippodrome de Ris-Orangis, pour promouvoir le site, candidat \u00e0 l&rsquo;accueil du futur stade du PSG. <\/p>\n<p>Ils ont troqu\u00e9 leur \u00e9charpe tricolore pour rev\u00eatir un maillot du club de football du Paris-Saint-Germain (<strong>PSG<\/strong>). Plusieurs \u00e9lus de la ville de <strong>Ris-Orangis<\/strong>, de l\u2019agglom\u00e9ration Grand Paris Sud (GPS) et aussi de C\u0153ur d\u2019Essonne agglom\u00e9ration, se sont r\u00e9unis, ce mardi 14 mai, \u00e0 l\u2019ancien hippodrome d\u00e9saffect\u00e9, situ\u00e9 route du T\u00e9l\u00e9graphe sur le territoire rissois. Afin de mettre en lumi\u00e8re le site, candidat \u00e0 l&rsquo;accueil du futur stade du PSG, ils se sont unis, telle une \u00e9quipe sportive, avec pour capitaines <strong>Michel Bisson<\/strong> et <strong>St\u00e9phane Raffalli<\/strong>, respectivement Pr\u00e9sident de l\u2019agglom\u00e9ration GPS et maire de <a href=\"https:\/\/mesinfos.fr\/91130-ris-orangis\/les-villes-de-ris-orangis-et-massy-candidates-pour-le-futur-stade-du-psg-215128.html\" rel=\"noopener nofollow\" target=\"_blank\">Ris-Orangis<\/a>. <\/p>\n<p>Les protagonistes ont adopt\u00e9 une <strong>strat\u00e9gie de communication<\/strong> plus offensive pour prendre \u00e0 contre-pied les derni\u00e8res informations parues sur le sujet, mettant, notamment, hors jeu la candidature de Ris-Orangis par rapport \u00e0 celles, par exemple, de Poissy (Yvelines) ou de Massy, l\u2019autre concurrent essonnien. Quoi qu\u2019il se dit, ils ont d\u00e9montr\u00e9 qu\u2019ils sont toujours bien en lice, en ouvrant les portes de cette friche d\u2019exception de <strong>100 hectares<\/strong>, comprenant donc l\u2019hippodrome et l\u2019ex-usine Lu de Danone. \u201cNotre site coche quasiment toutes les cases, quand d\u2019autres (villes) ont des d\u00e9fauts qui me semblent dirimants\u201c, a tacl\u00e9 St\u00e9phane Raffalli.<\/p>\n<p>  L\u2019objectif\u00a0: un nouveau stade op\u00e9rationnel en 2030 <\/p>\n<p>L\u2019\u00e9dile de Ris-Orangis a rappel\u00e9 les nombreux atouts qu\u2019offre l\u2019immense terrain verdoyant, port\u00e9 par <strong>l\u2019\u00c9tablissement public foncier d\u2019\u00cele-de-France <\/strong>pour l\u2019agglom\u00e9ration GPS. Le site est sans servitude, sans habitations proches et sans r\u00e9glementations sp\u00e9cifiques, ce qui rend plus rapides les proc\u00e9dures de mise en \u0153uvre. A seulement 25 kilom\u00e8tres au sud de Paris, il est aussi directement connect\u00e9 aux grands axes routiers (A6, Francilienne N104) et aux r\u00e9seaux de transports en communs (Tram 12, TZen 4 et RER D). Quant au stationnement, le foncier permet de pr\u00e9voir une offre de parking d\u2019envergure.<\/p>\n<p>Les \u00e9lus essonniens se disent donc pr\u00eats \u00e0 recevoir l\u2019ambitieux projet du PSG, \u00e9valu\u00e9 \u00e0 <strong>1 milliard d\u2019euros<\/strong>. Ils se projettent avec enthousiasme, en \u00e9laborant la temporalit\u00e9 de leur dessein. Ils proposent que la nouvelle enceinte du club de la Capitale soit \u00e9difi\u00e9e pour 2030. \u201cPour r\u00e9ussir cet objectif, il faut que la programmation du projet PSG soit stabilis\u00e9e avant la fin de l&rsquo;ann\u00e9e, pour que le stade soit construit en trois ans\u201c, a expliqu\u00e9 St\u00e9phane Raffalli. C\u2019est maintenant au <a href=\"https:\/\/mesinfos.fr\/91130-ris-orangis\/les-villes-de-ris-orangis-et-massy-candidates-pour-le-futur-stade-du-psg-215128.html\" rel=\"noopener nofollow\" target=\"_blank\">PSG<\/a> de se prononcer, mais aucune annonce officielle n\u2019est pr\u00e9vue pour le moment, le club \u00e9tant tourn\u00e9 vers ses \u00e9ch\u00e9ances sportives de fin de saison, dont la <strong>finale de la Champions League<\/strong>, le 31 mai prochain.<\/p>\n","protected":false},"excerpt":{"rendered":"\u00a9\u00a0SDIF &#8211; Plusieurs \u00e9lus se sont rendus \u00e0 l\u2019ancien hippodrome de Ris-Orangis, pour promouvoir le site, candidat \u00e0&hellip;\n","protected":false},"author":2,"featured_media":103970,"comment_status":"","ping_status":"","sticky":false,"template":"","format":"standard","meta":{"footnotes":""},"categories":[1592],"tags":[1111,11,1777,674,1011,27,662,12,626,93,25],"class_list":{"0":"post-103969","1":"post","2":"type-post","3":"status-publish","4":"format-standard","5":"has-post-thumbnail","7":"category-ile-de-france","8":"tag-actu","9":"tag-actualites","10":"tag-eu","11":"tag-europe","12":"tag-fr","13":"tag-france","14":"tag-ile-de-france","15":"tag-news","16":"tag-paris","17":"tag-psg","18":"tag-republique-francaise"},"share_on_mastodon":{"url":"https:\/\/pubeurope.com\/@fr\/114516543716526006","error":""},"_links":{"self":[{"href":"https:\/\/www.europesays.com\/fr\/wp-json\/wp\/v2\/posts\/103969","targetHints":{"allow":["GET"]}}],"collection":[{"href":"https:\/\/www.europesays.com\/fr\/wp-json\/wp\/v2\/posts"}],"about":[{"href":"https:\/\/www.europesays.com\/fr\/wp-json\/wp\/v2\/types\/post"}],"author":[{"embeddable":true,"href":"https:\/\/www.europesays.com\/fr\/wp-json\/wp\/v2\/users\/2"}],"replies":[{"embeddable":true,"href":"https:\/\/www.europesays.com\/fr\/wp-json\/wp\/v2\/comments?post=103969"}],"version-history":[{"count":0,"href":"https:\/\/www.europesays.com\/fr\/wp-json\/wp\/v2\/posts\/103969\/revisions"}],"wp:featuredmedia":[{"embeddable":true,"href":"https:\/\/www.europesays.com\/fr\/wp-json\/wp\/v2\/media\/103970"}],"wp:attachment":[{"href":"https:\/\/www.europesays.com\/fr\/wp-json\/wp\/v2\/media?parent=103969"}],"wp:term":[{"taxonomy":"category","embeddable":true,"href":"https:\/\/www.europesays.com\/fr\/wp-json\/wp\/v2\/categories?post=103969"},{"taxonomy":"post_tag","embeddable":true,"href":"https:\/\/www.europesays.com\/fr\/wp-json\/wp\/v2\/tags?post=103969"}],"curies":[{"name":"wp","href":"https:\/\/api.w.org\/{rel}","templated":true}]}}