{"id":103971,"date":"2025-05-16T08:22:07","date_gmt":"2025-05-16T08:22:07","guid":{"rendered":"https:\/\/www.europesays.com\/fr\/103971\/"},"modified":"2025-05-16T08:22:07","modified_gmt":"2025-05-16T08:22:07","slug":"zeus-le-cheval-des-jo-de-paris-bientot-expose-a-strasbourg-ce-quil-faut-savoir","status":"publish","type":"post","link":"https:\/\/www.europesays.com\/fr\/103971\/","title":{"rendered":"Zeus, le cheval des JO de Paris, bient\u00f4t expos\u00e9 \u00e0 Strasbourg : ce qu&rsquo;il faut savoir"},"content":{"rendered":"<p>            Par<br \/>\n        <strong><br \/>\n            <a href=\"https:\/\/actu.fr\/auteur\/margot-fournie\" title=\"Consulter tous les articles de Margot Fournie\" rel=\"nofollow noopener\" target=\"_blank\">Margot Fournie<\/a><br \/>\n        <\/strong><\/p>\n<p>        Publi\u00e9 le<\/p>\n<p>            16 mai 2025 \u00e0 9h43        <\/p>\n<p>Apr\u00e8s un <a href=\"https:\/\/actu.fr\/nouvelle-aquitaine\/bordeaux_33063\/video-le-celebre-cheval-mecanique-de-la-ceremonie-des-jo-captive-les-foules-au-jardin-public-de-bordeaux_62597338.html\" rel=\"nofollow noopener\" target=\"_blank\">passage \u00e0 Bordeaux<\/a> o\u00f9 il a captiv\u00e9 les foules, Zeus, le<strong>\u00a0cheval m\u00e9canique<\/strong> des <a href=\"https:\/\/actu.fr\/tag\/jo-paris-2024\" rel=\"nofollow noopener\" target=\"_blank\">JO 2024 de Paris<\/a> va \u00eatre expos\u00e9 \u00e0 <a href=\"https:\/\/actu.fr\/strasbourg\/\" rel=\"nofollow noopener\" target=\"_blank\">Strasbourg<\/a>.<\/p>\n<p class=\" wall-content\">Date, lieu o\u00f9 l\u2019admirer\u2009: on vous dit tout \u00e0 ce sujet.<\/p>\n<p>Le cheval des JO bient\u00f4t expos\u00e9 \u00e0 Strasbourg du 27 mai au 8 juin<\/p>\n<p class=\" wall-content\">Du <strong>27\u00a0mai au 8\u00a0juin<\/strong>, le cheval sera install\u00e9 au niveau de la <strong>terrasse du palais Rohan<\/strong>. On pourra \u00e9galement l\u2019apercevoir \u00ab\u2009depuis le pont Sainte-Madeleine et le quai des Bateliers\u2009\u00bb, d\u2019apr\u00e8s la municipalit\u00e9.<\/p>\n<p>    <a href=\"https:\/\/www.facebook.com\/plugins\/post.php?href=https%3A%2F%2Fwww.facebook.com%2Fstrasbourg.eu%2Fposts%2Fpfbid02mUELuheUxU8UQ6SnvgbQyBSdTX47UL9baK7wwYHZ1ukQrjjhnXCNUvg4ztD4KTdBl&amp;show_text=true&amp;width=350\" title=\"Ouvrie le lien\" rel=\"nofollow noopener\" target=\"_blank\">Cliquez ici pour visualiser le contenu<\/a><\/p>\n<p class=\" wall-content\">Les curieux ou les nostalgiques pourront aller l\u2019admirer librement, aux horaires d\u2019ouverture du mus\u00e9e.<\/p>\n<p>Vid\u00e9os : en ce moment sur ActuAcc\u00e8s gratuit<\/p>\n<p class=\" wall-content\">Son <strong>acc\u00e8s sera gratuit<\/strong>.<\/p>\n<p class=\" wall-content\">La Ville pr\u00e9vient \u00e9galement que \u00ab\u2009le cheval <strong>se mettra en marche<\/strong> r\u00e9guli\u00e8rement.\u2009\u00bb<\/p>\n<p>Une \u0153uvre d\u00e9couverte lors de la c\u00e9r\u00e9monie d\u2019ouverture des JO<\/p>\n<p class=\" wall-content\">Pour rappel, ce cheval en acier a marqu\u00e9 les esprits en <strong>galopant sur les flots de la Seine<\/strong> au moment de la <a href=\"https:\/\/actu.fr\/ile-de-france\/paris_75056\/ceremonie-d-ouverture-des-jo-2024-iconique-hallucinant-les-reactions-des-internautes-du-monde-entier_61401096.html\" rel=\"nofollow noopener\" target=\"_blank\">c\u00e9r\u00e9monie d\u2019ouverture<\/a> des Jeux olympiques.<\/p>\n<p class=\" wall-content\">C\u2019est une \u0153uvre de l\u2019<strong>Atelier nantais Blam<\/strong>, soutenue par <strong>Sanofi<\/strong>.<\/p>\n<p class=\" wall-content\">Suivez toute l\u2019actualit\u00e9 de vos villes et m\u00e9dias favoris en vous inscrivant \u00e0 <a href=\"https:\/\/moncompte.actu.fr\" title=\"D\u00e9couvez Mon Actu\" rel=\"nofollow noopener\" data-trk=\"{&quot;cta&quot;:{&quot;action&quot;:&quot;https:\\\/\\\/moncompte.actu.fr&quot;,&quot;category&quot;:&quot;mon compte&quot;,&quot;from&quot;:&quot;article footer&quot;,&quot;name&quot;:&quot;Mon actu&quot;,&quot;type&quot;:&quot;cta&quot;}}\" target=\"_blank\">Mon Actu<\/a>.<\/p>\n","protected":false},"excerpt":{"rendered":"Par Margot Fournie Publi\u00e9 le 16 mai 2025 \u00e0 9h43 Apr\u00e8s un passage \u00e0 Bordeaux o\u00f9 il a&hellip;\n","protected":false},"author":2,"featured_media":103972,"comment_status":"","ping_status":"","sticky":false,"template":"","format":"standard","meta":{"footnotes":""},"categories":[1888],"tags":[1111,1928,11,1927,1777,674,1349,1011,27,7941,1652,12,1926,626,1925,25],"class_list":{"0":"post-103971","1":"post","2":"type-post","3":"status-publish","4":"format-standard","5":"has-post-thumbnail","7":"category-paris","8":"tag-actu","9":"tag-actu-paris","10":"tag-actualites","11":"tag-actualites-paris","12":"tag-eu","13":"tag-europe","14":"tag-expositions","15":"tag-fr","16":"tag-france","17":"tag-jo-paris-2024","18":"tag-loisirs-culture","19":"tag-news","20":"tag-news-paris","21":"tag-paris","22":"tag-paris-news","23":"tag-republique-francaise"},"share_on_mastodon":{"url":"https:\/\/pubeurope.com\/@fr\/114516547678247221","error":""},"_links":{"self":[{"href":"https:\/\/www.europesays.com\/fr\/wp-json\/wp\/v2\/posts\/103971","targetHints":{"allow":["GET"]}}],"collection":[{"href":"https:\/\/www.europesays.com\/fr\/wp-json\/wp\/v2\/posts"}],"about":[{"href":"https:\/\/www.europesays.com\/fr\/wp-json\/wp\/v2\/types\/post"}],"author":[{"embeddable":true,"href":"https:\/\/www.europesays.com\/fr\/wp-json\/wp\/v2\/users\/2"}],"replies":[{"embeddable":true,"href":"https:\/\/www.europesays.com\/fr\/wp-json\/wp\/v2\/comments?post=103971"}],"version-history":[{"count":0,"href":"https:\/\/www.europesays.com\/fr\/wp-json\/wp\/v2\/posts\/103971\/revisions"}],"wp:featuredmedia":[{"embeddable":true,"href":"https:\/\/www.europesays.com\/fr\/wp-json\/wp\/v2\/media\/103972"}],"wp:attachment":[{"href":"https:\/\/www.europesays.com\/fr\/wp-json\/wp\/v2\/media?parent=103971"}],"wp:term":[{"taxonomy":"category","embeddable":true,"href":"https:\/\/www.europesays.com\/fr\/wp-json\/wp\/v2\/categories?post=103971"},{"taxonomy":"post_tag","embeddable":true,"href":"https:\/\/www.europesays.com\/fr\/wp-json\/wp\/v2\/tags?post=103971"}],"curies":[{"name":"wp","href":"https:\/\/api.w.org\/{rel}","templated":true}]}}