{"id":103979,"date":"2025-05-16T08:26:09","date_gmt":"2025-05-16T08:26:09","guid":{"rendered":"https:\/\/www.europesays.com\/fr\/103979\/"},"modified":"2025-05-16T08:26:09","modified_gmt":"2025-05-16T08:26:09","slug":"ambitieux-le-plan-de-leurope-pour-se-sevrer-de-gaz-russe-reste-incertain","status":"publish","type":"post","link":"https:\/\/www.europesays.com\/fr\/103979\/","title":{"rendered":"Ambitieux, le plan de l\u2019Europe pour se sevrer de gaz russe reste incertain"},"content":{"rendered":"<p>&#13;<br \/>\n\tLa Commission europ\u00e9enne s\u2019attaque \u00e0 un totem. Le 6 mai, l\u2019institution bruxelloise <a href=\"https:\/\/www.usinenouvelle.com\/article\/l-union-europeenne-propose-d-interdire-toute-importation-de-gaz-russe-d-ici-a-la-fin-2027.N2231682\" target=\"_blank\" rel=\"noopener\">a d\u00e9voil\u00e9 les premi\u00e8res lignes d\u2019un plan attendu,<\/a> visant \u00e0 sevrer l\u2019Europe de gaz naturel russe et priver Moscou des revenus que sa vente lui procure. \u00abD\u2019ici la fin de 2027, nous serons compl\u00e8tement lib\u00e9r\u00e9s du gaz russe\u00bb, a d\u00e9clar\u00e9 le commissaire \u00e0 l\u2019\u00e9nergie et au logement, Dan J\u00f8rgensen. \u00abCe n\u2019est pas une petite chose. Ce n\u2019est pas sans d\u00e9fi\u00bb, a ajout\u00e9 le danois, alors que la <a href=\"https:\/\/www.usinenouvelle.com\/article\/comment-l-europe-peut-reduire-d-un-tiers-sa-dependance-au-gaz-russe.N1790617\" target=\"_blank\" rel=\"noopener\">Russie repr\u00e9sentait 45% des importations europ\u00e9ennes de gaz naturel<\/a> avant la guerre en Ukraine, et encore 19% en 2024. Il s\u2019agissait alors de 32 milliards de m\u00e8tres cubes envoy\u00e9s par gazoduc, et de 20 milliards de m\u00e8tres cubes sous forme de gaz naturel liqu\u00e9fi\u00e9 (ou GNL), achemin\u00e9s par voie maritime\u2026 L\u2019achat de gaz, mais aussi de p\u00e9trole et d\u2019uranium \u00e0 la Russie a repr\u00e9sent\u00e9 23 milliards d\u2019euros en 2024, chiffre Bruxelles.<\/p>\n<p>&#13;<br \/>\n\tFin des contrats existants<\/p>\n<p>&#13;<br \/>\n\tLa Commission pr\u00e9sentera sa proposition l\u00e9gislative en juin. Mais les grandes lignes sont l\u00e0. D\u2019ici la fin 2025, la signature de nouveaux contrats et l\u2019achat en direct (spot) \u2013 qui repr\u00e9sentent un tiers des achats actuels \u2013 seront prohib\u00e9s. Ensuite, la Commission s\u2019attaquera aux contrats \u00e0 long terme d\u00e9j\u00e0 sign\u00e9s, qu\u2019elle souhaite \u00e9liminer progressivement d\u2019ici fin 2027, en ligne avec l\u2019objectif de son plan <a href=\"https:\/\/www.usinenouvelle.com\/article\/repower-eu-le-plan-de-bataille-de-l-ue-pour-gagner-en-independance-energetique.N2006037\" target=\"_blank\" rel=\"noopener\">Repower EU pr\u00e9sent\u00e9 en 2022<\/a>. Pour cela, les entreprises europ\u00e9ennes devront aussi d\u00e9voiler \u00e0 Bruxelles les d\u00e9tails (volume, dur\u00e9e\u2026) de leurs contrats d\u2019achat de gaz russe.<\/p>\n<p>&#13;<br \/>\n\tFace aux d\u00e9bats, la Commission avance des arguments. L\u2019arr\u00eat, d\u00e9but 2025, du transit de gaz via le gazoduc Brotherhood, qui traverse l\u2019Ukraine (qui repr\u00e9sentait 15 milliards de m\u00e8tres cubes), s\u2019est fait sans heurt. Le march\u00e9 a connu une <a href=\"https:\/\/www.usinenouvelle.com\/article\/avec-des-stocks-au-plus-bas-les-inquietudes-montent-sur-le-gaz-naturel-europeen-mais-pour-2026.N2225820\" target=\"_blank\" rel=\"noopener\">hausse des prix en d\u00e9but d\u2019ann\u00e9e,<\/a> mais les cours <a href=\"https:\/\/www.usinenouvelle.com\/article\/natran-ex-grtgaz-annonce-le-retour-du-gaz-pas-cher.N2228390\" target=\"_blank\" rel=\"noopener\">sont redescendus<\/a>. Pourtant, l\u2019op\u00e9ration d\u00e9cid\u00e9e par Kiev devrait faire baisser la part de la Russie dans les approvisionnements europ\u00e9ens de 19 \u00e0 13% !<\/p>\n<p>&#13;<br \/>\n\tEn trois ans, les r\u00e8gles de stockage et d\u2019\u00e9change entre les pays ont \u00e9t\u00e9 renforc\u00e9es. Et 14 unit\u00e9s de regaz\u00e9ification, qui permettent d\u2019importer du GNL, ont \u00e9t\u00e9 install\u00e9es sur le continent entre 2022 et 2024, chiffre l\u2019institution europ\u00e9enne. La capacit\u00e9 d\u2019importation de l\u2019Union europ\u00e9enne culmine d\u00e9sormais \u00e0 250 milliards de m\u00e8tres cubes annuels. C\u00f4t\u00e9 offre, de <a href=\"https:\/\/www.usinenouvelle.com\/article\/l-europe-n-a-jamais-ete-un-gros-marche-pour-le-gnl-celui-ci-vise-d-abord-l-asie-decrit-la-chercheuse-anne-sophie-corbeau.N2206573\" target=\"_blank\" rel=\"noopener\">nombreuses capacit\u00e9s de liqu\u00e9faction de gaz naturel doivent entrer en production<\/a> aux Etats-Unis, au Qatar et au Canada d\u2019ici fin 2026. Et la Commission compte aussi sur le projet Neptun Deep, port\u00e9 par le p\u00e9trolier autrichien OMV au large de la Roumanie, qui doit produire 8 milliards de m\u00e8tres cubes de gaz par an \u00e0 partir de 2027. Ainsi que sur l\u2019expansion du Trans Adriatic Pipeline qui doit assurer davantage d&rsquo;importations depuis l\u2019Azerba\u00efdjan.<\/p>\n<p>&#13;<br \/>\n\tCraintes pour la comp\u00e9titivit\u00e9<\/p>\n<p>&#13;<br \/>\n\tDernier point, et non des moindres, la Commission parie sur une importante diminution de la consommation int\u00e9rieure de gaz, avec 40 \u00e0 50 milliards de m\u00e8tres cubes en moins d\u2019ici 2027 ! Elle met en avant sa politique de sobri\u00e9t\u00e9 et d\u2019aide \u00e0 la transition \u00e9nerg\u00e9tique, de l\u2019isolation des logements \u00e0 l\u2019\u00e9lectrification des fours industriels. Mais d\u2019autres sont moins optimistes, et craignent une d\u00e9sindustrialisation.<\/p>\n<p>&#13;<br \/>\n\tUn argument qui fait mouche dans l&rsquo;industrie&#8230; Le gaz est un combustible fossile, qui peut \u00eatre <a href=\"https:\/\/www.usinenouvelle.com\/article\/attention-le-gaz-naturel-liquefie-gnl-peut-polluer-plus-que-le-charbon.N2221948\" target=\"_blank\" rel=\"noopener\">aussi n\u00e9faste que le charbon pour le climat lorsqu\u2019il est export\u00e9 par la mer.<\/a> Mais difficile de sortir d&rsquo;une addiction, alors que le m\u00e9thane est bien moins cher que l&rsquo;\u00e9lectricit\u00e9 pour g\u00e9n\u00e9rer de la chaleur en Europe&#8230; Et qu&rsquo;il l\u2019est encore davantage quand il provient de Russie ! D\u2019o\u00f9 l\u2019espoir \u2013 parfois assum\u00e9 clairement, en particulier outre-Rhin\u00a0\u2013\u00a0qu\u2019un retour du gaz du Kremlin vienne donner une bouff\u00e9e d\u2019air frais \u00e0 des secteurs en difficult\u00e9. <a href=\"https:\/\/www.usinenouvelle.com\/article\/comment-la-russie-a-organise-la-reduction-des-flux-de-gaz-vers-l-europe-depuis-2021.N2033747\" target=\"_blank\" rel=\"noopener\">C&rsquo;est d&rsquo;ailleurs le Kremlin lui-m\u00eame qui avait serr\u00e9 les vannes<\/a>. Et, quand il a fait machine arri\u00e8re en 2024, l\u2019Europe a augment\u00e9 ses achats de gaz russe de 19% a chiffr\u00e9 le think-tank IEEFA, qui note que la France fait partie des grands importateurs de GNL.<\/p>\n<p>&#13;<br \/>\n\tLes \u00e9nerg\u00e9ticiens fran\u00e7ais ne s\u2019en cachent d\u2019ailleurs pas. \u00abS\u2019il y a une paix raisonnable en Ukraine, nous pourrions retrouver un flux de 60, peut-\u00eatre 70 milliards de m\u00e8tres cubes par an\u00bb, expliquait ainsi Didier Holleaux, vice-pr\u00e9sident ex\u00e9cutif d\u2019Engie <a href=\"https:\/\/www.reuters.com\/business\/energy\/back-russian-gas-trump-wary-eu-has-energy-security-dilemma-2025-04-14\/\" target=\"_blank\" rel=\"noopener\">\u00e0 l&rsquo;agence de presse Reuters<\/a>. \u00abL\u2019Europe ne va jamais recommencer \u00e0 importer 150 milliards de m\u00e8tres cubes de la Russie comme avant la guerre\u2026 mais je ferais un pari autour de 70 milliards\u00bb, ajoutait <a href=\"https:\/\/www.usinenouvelle.com\/article\/a-davos-lune-de-miel-entre-donald-trump-et-patrick-pouyanne-sur-le-gnl-americain.N2226176\" target=\"_blank\" rel=\"noopener\">le PDG de TotalEnergies, Patrick Pouyann\u00e9<\/a>, dans le m\u00eame article.<\/p>\n<p>&#13;<br \/>\n\tUne pression \u00e9conomique qui p\u00e8se sur le plan de la Commission, et \u00e0 laquelle s\u2019ajoutent des consid\u00e9rations politiques. Tout d\u2019abord, la Commission ne peut obtenir l\u2019unanimit\u00e9 alors que la Slovaquie et la Hongrie (dont les chefs d\u2019Etat sont proches de la Russie et restent approvisionn\u00e9s via le gazoduc Turkstream) s\u2019opposent au plan. Ensuite, Vladimir Poutine a int\u00e9r\u00eat \u00e0 retrouver un acc\u00e8s au march\u00e9 europ\u00e9en \u2013 les flux de gaz se r\u00e9orientent moins simplement que ceux de p\u00e9trole \u2013 et pourrait insister sur le sujet dans le cadre des n\u00e9gociations sur la fin de la guerre. Enfin, l\u2019alternative consistant \u00e0 importer davantage par la mer, pourrait entra\u00eener une nouvelle d\u00e9pendance de l\u2019Europe aux Etats-Unis de Donald Trump, qui ont fourni pr\u00e8s de la moiti\u00e9 du GNL achet\u00e9 par l\u2019Europe en 2024\u2026 Le soutien \u00e0 l\u2019Ukraine et la protection du climat sont de bonnes raisons pour que la Commission maintienne le cap. Mais \u00e7a ne sera pas simple.<\/p>\n","protected":false},"excerpt":{"rendered":"&#13; La Commission europ\u00e9enne s\u2019attaque \u00e0 un totem. Le 6 mai, l\u2019institution bruxelloise a d\u00e9voil\u00e9 les premi\u00e8res lignes&hellip;\n","protected":false},"author":2,"featured_media":103980,"comment_status":"","ping_status":"","sticky":false,"template":"","format":"standard","meta":{"footnotes":""},"categories":[1591],"tags":[11,2163,893,674,1887,22067,2158,6848,12,1885,1886,132],"class_list":{"0":"post-103979","1":"post","2":"type-post","3":"status-publish","4":"format-standard","5":"has-post-thumbnail","7":"category-russie","8":"tag-actualites","9":"tag-chroniques","10":"tag-energie","11":"tag-europe","12":"tag-federation-de-russie","13":"tag-gaz-naturel","14":"tag-matiere-a-penser","15":"tag-matieres-premieres","16":"tag-news","17":"tag-russia","18":"tag-russian-federation","19":"tag-russie"},"share_on_mastodon":{"url":"https:\/\/pubeurope.com\/@fr\/114516563315193967","error":""},"_links":{"self":[{"href":"https:\/\/www.europesays.com\/fr\/wp-json\/wp\/v2\/posts\/103979","targetHints":{"allow":["GET"]}}],"collection":[{"href":"https:\/\/www.europesays.com\/fr\/wp-json\/wp\/v2\/posts"}],"about":[{"href":"https:\/\/www.europesays.com\/fr\/wp-json\/wp\/v2\/types\/post"}],"author":[{"embeddable":true,"href":"https:\/\/www.europesays.com\/fr\/wp-json\/wp\/v2\/users\/2"}],"replies":[{"embeddable":true,"href":"https:\/\/www.europesays.com\/fr\/wp-json\/wp\/v2\/comments?post=103979"}],"version-history":[{"count":0,"href":"https:\/\/www.europesays.com\/fr\/wp-json\/wp\/v2\/posts\/103979\/revisions"}],"wp:featuredmedia":[{"embeddable":true,"href":"https:\/\/www.europesays.com\/fr\/wp-json\/wp\/v2\/media\/103980"}],"wp:attachment":[{"href":"https:\/\/www.europesays.com\/fr\/wp-json\/wp\/v2\/media?parent=103979"}],"wp:term":[{"taxonomy":"category","embeddable":true,"href":"https:\/\/www.europesays.com\/fr\/wp-json\/wp\/v2\/categories?post=103979"},{"taxonomy":"post_tag","embeddable":true,"href":"https:\/\/www.europesays.com\/fr\/wp-json\/wp\/v2\/tags?post=103979"}],"curies":[{"name":"wp","href":"https:\/\/api.w.org\/{rel}","templated":true}]}}