{"id":1039838,"date":"2026-07-03T02:53:43","date_gmt":"2026-07-03T02:53:43","guid":{"rendered":"https:\/\/www.europesays.com\/fr\/1039838\/"},"modified":"2026-07-03T02:53:43","modified_gmt":"2026-07-03T02:53:43","slug":"bar-le-duc-les-bts-du-lycee-poincare-celebrent-en-grande-pompe-leur-fin-dannee","status":"publish","type":"post","link":"https:\/\/www.europesays.com\/fr\/1039838\/","title":{"rendered":"Bar-le-Duc. Les BTS du lyc\u00e9e Poincar\u00e9 c\u00e9l\u00e8brent en grande pompe leur fin d\u2019ann\u00e9e"},"content":{"rendered":"<p>Dress-code des grands jours, retrouvailles, prise de paroles des professeurs et du chef d\u2019\u00e9tablissement et pour finir, lancer de toques \u00e0 l\u2019am\u00e9ricaine. \u00c0 coup s\u00fbr, cette c\u00e9r\u00e9monie de fin d\u2019\u00e9tudes aura marqu\u00e9 ces jeunes gens, tous pr\u00eats \u00e0 enterrer les \u00e9tudes et commencer leur carri\u00e8re.<\/p>\n<p>Ce jeudi 25\u00a0juin, la cinquantaine d\u2019\u00e9tudiants des <a href=\"https:\/\/www.estrepublicain.fr\/education\/2025\/11\/26\/les-bts-du-lycee-poincare-de-bar-le-duc-ont-recu-leurs-diplomes\" target=\"_blank\" rel=\"nofollow noopener\">BTS de la cit\u00e9 scolaire Raymond-Poincar\u00e9<\/a> ont \u00e9t\u00e9 invit\u00e9s dans la chapelle du lyc\u00e9e pour honorer leurs parcours et leurs efforts au cours de l\u2019ann\u00e9e, avant m\u00eame les r\u00e9sultats officiels. Les quatre fili\u00e8res NDRC (N\u00e9gociation digitalisation relations client), SIO (syst\u00e8mes num\u00e9riques et r\u00e9seaux), CIEL (cybers\u00e9curit\u00e9) et GPME (gestion PME) \u00e9taient ainsi r\u00e9unies, sous les applaudissements des familles et des \u00e9quipes enseignantes. Une c\u00e9r\u00e9monie, organis\u00e9e bien s\u00fbr par l\u2019\u00e9tablissement mais sur demande d\u2019une des \u00e9tudiantes, Clara Garnier. <a href=\"https:\/\/www.estrepublicain.fr\/education\/2026\/06\/26\/bar-le-duc-les-etudiants-en-bts-du-lycee-raymond-poincare-fetent-leurs-fins-d-etudes\" target=\"_blank\" rel=\"nofollow noopener\">Une mani\u00e8re de \u00ab\u00a0c\u00e9l\u00e9brer l\u2019aboutissement de deux ans de travail\u00a0\u00bb, selon le proviseur Julien Pisselet, lequel a tenu \u00e0 f\u00e9liciter les \u00e9l\u00e8ves.<\/a> \u00ab\u00a0Personne ne pourra jamais vous enlever les comp\u00e9tences que vous avez acquises ici. Vous sortez avec des savoir-faire r\u00e9els, professionnalisants, que les entreprises recherchent.\u00a0\u00bb Et comme on dit, bon vent\u00a0!<\/p>\n","protected":false},"excerpt":{"rendered":"Dress-code des grands jours, retrouvailles, prise de paroles des professeurs et du chef d\u2019\u00e9tablissement et pour finir, lancer&hellip;\n","protected":false},"author":2,"featured_media":1039839,"comment_status":"","ping_status":"","sticky":false,"template":"","format":"standard","meta":{"footnotes":"","_share_on_mastodon":"0"},"categories":[9635],"tags":[1111,11,3600,3601,3602,1057,4854,1777,674,10961,1011,27,775,1702,12,25],"class_list":["post-1039838","post","type-post","status-publish","format-standard","has-post-thumbnail","category-nancy","tag-actu","tag-actualites","tag-bar-le-duc","tag-bar-le-duc-ville-55a","tag-edition-bar-le-duc","tag-education","tag-enseignement-superieur","tag-eu","tag-europe","tag-examen-diplome","tag-fr","tag-france","tag-grand-est","tag-nancy","tag-news","tag-republique-francaise"],"share_on_mastodon":{"url":"https:\/\/pubeurope.com\/@fr\/116853788320793361","error":""},"_links":{"self":[{"href":"https:\/\/www.europesays.com\/fr\/wp-json\/wp\/v2\/posts\/1039838","targetHints":{"allow":["GET"]}}],"collection":[{"href":"https:\/\/www.europesays.com\/fr\/wp-json\/wp\/v2\/posts"}],"about":[{"href":"https:\/\/www.europesays.com\/fr\/wp-json\/wp\/v2\/types\/post"}],"author":[{"embeddable":true,"href":"https:\/\/www.europesays.com\/fr\/wp-json\/wp\/v2\/users\/2"}],"replies":[{"embeddable":true,"href":"https:\/\/www.europesays.com\/fr\/wp-json\/wp\/v2\/comments?post=1039838"}],"version-history":[{"count":0,"href":"https:\/\/www.europesays.com\/fr\/wp-json\/wp\/v2\/posts\/1039838\/revisions"}],"wp:featuredmedia":[{"embeddable":true,"href":"https:\/\/www.europesays.com\/fr\/wp-json\/wp\/v2\/media\/1039839"}],"wp:attachment":[{"href":"https:\/\/www.europesays.com\/fr\/wp-json\/wp\/v2\/media?parent=1039838"}],"wp:term":[{"taxonomy":"category","embeddable":true,"href":"https:\/\/www.europesays.com\/fr\/wp-json\/wp\/v2\/categories?post=1039838"},{"taxonomy":"post_tag","embeddable":true,"href":"https:\/\/www.europesays.com\/fr\/wp-json\/wp\/v2\/tags?post=1039838"}],"curies":[{"name":"wp","href":"https:\/\/api.w.org\/{rel}","templated":true}]}}