{"id":104004,"date":"2025-05-16T08:42:08","date_gmt":"2025-05-16T08:42:08","guid":{"rendered":"https:\/\/www.europesays.com\/fr\/104004\/"},"modified":"2025-05-16T08:42:08","modified_gmt":"2025-05-16T08:42:08","slug":"carlos-sainz-jr-devient-ambassadeur-loreal","status":"publish","type":"post","link":"https:\/\/www.europesays.com\/fr\/104004\/","title":{"rendered":"Carlos Sainz Jr devient ambassadeur L&rsquo;Or\u00e9al"},"content":{"rendered":"<p>Porque le valo bien ! Vous l\u2019avez sans doute d\u00e9j\u00e0 vu, le pilote Williams Carlos Sainz a rejoint la famille L\u2019Or\u00e9al Paris en tant qu\u2019ambassadeur mondial de la marque ! Sainz est un sportif de classe mondiale qui incarne la performance et la masculinit\u00e9 moderne : r\u00e9silient, motiv\u00e9, \u00e9l\u00e9gant et profond\u00e9ment authentique. Son parcours, des circuits de karting en Espagne aux courses automobiles au plus haut niveau mondial, t\u00e9moigne de son travail acharn\u00e9, de son d\u00e9vouement et de la force de croire en soi.<\/p>\n<p>En tant qu\u2019\u00e9g\u00e9rie de L\u2019Or\u00e9al Paris Men Expert et Elvive, Sainz apporte selon l\u2019Or\u00e9al \u00ab\u00a0une \u00e9nergie unique qui parle \u00e0 toute une g\u00e9n\u00e9ration d\u2019hommes actifs qui valorisent l\u2019excellence, les r\u00e9sultats scientifiquement prouv\u00e9s et la confiance en soi\u00a0\u00bb. Connu sur les r\u00e9seaux sociaux au-del\u00e0 des sph\u00e8res de la F1 et touchant les femmes, il sait que prendre soin de soi, en tant qu\u2019homme, ne se r\u00e9sume pas \u00e0 soigner son apparence, mais aussi \u00e0 se montrer avec intention, style et respect de soi.<\/p>\n<p>Carlos inspire par son charisme, sa concentration et sa force tranquille, et l\u2019Or\u00e9al se dit \u00ab\u00a0honor\u00e9 de l\u2019accueillir dans la famille\u00a0\u00bb. Ensemble, la marque et le pilote annoncent qu\u2019ils \u00ab\u00a0continueront \u00e0 red\u00e9finir ce que signifient la confiance et le soin pour les hommes d\u2019aujourd\u2019hui\u00a0\u00bb.\u00a0<\/p>\n<p>\u00a0<\/p>\n","protected":false},"excerpt":{"rendered":"Porque le valo bien ! Vous l\u2019avez sans doute d\u00e9j\u00e0 vu, le pilote Williams Carlos Sainz a rejoint&hellip;\n","protected":false},"author":2,"featured_media":104005,"comment_status":"","ping_status":"","sticky":false,"template":"","format":"standard","meta":{"footnotes":""},"categories":[1412],"tags":[5080,5081,35,2245,1451,5083,5084,5085,5086,5087,1452,1453,1454,1455,1011,27,5089,5090,60,5091,3030,2771],"class_list":{"0":"post-104004","1":"post","2":"type-post","3":"status-publish","4":"format-standard","5":"has-post-thumbnail","7":"category-f1","8":"tag-actualites-f1","9":"tag-actuf1","10":"tag-business","11":"tag-carlos-sainz","12":"tag-f1","13":"tag-f1-actu","14":"tag-f1-direct","15":"tag-f1-live","16":"tag-f1-news","17":"tag-f1news","18":"tag-formula-1","19":"tag-formula1","20":"tag-formule-1","21":"tag-formule1","22":"tag-fr","23":"tag-france","24":"tag-news-f1","25":"tag-newsf1","26":"tag-sports","27":"tag-tip","28":"tag-top","29":"tag-williams"},"share_on_mastodon":{"url":"https:\/\/pubeurope.com\/@fr\/114516626191922511","error":""},"_links":{"self":[{"href":"https:\/\/www.europesays.com\/fr\/wp-json\/wp\/v2\/posts\/104004","targetHints":{"allow":["GET"]}}],"collection":[{"href":"https:\/\/www.europesays.com\/fr\/wp-json\/wp\/v2\/posts"}],"about":[{"href":"https:\/\/www.europesays.com\/fr\/wp-json\/wp\/v2\/types\/post"}],"author":[{"embeddable":true,"href":"https:\/\/www.europesays.com\/fr\/wp-json\/wp\/v2\/users\/2"}],"replies":[{"embeddable":true,"href":"https:\/\/www.europesays.com\/fr\/wp-json\/wp\/v2\/comments?post=104004"}],"version-history":[{"count":0,"href":"https:\/\/www.europesays.com\/fr\/wp-json\/wp\/v2\/posts\/104004\/revisions"}],"wp:featuredmedia":[{"embeddable":true,"href":"https:\/\/www.europesays.com\/fr\/wp-json\/wp\/v2\/media\/104005"}],"wp:attachment":[{"href":"https:\/\/www.europesays.com\/fr\/wp-json\/wp\/v2\/media?parent=104004"}],"wp:term":[{"taxonomy":"category","embeddable":true,"href":"https:\/\/www.europesays.com\/fr\/wp-json\/wp\/v2\/categories?post=104004"},{"taxonomy":"post_tag","embeddable":true,"href":"https:\/\/www.europesays.com\/fr\/wp-json\/wp\/v2\/tags?post=104004"}],"curies":[{"name":"wp","href":"https:\/\/api.w.org\/{rel}","templated":true}]}}