{"id":1040059,"date":"2026-07-03T05:28:32","date_gmt":"2026-07-03T05:28:32","guid":{"rendered":"https:\/\/www.europesays.com\/fr\/1040059\/"},"modified":"2026-07-03T05:28:32","modified_gmt":"2026-07-03T05:28:32","slug":"un-homme-meurt-apres-setre-immole-devant-les-nations-unies","status":"publish","type":"post","link":"https:\/\/www.europesays.com\/fr\/1040059\/","title":{"rendered":"Un homme meurt apr\u00e8s s&rsquo;\u00eatre immol\u00e9 devant les Nations unies"},"content":{"rendered":"<p>\n    Si la police n\u2019a communiqu\u00e9 aucun mobile pour cet acte, le New York Post a rapport\u00e9 que l\u2019homme avait un drapeau tib\u00e9tain au moment des faits.<\/p>\n<p class=\"fig-paragraph\">Un homme s&rsquo;est immol\u00e9 par le feu jeudi devant le si\u00e8ge des\u00a0<a href=\"https:\/\/www.lefigaro.fr\/tag\/onu\" target=\"_blank\" data-fig-type=\"Keyword\" rel=\"noopener nofollow\" data-gtm-custom-categorie=\"navigation\" data-gtm-custom-action=\"crossclick\" data-gtm-custom-label=\"Contextuel\" data-gtm-event=\"customEventSPE\" data-fig-domain=\"LEFIGARO\">Nations unies<\/a>\u00a0\u00e0 New York et est d\u00e9c\u00e9d\u00e9 des suites de ses blessures, a indiqu\u00e9 la police de la ville.<\/p>\n<p class=\"fig-paragraph\">La police de New York a indiqu\u00e9 \u00e0 l&rsquo;AFP avoir re\u00e7u un appel \u00e0 18h32 (00h32 \u00e0 Paris) signalant qu&rsquo;un homme s&rsquo;\u00e9tait immol\u00e9 par le feu \u00e0 proximit\u00e9 du si\u00e8ge des Nations unies. \u00abSon d\u00e9c\u00e8s a \u00e9t\u00e9 constat\u00e9 \u00e0 l\u2019h\u00f4pital Bellevue\u00bb de Manhattan, a pr\u00e9cis\u00e9 la police, qui a ouvert une enqu\u00eate. Elle n\u2019a communiqu\u00e9 aucun motif pour cet acte, mais le New York Post a rapport\u00e9 que l\u2019homme avait un drapeau tib\u00e9tain au moment des faits.<\/p>\n<p>                                            <a class=\"fig-a11y-skip\" href=\"#fig-a11y-skip-main-inarticle\" is=\"fig-a11y-skip\" data-trigger-mode=\"visible-once\"><br \/>\n    Passer la publicit\u00e9<br \/>\n<\/a>            <\/p>\n<p class=\"fig-paragraph\">Tencho Gyatso, pr\u00e9sident de l\u2019ONG Campagne internationale pour le Tibet, a identifi\u00e9 le d\u00e9funt comme \u00e9tant Lobga Rangzen, \u00abun d\u00e9fenseur infatigable du Tibet qui se consacrait \u00e0 sensibiliser pacifiquement l\u2019opinion publique \u00e0 la crise des droits humains au Tibet\u00bb. \u00abNous sommes attrist\u00e9s par cet incident tragique et effroyable et nous pr\u00e9sentons nos condol\u00e9ances \u00e0 sa famille\u00bb, a indiqu\u00e9 dans un communiqu\u00e9 \u00e0 l\u2019AFP le porte-parole du secr\u00e9taire g\u00e9n\u00e9ral de l\u2019ONU Antonio Guterres.<\/p>\n<p>                                            Loi chinoise<\/p>\n<p class=\"fig-paragraph\">Tencho Gyatso a pr\u00e9cis\u00e9 que Lobga Rangzen avait vivement d\u00e9nonc\u00e9 une nouvelle loi sur \u00abl\u2019unit\u00e9 ethnique\u00bb adopt\u00e9e par la Chine. Elle vise officiellement \u00e0 forger une identit\u00e9 nationale \u00abpartag\u00e9e\u00bb entre groupes ethniques et \u00e0 \u00abrenforcer la coh\u00e9sion\u00bb du pays, notamment en officialisant des politiques destin\u00e9es \u00e0 promouvoir le mandarin comme \u00ablangue commune nationale\u00bb. Le texte criminalise le fait de se livrer \u00e0 des \u00abactivit\u00e9s terroristes violentes, des activit\u00e9s de s\u00e9paratisme ethnique, ou des activit\u00e9s d\u2019extr\u00e9misme religieux\u00bb.<\/p>\n<p class=\"fig-paragraph\">La Chine reconna\u00eet officiellement 55 minorit\u00e9s ethniques sur son territoire, mais les politiques gouvernementales ont d\u00e9j\u00e0 fait du mandarin la langue d\u2019enseignement dans certaines r\u00e9gions \u00e0 forte population minoritaire, comme le Tibet. Or, les d\u00e9fenseurs des droits humains estiment que cette nouvelle loi a \u00e9t\u00e9 r\u00e9dig\u00e9e pour fournir une couverture l\u00e9gale aux politiques d\u2019assimilation forc\u00e9e des minorit\u00e9s au b\u00e9n\u00e9fice de la majorit\u00e9 Han.<\/p>\n<p class=\"fig-paragraph\">Le Tibet a \u00e9t\u00e9 envahi en 1950 par les troupes chinoises, qui en ont fait une province de Chine. Le Dala\u00ef Lama, 90 ans, est install\u00e9 en Inde depuis sa fuite de Lhassa, la capitale tib\u00e9taine, apr\u00e8s l\u2019\u00e9crasement d\u2019un soul\u00e8vement par les troupes chinoises en 1959. La politique de \u00abvoie m\u00e9diane\u00bb d\u00e9fendue de longue date par le chef de la communaut\u00e9 spirituelle tib\u00e9taine vise l\u2019autonomie et un \u00abr\u00e8glement du conflit sino-tib\u00e9tain par la non-violence, le dialogue et le b\u00e9n\u00e9fice mutuel\u00bb.<\/p>\n","protected":false},"excerpt":{"rendered":"Si la police n\u2019a communiqu\u00e9 aucun mobile pour cet acte, le New York Post a rapport\u00e9 que l\u2019homme&hellip;\n","protected":false},"author":2,"featured_media":1040060,"comment_status":"","ping_status":"","sticky":false,"template":"","format":"standard","meta":{"footnotes":"","_share_on_mastodon":"0"},"categories":[5],"tags":[11,1011,27,14,11415,12,3521,28],"class_list":["post-1040059","post","type-post","status-publish","format-standard","has-post-thumbnail","category-international","tag-actualites","tag-fr","tag-france","tag-international","tag-nations-unies","tag-news","tag-onu","tag-world"],"share_on_mastodon":{"url":"https:\/\/pubeurope.com\/@fr\/116854397697082034","error":""},"_links":{"self":[{"href":"https:\/\/www.europesays.com\/fr\/wp-json\/wp\/v2\/posts\/1040059","targetHints":{"allow":["GET"]}}],"collection":[{"href":"https:\/\/www.europesays.com\/fr\/wp-json\/wp\/v2\/posts"}],"about":[{"href":"https:\/\/www.europesays.com\/fr\/wp-json\/wp\/v2\/types\/post"}],"author":[{"embeddable":true,"href":"https:\/\/www.europesays.com\/fr\/wp-json\/wp\/v2\/users\/2"}],"replies":[{"embeddable":true,"href":"https:\/\/www.europesays.com\/fr\/wp-json\/wp\/v2\/comments?post=1040059"}],"version-history":[{"count":0,"href":"https:\/\/www.europesays.com\/fr\/wp-json\/wp\/v2\/posts\/1040059\/revisions"}],"wp:featuredmedia":[{"embeddable":true,"href":"https:\/\/www.europesays.com\/fr\/wp-json\/wp\/v2\/media\/1040060"}],"wp:attachment":[{"href":"https:\/\/www.europesays.com\/fr\/wp-json\/wp\/v2\/media?parent=1040059"}],"wp:term":[{"taxonomy":"category","embeddable":true,"href":"https:\/\/www.europesays.com\/fr\/wp-json\/wp\/v2\/categories?post=1040059"},{"taxonomy":"post_tag","embeddable":true,"href":"https:\/\/www.europesays.com\/fr\/wp-json\/wp\/v2\/tags?post=1040059"}],"curies":[{"name":"wp","href":"https:\/\/api.w.org\/{rel}","templated":true}]}}