{"id":1040346,"date":"2026-07-03T08:39:23","date_gmt":"2026-07-03T08:39:23","guid":{"rendered":"https:\/\/www.europesays.com\/fr\/1040346\/"},"modified":"2026-07-03T08:39:23","modified_gmt":"2026-07-03T08:39:23","slug":"marseille-trois-immeubles-de-la-rue-daubagne-evacues-apres-la-constatation-de-fissures","status":"publish","type":"post","link":"https:\/\/www.europesays.com\/fr\/1040346\/","title":{"rendered":"Marseille\u00a0: Trois immeubles de la rue d\u2019Aubagne \u00e9vacu\u00e9s apr\u00e8s la constatation de fissures"},"content":{"rendered":"<p>La trop connue rue d\u2019Aubagne \u00e0 <a href=\"https:\/\/www.20minutes.fr\/marseille\/\" class=\"c-link c-link--is-underlined\" rel=\"nofollow noopener\" target=\"_blank\">Marseille<\/a>,<a href=\"https:\/\/www.20minutes.fr\/justice\/4162322-20250707-immeubles-effondres-rue-aubagne-audience-interrompue-apres-malaise-coproprietaire\" class=\"c-link c-link--is-underlined\" rel=\"nofollow noopener\" target=\"_blank\"> o\u00f9 sont mortes 8 personnes dans des effondrements en\u00a02018<\/a> et o\u00f9, le <a href=\"https:\/\/actu.fr\/provence-alpes-cote-d-azur\/marseille_13055\/les-planchers-d-un-immeuble-s-effondrent-tout-pres-de-la-rue-d-aubagne-les-secours-sur-place-au-moins-6-blesses_64423811.html\" target=\"_blank\" class=\"c-link c-link--is-underlined\" rel=\"nofollow noopener\">18\u00a0juin dernier, le plancher d\u2019un immeuble s\u2019est effondr\u00e9<\/a>, blessant six personnes, a connu ce jeudi soir l\u2019\u00e9vacuation de trois immeubles. Des fissures ont \u00e9t\u00e9 constat\u00e9es sur l\u2019un d\u2019entre eux, actuellement inoccup\u00e9 et en r\u00e9novation.<\/p>\n<p>Six personnes relog\u00e9es<\/p>\n<p>\u00ab\u00a0Par mesure de pr\u00e9caution et afin de ne prendre aucun risque, les ouvriers pr\u00e9sents sur le chantier, les occupants des immeubles voisins ainsi que les commerces et occupants des rez-de-chauss\u00e9e situ\u00e9s aux 21, 23 et 25, rue d\u2019Aubagne ont \u00e9t\u00e9 \u00e9vacu\u00e9s\u00a0\u00bb, indique la maire de Marseille via communiqu\u00e9.<\/p>\n<p>Une dizaine de personnes ont d\u00fb quitter leur logement. Six d\u2019entre elles ont sollicit\u00e9 un besoin de relogement aupr\u00e8s de la municipalit\u00e9, qui \u00ab\u00a0suit la situation avec la plus grande vigilance et communiquera de nouvelles informations d\u00e8s que l\u2019\u00e9volution de l\u2019intervention le permettra\u00a0\u00bb.<\/p>\n","protected":false},"excerpt":{"rendered":"La trop connue rue d\u2019Aubagne \u00e0 Marseille, o\u00f9 sont mortes 8 personnes dans des effondrements en\u00a02018 et o\u00f9,&hellip;\n","protected":false},"author":2,"featured_media":1040347,"comment_status":"","ping_status":"","sticky":false,"template":"","format":"standard","meta":{"footnotes":"","_share_on_mastodon":"0"},"categories":[2814],"tags":[1111,47,11,885,7122,1777,674,118,1011,27,62454,1908,13248,884,12,883,882,25,2086],"class_list":["post-1040346","post","type-post","status-publish","format-standard","has-post-thumbnail","category-marseille","tag-actu","tag-actualite","tag-actualites","tag-bouches-du-rhone","tag-effondrement","tag-eu","tag-europe","tag-faits-divers","tag-fr","tag-france","tag-immeubles-effondres-a-marseille","tag-logement","tag-mal-logement","tag-marseille","tag-news","tag-paca","tag-provence-alpes-cote-dazur","tag-republique-francaise","tag-travaux"],"share_on_mastodon":{"url":"https:\/\/pubeurope.com\/@fr\/116855148688847831","error":""},"_links":{"self":[{"href":"https:\/\/www.europesays.com\/fr\/wp-json\/wp\/v2\/posts\/1040346","targetHints":{"allow":["GET"]}}],"collection":[{"href":"https:\/\/www.europesays.com\/fr\/wp-json\/wp\/v2\/posts"}],"about":[{"href":"https:\/\/www.europesays.com\/fr\/wp-json\/wp\/v2\/types\/post"}],"author":[{"embeddable":true,"href":"https:\/\/www.europesays.com\/fr\/wp-json\/wp\/v2\/users\/2"}],"replies":[{"embeddable":true,"href":"https:\/\/www.europesays.com\/fr\/wp-json\/wp\/v2\/comments?post=1040346"}],"version-history":[{"count":0,"href":"https:\/\/www.europesays.com\/fr\/wp-json\/wp\/v2\/posts\/1040346\/revisions"}],"wp:featuredmedia":[{"embeddable":true,"href":"https:\/\/www.europesays.com\/fr\/wp-json\/wp\/v2\/media\/1040347"}],"wp:attachment":[{"href":"https:\/\/www.europesays.com\/fr\/wp-json\/wp\/v2\/media?parent=1040346"}],"wp:term":[{"taxonomy":"category","embeddable":true,"href":"https:\/\/www.europesays.com\/fr\/wp-json\/wp\/v2\/categories?post=1040346"},{"taxonomy":"post_tag","embeddable":true,"href":"https:\/\/www.europesays.com\/fr\/wp-json\/wp\/v2\/tags?post=1040346"}],"curies":[{"name":"wp","href":"https:\/\/api.w.org\/{rel}","templated":true}]}}