{"id":104046,"date":"2025-05-16T09:03:08","date_gmt":"2025-05-16T09:03:08","guid":{"rendered":"https:\/\/www.europesays.com\/fr\/104046\/"},"modified":"2025-05-16T09:03:08","modified_gmt":"2025-05-16T09:03:08","slug":"une-nouvelle-marque-de-vetement-nait-a-sanary","status":"publish","type":"post","link":"https:\/\/www.europesays.com\/fr\/104046\/","title":{"rendered":"Une nouvelle marque de v\u00eatement na\u00eet \u00e0 Sanary"},"content":{"rendered":"<p>Les marques qui mettent en avant le territoire varois sont d\u00e9cid\u00e9ment \u00e0 la mode. Depuis d\u00e9but avril, une petite nouvelle a fait son apparition dans les rues de Sanary. Et elle ne passe pas vraiment inaper\u00e7ue.<\/p>\n<p>Avec ses couleurs pastel et estivales, Coup de soleil \u00e0 Portissol fait un joli d\u00e9marrage dans la station baln\u00e9aire. \u00ab\u00a0Je n\u2019ai d\u00e9j\u00e0 presque plus rien par rapport aux stocks que j\u2019avais au d\u00e9part\u00a0\u00bb, assure Nathan Bovero, cr\u00e9ateur de la marque.<\/p>\n<p>Avec sa maman Patricia, ce Sanaryen pur jus a ouvert deux boutiques Maria Valentina en centre-ville, il y a quelques mois de cela. Et, au d\u00e9part, c\u2019\u00e9tait uniquement pour garnir ses rayons qu\u2019il souhaitait lancer sa collection.<\/p>\n<p> \u00ab\u00a0Je m\u2019\u00e9tais dit qu\u2019au lieu de simplement proposer du chinois ou de l\u2019italien, je pouvais tr\u00e8s bien fabriquer des v\u00eatements que j\u2019aime. Finalement, quand j\u2019ai vu que j\u2019avais vendu toutes les premi\u00e8res tailles S et M en une semaine, je suis un peu rest\u00e9 b\u00eate. J\u2019ai donc cr\u00e9\u00e9 le site web en plus.\u00a0\u00bb<\/p>\n<p><strong>T-shirts \u00e9ponge et coupe unisexe<\/strong><\/p>\n<p>Pour le style, prenez un peu de soleil, quelques c\u0153urs, des dauphins, ainsi que beaucoup de couleurs, et vous obtenez la premi\u00e8re gamme de t-shirts de l\u2019entreprise varoise.<\/p>\n<p>\u00ab\u00a0C\u2019est une marque d\u2019\u00e9t\u00e9, de soleil et de mer. J\u2019y ai mis des choses qui me rappelaient Sanary\u00a0\u00bb, pr\u00e9sente Nathan, qui ne fait toutefois pas de d\u00e9tour au moment d\u2019\u00e9voquer la provenance des mati\u00e8res premi\u00e8res de ses t-shirts en coton.<\/p>\n<p>\u00ab\u00a0Le fournisseur est au Bangladesh. Mais je dois dire que j\u2019ai s\u00e9lectionn\u00e9 le \u201cmoins pire\u201d. Il a l\u2019obligation de payer chaque travailleur au-dessus du salaire minimum et les habits sont \u00e9coresponsables. En plus, 2% des ventes sont revers\u00e9s \u00e0 l\u2019association Water.org (qui aide les personnes les plus pauvres \u00e0 acc\u00e9der \u00e0 l\u2019eau potable).\u00a0\u00bb<\/p>\n<p>Relativement pl\u00e9biscit\u00e9s en p\u00e9riode estivale, t-shirts et shorts \u00e9ponge, pour leur part, sont fabriqu\u00e9s en Italie et brod\u00e9s \u00e0 Six-Fours. Les tailles vont du S au XXXL, avec une coupe unisexe, et le cr\u00e9ateur recommande de porter les v\u00eatements larges.<\/p>\n<p>Pour ce qui est des prix, comptez 39 euros pour le \u00ab\u00a0t-shirt en coton best-seller\u00a0\u00bb. Trois imprim\u00e9s sont pour l\u2019instant disponibles en diff\u00e9rents coloris, mais d\u2019autres mod\u00e8les et habits devraient suivre, comme des shorts l\u00e9gers ou des sweats. De quoi diffuser encore davantage les good vibes (bonnes vibrations) de Sanary.<\/p>\n<p>Maria Valentina, 14 rue de la Prud\u2019homie et 9 rue Marcelin-Siat, Sanary. Site web: www.coupdesoleilaportissol.com\/.<\/p>\n","protected":false},"excerpt":{"rendered":"Les marques qui mettent en avant le territoire varois sont d\u00e9cid\u00e9ment \u00e0 la mode. Depuis d\u00e9but avril, une&hellip;\n","protected":false},"author":2,"featured_media":104047,"comment_status":"","ping_status":"","sticky":false,"template":"","format":"standard","meta":{"footnotes":""},"categories":[9619],"tags":[1111,11,2876,1777,674,1011,27,12,882,25,2310,3366],"class_list":{"0":"post-104046","1":"post","2":"type-post","3":"status-publish","4":"format-standard","5":"has-post-thumbnail","7":"category-toulon","8":"tag-actu","9":"tag-actualites","10":"tag-conso-shopping","11":"tag-eu","12":"tag-europe","13":"tag-fr","14":"tag-france","15":"tag-news","16":"tag-provence-alpes-cote-dazur","17":"tag-republique-francaise","18":"tag-toulon","19":"tag-vie-locale"},"share_on_mastodon":{"url":"https:\/\/pubeurope.com\/@fr\/114516708823091441","error":""},"_links":{"self":[{"href":"https:\/\/www.europesays.com\/fr\/wp-json\/wp\/v2\/posts\/104046","targetHints":{"allow":["GET"]}}],"collection":[{"href":"https:\/\/www.europesays.com\/fr\/wp-json\/wp\/v2\/posts"}],"about":[{"href":"https:\/\/www.europesays.com\/fr\/wp-json\/wp\/v2\/types\/post"}],"author":[{"embeddable":true,"href":"https:\/\/www.europesays.com\/fr\/wp-json\/wp\/v2\/users\/2"}],"replies":[{"embeddable":true,"href":"https:\/\/www.europesays.com\/fr\/wp-json\/wp\/v2\/comments?post=104046"}],"version-history":[{"count":0,"href":"https:\/\/www.europesays.com\/fr\/wp-json\/wp\/v2\/posts\/104046\/revisions"}],"wp:featuredmedia":[{"embeddable":true,"href":"https:\/\/www.europesays.com\/fr\/wp-json\/wp\/v2\/media\/104047"}],"wp:attachment":[{"href":"https:\/\/www.europesays.com\/fr\/wp-json\/wp\/v2\/media?parent=104046"}],"wp:term":[{"taxonomy":"category","embeddable":true,"href":"https:\/\/www.europesays.com\/fr\/wp-json\/wp\/v2\/categories?post=104046"},{"taxonomy":"post_tag","embeddable":true,"href":"https:\/\/www.europesays.com\/fr\/wp-json\/wp\/v2\/tags?post=104046"}],"curies":[{"name":"wp","href":"https:\/\/api.w.org\/{rel}","templated":true}]}}