{"id":104052,"date":"2025-05-16T09:06:14","date_gmt":"2025-05-16T09:06:14","guid":{"rendered":"https:\/\/www.europesays.com\/fr\/104052\/"},"modified":"2025-05-16T09:06:14","modified_gmt":"2025-05-16T09:06:14","slug":"montpellier-hsc-zoumana-camara-fait-le-point-sur-ses-souhaits-lors-du-mercato-estival-avant-la-ligue-2","status":"publish","type":"post","link":"https:\/\/www.europesays.com\/fr\/104052\/","title":{"rendered":"Montpellier HSC &#8211; Zoumana Camara fait le point sur ses souhaits lors du mercato estival avant la Ligue 2"},"content":{"rendered":"<p style=\"text-align: justify;\">Contrairement \u00e0 Lorient ou \u00e0 Metz, qui sont descendus en\u00a0<strong>Ligue 2\u00a0<\/strong>l\u2019\u00e9t\u00e9 dernier avec la ferme intention de remonter imm\u00e9diatement, il est difficile pour le moment de cerner quel sera le statut de <strong>Montpellier<\/strong> dans notre championnat en 2025-2026 ! Entre les d\u00e9parts de cadres, les soucis financiers et le traumatisme qu\u2019aura \u00e9t\u00e9 cette saison dans l\u2019\u00e9lite, <strong>Zoumana Camara<\/strong> aura fort \u00e0 faire pour placer le MHSC dans le haut du classement.<\/p>\n<p style=\"text-align: justify;\">\u00c0 lire aussi &gt;&gt;\u00a0<a href=\"https:\/\/maligue2.fr\/2025\/05\/15\/fc-nantes-antoine-kombouare-avant-montpellier-je-ne-vis-que-pour-ce-match\/\" target=\"_blank\" rel=\"noopener\">FC Nantes \u2013 Antoine Kombouar\u00e9 avant Montpellier : \u00ab Je ne vis que pour ce match \u00bb<\/a><\/p>\n<p style=\"text-align: justify;\">Dans une interview donn\u00e9e \u00e0 Midi Libre, le technicien qui vivra ce samedi contre Nantes son dernier match de <strong>Ligue 1<\/strong> avant quelques temps au moins a fait le point sur sa vision pour la suite des op\u00e9rations sportives, alors que l\u2019\u00e9t\u00e9 s\u2019annonce tr\u00e8s mouvement\u00e9 dans l\u2019H\u00e9rault. Le jeune d\u00e9fenseur <strong>Ya\u00ebl Mouanga<\/strong> aurait, pour l\u2019instant, refus\u00e9 de signer un premier contrat professionnel, mais le coach montpelli\u00e9rain se veut rassurant.<\/p>\n<p style=\"text-align: justify;\">\u00ab Je peux avoir une envie et peut-\u00eatre que les joueurs, eux, ont des envies d\u2019ailleurs\u2026 L\u2019id\u00e9al serait un mix entre des joueurs avec un peu d\u2019exp\u00e9rience ou de la personnalit\u00e9 et des jeunes qui doivent continuer \u00e0 se d\u00e9velopper. Parce que quand on est jeune, il y a le talent. Mais ce qu\u2019il y a de plus dur \u00e0 avoir, c\u2019est la r\u00e9gularit\u00e9. Pour Mouanga, je ne suis pas sp\u00e9cialement inquiet, \u00e0 ce niveau-l\u00e0. Comme d\u2019autres, il a eu du temps de jeu et fait des choses int\u00e9ressantes. Il a du mal \u00e0 finir les matchs. Il reste encore du chemin et du travail, mais c\u2019est un potentiel int\u00e9ressant pour le club. Pour les plus exp\u00e9riment\u00e9s, entre ce que je souhaite et la r\u00e9alit\u00e9 du march\u00e9, je n\u2019ai pas envie de cr\u00e9er une d\u00e9ception et de la frustration. Mais je veux que mes joueurs soient des exemples au quotidien. Des leaders par la parole, mais aussi par les actes dans le quotidien. Et dans leur investissement et dans le travail qu\u2019ils y mettront. \u00bb<\/p>\n<p><strong>Une grosse contrainte p\u00e9cuniaire<\/strong><\/p>\n<p style=\"text-align: justify;\">\u00ab Aujourd\u2019hui, l\u2019aspect financier, c\u2019est le nerf de la guerre, on ne va pas se mentir. Quand on a les moyens, on peut faire de bonnes choses. Ce n\u2019est pas la politique et ce n\u2019est pas la philosophie de ce club. Je suis plut\u00f4t dans l\u2019envie de construire et avoir des joueurs avec des potentiels qu\u2019on peut d\u00e9velopper et continuer \u00e0 faire grandir. Dans mon esprit, si je prends une \u00e9quipe, il faut qu\u2019\u00e0 la fin de la saison, j\u2019aie r\u00e9ussi \u00e0 la faire \u00e9voluer collectivement et les joueurs individuellement. Qu\u2019on puisse voir un changement, une progression. Maintenant, je ne suis pas un entra\u00eeneur formateur. Il y a des r\u00e9sultats \u00e0 avoir. \u00bb<\/p>\n<p style=\"text-align: justify;\">Source : <a href=\"https:\/\/www.midilibre.fr\/2025\/05\/16\/mhsc-avec-quels-joueurs-montpellier-evoluera-en-ligue-2-lannee-prochaine-12698390.php\" target=\"_blank\" rel=\"noopener\">midilibre.fr<\/a><\/p>\n<p style=\"text-align: justify;\">Photo Loic Cousin\/Icon Sport<\/p>\n","protected":false},"excerpt":{"rendered":"Contrairement \u00e0 Lorient ou \u00e0 Metz, qui sont descendus en\u00a0Ligue 2\u00a0l\u2019\u00e9t\u00e9 dernier avec la ferme intention de remonter&hellip;\n","protected":false},"author":2,"featured_media":104053,"comment_status":"","ping_status":"","sticky":false,"template":"","format":"standard","meta":{"footnotes":""},"categories":[9599],"tags":[1111,11,1777,674,1011,27,2208,12,2680,25,22072,13007],"class_list":{"0":"post-104052","1":"post","2":"type-post","3":"status-publish","4":"format-standard","5":"has-post-thumbnail","7":"category-montpellier","8":"tag-actu","9":"tag-actualites","10":"tag-eu","11":"tag-europe","12":"tag-fr","13":"tag-france","14":"tag-montpellier","15":"tag-news","16":"tag-occitanie","17":"tag-republique-francaise","18":"tag-yael-mouanga-boudzoumou","19":"tag-zoumana-camara"},"share_on_mastodon":{"url":"https:\/\/pubeurope.com\/@fr\/114516720697078214","error":""},"_links":{"self":[{"href":"https:\/\/www.europesays.com\/fr\/wp-json\/wp\/v2\/posts\/104052","targetHints":{"allow":["GET"]}}],"collection":[{"href":"https:\/\/www.europesays.com\/fr\/wp-json\/wp\/v2\/posts"}],"about":[{"href":"https:\/\/www.europesays.com\/fr\/wp-json\/wp\/v2\/types\/post"}],"author":[{"embeddable":true,"href":"https:\/\/www.europesays.com\/fr\/wp-json\/wp\/v2\/users\/2"}],"replies":[{"embeddable":true,"href":"https:\/\/www.europesays.com\/fr\/wp-json\/wp\/v2\/comments?post=104052"}],"version-history":[{"count":0,"href":"https:\/\/www.europesays.com\/fr\/wp-json\/wp\/v2\/posts\/104052\/revisions"}],"wp:featuredmedia":[{"embeddable":true,"href":"https:\/\/www.europesays.com\/fr\/wp-json\/wp\/v2\/media\/104053"}],"wp:attachment":[{"href":"https:\/\/www.europesays.com\/fr\/wp-json\/wp\/v2\/media?parent=104052"}],"wp:term":[{"taxonomy":"category","embeddable":true,"href":"https:\/\/www.europesays.com\/fr\/wp-json\/wp\/v2\/categories?post=104052"},{"taxonomy":"post_tag","embeddable":true,"href":"https:\/\/www.europesays.com\/fr\/wp-json\/wp\/v2\/tags?post=104052"}],"curies":[{"name":"wp","href":"https:\/\/api.w.org\/{rel}","templated":true}]}}