{"id":104054,"date":"2025-05-16T09:07:16","date_gmt":"2025-05-16T09:07:16","guid":{"rendered":"https:\/\/www.europesays.com\/fr\/104054\/"},"modified":"2025-05-16T09:07:16","modified_gmt":"2025-05-16T09:07:16","slug":"jardinage-fete-medievale-discotheque-nos-idees-sorties-du-weekend-a-rouen","status":"publish","type":"post","link":"https:\/\/www.europesays.com\/fr\/104054\/","title":{"rendered":"Jardinage, f\u00eate m\u00e9di\u00e9vale, discoth\u00e8que&#8230; Nos id\u00e9es sorties du weekend \u00e0 Rouen"},"content":{"rendered":"<p>            Par<br \/>\n        <strong><br \/>\n            <a href=\"https:\/\/actu.fr\/auteur\/julien-bouteiller\" title=\"Consulter tous les articles de Julien Bouteiller\" rel=\"nofollow noopener\" target=\"_blank\">Julien Bouteiller<\/a><br \/>\n        <\/strong><\/p>\n<p>        Publi\u00e9 le<\/p>\n<p>            16 mai 2025 \u00e0 10h28        <\/p>\n<p><strong>C\u2019est un beau week-end qui s\u2019annonce\u2009!<\/strong> De quoi donner l\u2019envie de sortir pour en profiter un maximum. Et comme chaque semaine, la r\u00e9daction vous a s\u00e9lectionn\u00e9 <strong>quelques id\u00e9es de sorties \u00e0 Rouen<\/strong> pour ces samedi\u00a017 et dimanche 18\u00a0mai 2025.<\/p>\n<p>Le festival Graines de jardin<\/p>\n<p class=\" wall-content\">C\u2019est LE rendez-vous incontournable des mains vertes\u2009! Pour sa 16e \u00e9dition,<strong> le festival Graines de jardin<\/strong> revient <strong>au Jardin des Plantes<\/strong> avec au programme\u2009: des ateliers cr\u00e9atifs, la d\u00e9couverte de m\u00e9tiers, un jeu de piste, une expo, des spectacles et bien s\u00fbr le traditionnel vide-jardin.<\/p>\n<p><a href=\"https:\/\/actu.fr\/normandie\/rouen_76540\/graines-de-jardin-des-milliers-de-visiteurs-attendus-dans-ce-festival-dedie-au-jardinage-a-rouen_62612422.html\" rel=\"nofollow noopener\" target=\"_blank\">Toutes les infos sur Graines de Jardin<\/a>Tester la cuisine malaisienne<\/p>\n<p class=\" wall-content\">Vous vous demandez \u00e0 quoi peut bien ressembler <strong>la cuisine malaisienne<\/strong>\u2009? Pas besoin de voyager pour cela, il suffit de vous rendre chez <strong>Kopitiam, rue Cauchoise<\/strong>. D\u00e9j\u00e0 implant\u00e9 rive gauche, le restaurant a une nouvelle adresse en centre-ville. Parfait pour d\u00e9couvrir le Nasi Lemak, le Laksa Noodle ou le Rendang Beef.<\/p>\n<p><a href=\"https:\/\/actu.fr\/normandie\/rouen_76540\/ce-restaurant-ouvre-une-deuxieme-adresse-dediee-a-la-cuisine-malaisienne-en-plein-coeur-de-rouen_62616518.html\" rel=\"nofollow noopener\" target=\"_blank\">Toutes les infos sur Kopitiam<\/a>Vid\u00e9os : en ce moment sur ActuUne f\u00eate m\u00e9di\u00e9vale \u00e0 Oissel<\/p>\n<p class=\" wall-content\">Ce week-end,<strong> le parc du Ch\u00e2teau de la Marquise \u00e0 Oissel<\/strong> se transforme en haut lieu des univers <strong>m\u00e9di\u00e9val, fantastique et steampunk<\/strong>. Les M\u00e9di\u00e9vales d\u2019Oissel reviennent pour une quatri\u00e8me \u00e9dition avec concerts, animations, march\u00e9 artisanal et bien d\u2019autres surprises.<\/p>\n<p><a href=\"https:\/\/actu.fr\/normandie\/oissel_76484\/artisans-trollball-chasse-au-tresor-les-fetes-medievales-d-oissel-font-leur-retour_62593379.html\" rel=\"nofollow noopener\" target=\"_blank\">Toutes les infos sur les M\u00e9di\u00e9vales d\u2019Oissel<\/a>Le renouveau du Moulin Rose<\/p>\n<p class=\" wall-content\">Un nouveau g\u00e9rant pour <strong>rebooster une des plus vieilles discoth\u00e8ques de France<\/strong>. Rapha\u00ebl Alarcon, bien connu du monde de la nuit rouennais, a pris les r\u00eanes <strong>du Moulin Rose<\/strong> pour lui redonner sa gloire d\u2019antan, avec musique g\u00e9n\u00e9raliste, afterworks, concerts, spectacles\u2026 \u00c0 tester donc\u2009!<\/p>\n<p><a href=\"https:\/\/actu.fr\/?p=62640415\" rel=\"nofollow noopener\" target=\"_blank\">Toutes les infos sur le renouveau du Moulin Rose<\/a>Un peu de shopping rue Saint-Nicolas<\/p>\n<p class=\" wall-content\">Pour votre session shopping du week-end, pourquoi ne pas sortir un peu de la rue du Gros Horloge <strong>pour aller rue Saint-Nicolas<\/strong>. Cette art\u00e8re, en plus d\u2019\u00eatre tr\u00e8s charmante, regroupe <strong>de nombreuses boutiques ind\u00e9pendantes<\/strong>, de la d\u00e9coration, des v\u00eatements, une galerie d\u2019art\u2026 Bref, de quoi faire plein d\u2019emplettes.<\/p>\n<p><a href=\"https:\/\/actu.fr\/normandie\/rouen_76540\/commerces-a-rouen-la-rue-saint-nicolas-du-quasi-neant-a-rue-parmi-les-plus-cotees-de-la-ville_62581928.html\" rel=\"nofollow noopener\" target=\"_blank\">Toutes les infos sur le commerce rue Saint-Nicolas<\/a><\/p>\n<p class=\" wall-content\">Enfin, n\u2019oubliez pas que les votes sont d\u00e9sormais ouverts pour <a href=\"https:\/\/actu.fr\/?p=62623521\" rel=\"nofollow noopener\" target=\"_blank\">\u00e9lire le Bar pr\u00e9f\u00e9r\u00e9 des Rouennais 2025<\/a>. On compte sur vous\u2009!<\/p>\n<p>Suivez l\u2019actualit\u00e9 de Rouen <a href=\"https:\/\/www.whatsapp.com\/channel\/0029VaKfnf99hXF2ddApFB1D\" rel=\"nofollow noopener\" target=\"_blank\">sur notre cha\u00eene WhatsApp<\/a> et <a href=\"https:\/\/www.tiktok.com\/@76actu.fr?lang=fr\" rel=\"nofollow noopener\" target=\"_blank\">sur notre compte TikTok<\/a>Vous souhaitez annoncer un \u00e9v\u00e9nement festif ou associatif, une initiative locale\u2009? Rendez-vous sur notre plateforme <a href=\"https:\/\/www.infolocale.fr\/decouvrir\/actu\/\" rel=\"nofollow noopener\" target=\"_blank\">Infolocale<\/a>.<\/p>\n<p class=\" wall-content\">Suivez toute l\u2019actualit\u00e9 de vos villes et m\u00e9dias favoris en vous inscrivant \u00e0 <a href=\"https:\/\/moncompte.actu.fr\" title=\"D\u00e9couvez Mon Actu\" rel=\"nofollow noopener\" data-trk=\"{&quot;cta&quot;:{&quot;action&quot;:&quot;https:\\\/\\\/moncompte.actu.fr&quot;,&quot;category&quot;:&quot;mon compte&quot;,&quot;from&quot;:&quot;article footer&quot;,&quot;name&quot;:&quot;Mon actu&quot;,&quot;type&quot;:&quot;cta&quot;}}\" target=\"_blank\">Mon Actu<\/a>.<\/p>\n<p>                    <script async src=\"\/\/www.tiktok.com\/embed.js\"><\/script><\/p>\n","protected":false},"excerpt":{"rendered":"Par Julien Bouteiller Publi\u00e9 le 16 mai 2025 \u00e0 10h28 C\u2019est un beau week-end qui s\u2019annonce\u2009! De quoi&hellip;\n","protected":false},"author":2,"featured_media":104055,"comment_status":"","ping_status":"","sticky":false,"template":"","format":"standard","meta":{"footnotes":""},"categories":[9587],"tags":[1111,11,9086,215,1777,674,1011,27,2575,1652,12,5161,25,9590],"class_list":{"0":"post-104054","1":"post","2":"type-post","3":"status-publish","4":"format-standard","5":"has-post-thumbnail","7":"category-rouen","8":"tag-actu","9":"tag-actualites","10":"tag-bon-plan-a-rouen","11":"tag-commerce","12":"tag-eu","13":"tag-europe","14":"tag-fr","15":"tag-france","16":"tag-jardinage","17":"tag-loisirs-culture","18":"tag-news","19":"tag-normandie","20":"tag-republique-francaise","21":"tag-rouen"},"share_on_mastodon":{"url":"https:\/\/pubeurope.com\/@fr\/114516724594238057","error":""},"_links":{"self":[{"href":"https:\/\/www.europesays.com\/fr\/wp-json\/wp\/v2\/posts\/104054","targetHints":{"allow":["GET"]}}],"collection":[{"href":"https:\/\/www.europesays.com\/fr\/wp-json\/wp\/v2\/posts"}],"about":[{"href":"https:\/\/www.europesays.com\/fr\/wp-json\/wp\/v2\/types\/post"}],"author":[{"embeddable":true,"href":"https:\/\/www.europesays.com\/fr\/wp-json\/wp\/v2\/users\/2"}],"replies":[{"embeddable":true,"href":"https:\/\/www.europesays.com\/fr\/wp-json\/wp\/v2\/comments?post=104054"}],"version-history":[{"count":0,"href":"https:\/\/www.europesays.com\/fr\/wp-json\/wp\/v2\/posts\/104054\/revisions"}],"wp:featuredmedia":[{"embeddable":true,"href":"https:\/\/www.europesays.com\/fr\/wp-json\/wp\/v2\/media\/104055"}],"wp:attachment":[{"href":"https:\/\/www.europesays.com\/fr\/wp-json\/wp\/v2\/media?parent=104054"}],"wp:term":[{"taxonomy":"category","embeddable":true,"href":"https:\/\/www.europesays.com\/fr\/wp-json\/wp\/v2\/categories?post=104054"},{"taxonomy":"post_tag","embeddable":true,"href":"https:\/\/www.europesays.com\/fr\/wp-json\/wp\/v2\/tags?post=104054"}],"curies":[{"name":"wp","href":"https:\/\/api.w.org\/{rel}","templated":true}]}}