{"id":104056,"date":"2025-05-16T09:08:23","date_gmt":"2025-05-16T09:08:23","guid":{"rendered":"https:\/\/www.europesays.com\/fr\/104056\/"},"modified":"2025-05-16T09:08:23","modified_gmt":"2025-05-16T09:08:23","slug":"a-rouen-thomas-jolly-et-son-mega-projet-onereux-pour-le-14-juillet-font-grincer-des-dents","status":"publish","type":"post","link":"https:\/\/www.europesays.com\/fr\/104056\/","title":{"rendered":"\u00c0 Rouen, Thomas Jolly et son m\u00e9ga projet on\u00e9reux pour le 14-Juillet font grincer des dents"},"content":{"rendered":"<p>        <img decoding=\"async\" loading=\"lazy\" src=\"https:\/\/www.europesays.com\/fr\/wp-content\/uploads\/2025\/05\/90c09c2_1663762666200-000-32jt8gx.jpg\"  width=\"728\" height=\"409\" alt=\"La gauche rouennaise soutient le m\u00e9ga projet on\u00e9reux de Thomas Jolly pour le 14\u00a0juillet, qui fait grincer des dents l\u2019opposition municipale et \u00e0 la m\u00e9tropole.\"\/>  <\/p>\n<p>AFP<\/p>\n<p>La gauche rouennaise soutient le m\u00e9ga projet on\u00e9reux de Thomas Jolly pour le 14\u00a0juillet, qui fait grincer des dents l\u2019opposition municipale et \u00e0 la m\u00e9tropole.<\/p>\n<p class=\"asset asset-text\">NORMANDIE &#8211; Opportunit\u00e9 \u00e9conomique et touristique ou gouffre financier\u00a0? Le m\u00e9ga projet de Thomas Jolly pour le 14\u00a0juillet \u00e0 <a href=\"https:\/\/www.huffingtonpost.fr\/sport\/article\/a-l-open-de-rouen-harriet-dart-s-excuse-aupres-de-lois-boisson-apres-lui-avoir-demande-de-mettre-du-deo_248870.html\" target=\"_blank\" rel=\"noopener\">Rouen<\/a> suscite de vifs d\u00e9bats au sein de la m\u00e9tropole normande, \u00e0 qui il a \u00e9t\u00e9 pr\u00e9sent\u00e9 le lundi 12\u00a0mai. Rouennais d\u2019origine, le <a href=\"https:\/\/www.huffingtonpost.fr\/culture\/article\/aux-molieres-2025-thomas-jolly-se-dit-pret-a-en-decoudre-face-aux-attaques-contre-la-culture_249380.html\" target=\"_blank\" rel=\"noopener\">chef d\u2019orchestre de la c\u00e9r\u00e9monie d\u2019ouverture<\/a> des Jeux Olympiques r\u00eave d\u2019un grand show pour la f\u00eate nationale qui pourrait \u00eatre retransmis en direct \u00e0 la t\u00e9l\u00e9vision.<\/p>\n<p class=\"asset asset-text\">D\u00e9fendu par la majorit\u00e9 du maire socialiste Nicolas Mayer-Rossignol, le projet concentre les critiques de nombreux \u00e9lus d\u2019opposition d\u2019apr\u00e8s <a href=\"https:\/\/www.bfmtv.com\/normandie\/rouen-des-elus-denoncent-le-cout-colossal-d-un-projet-de-spectacle-de-thomas-jolly-pour-le-14-juillet_AN-202505150577.html\" target=\"_blank\" rel=\"noopener\" title=\"Nouvelle fen\u00eatre\">BFMTV<\/a> et <a href=\"https:\/\/france3-regions.franceinfo.fr\/normandie\/seine-maritime\/rouen\/thomas-jolly-aux-commandes-du-14-juillet-a-rouen-on-ne-peut-pas-sortir-5-millions-d-argent-public-pour-1h30-de-show-3152687.html\" target=\"_blank\" rel=\"noopener\" title=\"Nouvelle fen\u00eatre\">France 3\u00a0Normandie<\/a>. \u00ab\u00a0On ne peut pas sortir 5\u00a0millions d\u2019argent public pour 1\u00a0h\u00a030\u00a0de show\u00a0\u00bb, a cingl\u00e9 Marine Caron, \u00e9lue municipale rouennaise (Horizons) interrog\u00e9e au micro de France T\u00e9l\u00e9visions. Elle accuse le maire de Rouen d\u2019avoir pris une d\u00e9cision \u00ab\u00a0en catimini\u00a0\u00bb, la pr\u00e9sentant seulement aux \u00e9lus de la m\u00e9tropole sans passer par le conseil municipal de la ville.<\/p>\n<p class=\"asset asset-text\">\u00ab\u00a0Une fois de plus, <a href=\"https:\/\/www.huffingtonpost.fr\/politique\/article\/face-a-olivier-faure-nicolas-mayer-rossignol-le-n-2-du-ps-se-voit-bien-a-la-tete-d-une-dream-team-interview_248735.html\" target=\"_blank\" rel=\"noopener\" title=\"Nouvelle fen\u00eatre\">Nicolas Mayer-Rossignol<\/a> travaille seul sur des projets pharaoniques\u00a0\u00bb, a fustig\u00e9 l\u2019\u00e9lue de droite dans un communiqu\u00e9 sur X o\u00f9 elle d\u00e9nonce le co\u00fbt \u00ab\u00a0colossal\u00a0\u00bb pour les finances publiques. Sur les 11\u00a0millions d\u2019euros au total, 3\u00a0millions seront fournis par la ville de Rouen et 2\u00a0millions par la m\u00e9tropole, d\u00e9taille le m\u00e9dia local <a href=\"https:\/\/www.paris-normandie.fr\/id630458\/article\/2025-05-13\/rouen-un-spectacle-grandiose-de-thomas-jolly-pour-le-14-juillet-les-critiques\" target=\"_blank\" rel=\"noopener\" title=\"Nouvelle fen\u00eatre\">Paris Normandie<\/a>. Une somme qui \u00ab\u00a0pourrait \u00eatre investi[e] pour r\u00e9pondre aux besoins du quotidien\u00a0\u00bb des habitants, estime Marine Caron.<\/p>\n<p>    Des \u00ab\u00a0retomb\u00e9es exceptionnelles\u00a0\u00bb pour Rouen et son agglom\u00e9ration    <\/p>\n<p class=\"asset asset-text\">L\u2019\u00e9lue Horizons n\u2019est pas la seule \u00e0 \u00eatre mont\u00e9e au cr\u00e9neau. Plusieurs maires de l\u2019agglom\u00e9ration ont exprim\u00e9 leur scepticisme voire leur col\u00e8re face au m\u00e9ga projet de <a href=\"https:\/\/www.huffingtonpost.fr\/justice\/article\/cyberharcelement-visant-thomas-jolly-des-amendes-et-de-la-prison-avec-sursis-contre-les-sept-personnes_249635.html\" target=\"_blank\" rel=\"noopener\">Thomas Jolly<\/a>. \u00ab\u00a0J\u2019aime beaucoup Thomas Jolly, mais est-ce qu\u2019il faut surfer sur la vague et refaire les JO, je suis tr\u00e8s sceptique, d\u2019autant que c\u2019est vraiment beaucoup d\u2019argent\u00a0\u00bb, a ainsi soulign\u00e9 Laurent Bonnaterre, opposant \u00e0 Nicolas Mayer-Rossignol et maire de Caudebec-l\u00e8s-Elbeuf.<\/p>\n<p class=\"asset asset-text\">De son c\u00f4t\u00e9, la m\u00e9tropole de Rouen a rappel\u00e9 dans un communiqu\u00e9 que \u00ab\u00a0ni le projet, ni le budget ne sont confirm\u00e9s \u00e0 ce stade\u00a0\u00bb et que la \u00ab\u00a0participation financi\u00e8re de la ville et de la m\u00e9tropole, si le projet se r\u00e9alisait, serait inf\u00e9rieure \u00e0 50\u00a0% du budget total de la manifestation\u00a0\u00bb. Si les discussions avec France T\u00e9l\u00e9visions n\u2019ont pas abouti, une n\u00e9gociation serait en cours pour les droits de retransmissions avec la cha\u00eene priv\u00e9e TF1.<\/p>\n<p class=\"asset asset-text\">Le projet de Thomas Jolly a aussi \u00e9t\u00e9 d\u00e9fendu par l\u2019adjointe au Maire de Rouen en charge de la Culture et du Tourisme. Marie-Andr\u00e9e Malleville fait valoir que l\u2019\u00e9v\u00e8nement pourrait avoir des retomb\u00e9es \u00ab\u00a0exceptionnelles\u00a0\u00bb pour Rouen et son agglom\u00e9ration. Au micro de France 3, elle reproche aux \u00e9lus d\u2019opposition de ne pas \u00eatre \u00ab\u00a0venus \u00e0 la r\u00e9union d\u2019information\u00a0\u00bb. \u00ab\u00a0Thomas Jolly \u00e9tait lui-m\u00eame pr\u00e9sent et a donn\u00e9 de nombreux d\u00e9tails\u00a0\u00bb, a insist\u00e9 l\u2019adjointe de gauche, rappelant que tout versement d\u2019argent public impliquera un vote au conseil municipal.<\/p>\n<p class=\"asset asset-text\"><strong>\u00c0 voir \u00e9galement sur Le HuffPost\u00a0:<\/strong><\/p>\n<p> La lecture de ce contenu est susceptible d\u2019entra\u00eener un d\u00e9p\u00f4t de cookies de la part de l\u2019op\u00e9rateur tiers qui l\u2019h\u00e9berge. Compte-tenu des choix que vous avez exprim\u00e9s en mati\u00e8re de d\u00e9p\u00f4t de cookies, nous avons bloqu\u00e9 l\u2019affichage de ce contenu. Si vous souhaitez y acc\u00e9der, vous devez accepter la cat\u00e9gorie de cookies \u201cContenus tiers\u201d en cliquant sur le bouton ci-dessous. <\/p>\n<p> Lire la Vid\u00e9o                <\/p>\n","protected":false},"excerpt":{"rendered":"AFP La gauche rouennaise soutient le m\u00e9ga projet on\u00e9reux de Thomas Jolly pour le 14\u00a0juillet, qui fait grincer&hellip;\n","protected":false},"author":2,"featured_media":104057,"comment_status":"","ping_status":"","sticky":false,"template":"","format":"standard","meta":{"footnotes":""},"categories":[9587],"tags":[10915,1111,11,251,1777,674,1011,27,12,5161,316,25,9590],"class_list":{"0":"post-104056","1":"post","2":"type-post","3":"status-publish","4":"format-standard","5":"has-post-thumbnail","7":"category-rouen","8":"tag-14-juillet","9":"tag-actu","10":"tag-actualites","11":"tag-culture","12":"tag-eu","13":"tag-europe","14":"tag-fr","15":"tag-france","16":"tag-news","17":"tag-normandie","18":"tag-politique","19":"tag-republique-francaise","20":"tag-rouen"},"share_on_mastodon":{"url":"https:\/\/pubeurope.com\/@fr\/114516728434840508","error":""},"_links":{"self":[{"href":"https:\/\/www.europesays.com\/fr\/wp-json\/wp\/v2\/posts\/104056","targetHints":{"allow":["GET"]}}],"collection":[{"href":"https:\/\/www.europesays.com\/fr\/wp-json\/wp\/v2\/posts"}],"about":[{"href":"https:\/\/www.europesays.com\/fr\/wp-json\/wp\/v2\/types\/post"}],"author":[{"embeddable":true,"href":"https:\/\/www.europesays.com\/fr\/wp-json\/wp\/v2\/users\/2"}],"replies":[{"embeddable":true,"href":"https:\/\/www.europesays.com\/fr\/wp-json\/wp\/v2\/comments?post=104056"}],"version-history":[{"count":0,"href":"https:\/\/www.europesays.com\/fr\/wp-json\/wp\/v2\/posts\/104056\/revisions"}],"wp:featuredmedia":[{"embeddable":true,"href":"https:\/\/www.europesays.com\/fr\/wp-json\/wp\/v2\/media\/104057"}],"wp:attachment":[{"href":"https:\/\/www.europesays.com\/fr\/wp-json\/wp\/v2\/media?parent=104056"}],"wp:term":[{"taxonomy":"category","embeddable":true,"href":"https:\/\/www.europesays.com\/fr\/wp-json\/wp\/v2\/categories?post=104056"},{"taxonomy":"post_tag","embeddable":true,"href":"https:\/\/www.europesays.com\/fr\/wp-json\/wp\/v2\/tags?post=104056"}],"curies":[{"name":"wp","href":"https:\/\/api.w.org\/{rel}","templated":true}]}}