{"id":104058,"date":"2025-05-16T09:11:12","date_gmt":"2025-05-16T09:11:12","guid":{"rendered":"https:\/\/www.europesays.com\/fr\/104058\/"},"modified":"2025-05-16T09:11:12","modified_gmt":"2025-05-16T09:11:12","slug":"deux-hommes-condamnes-pour-avoir-sequestre-un-adolescent-et-lavoir-force-a-vendre-de-la-drogue","status":"publish","type":"post","link":"https:\/\/www.europesays.com\/fr\/104058\/","title":{"rendered":"deux hommes condamn\u00e9s pour avoir s\u00e9questr\u00e9 un adolescent et l&rsquo;avoir forc\u00e9 \u00e0 vendre de la drogue"},"content":{"rendered":"<p>\t\t\t\t\t\t\t\t\t\t\t<img loading=\"lazy\" decoding=\"async\" width=\"1110\" title=\"Grenoble\u00a0: deux hommes condamn\u00e9s pour avoir s\u00e9questr\u00e9 un adolescent et l'avoir forc\u00e9 \u00e0 vendre de la drogue\" class=\"img-fluid not_lzld mb-3\" src=\"https:\/\/www.europesays.com\/fr\/wp-content\/uploads\/2025\/05\/1110x624_grenoble-deux-hommes-condamnes-pour-avoir-sequestre-un-adolescent-et-l-avoir-force-a-vendre\" alt=\"Grenoble\u00a0: deux hommes condamn\u00e9s pour avoir s\u00e9questr\u00e9 un adolescent et l'avoir forc\u00e9 \u00e0 vendre de la drogue\" itemprop=\"image\" height=\"624\"\/>\t\t\t\t\t\t\t\t\t\t\t\t<\/p>\n<p>Grenoble\u00a0: deux hommes condamn\u00e9s pour avoir s\u00e9questr\u00e9 un adolescent et l&rsquo;avoir forc\u00e9 \u00e0 vendre de la drogue &#8211; DR<\/p>\n<p itemprop=\"description\"><strong>Au tribunal correctionnel de Grenoble, deux hommes ont \u00e9t\u00e9 condamn\u00e9s cette semaine pour avoir s\u00e9questr\u00e9, vol\u00e9 et frapp\u00e9 un adolescent.<\/strong><\/p>\n<p class=\"x_MsoNormal\" style=\"color: #242424; font-style: normal; font-variant-ligatures: normal; font-variant-caps: normal; font-weight: 400; letter-spacing: normal; orphans: 2; text-align: start; text-indent: 0px; text-transform: none; widows: 2; word-spacing: 0px; -webkit-text-stroke-width: 0px; white-space: normal; background-color: #ffffff; text-decoration-thickness: initial; text-decoration-style: initial; text-decoration-color: initial; margin: 0cm 0cm 8pt; line-height: 18.4px; font-size: 12pt; font-family: Calibri, sans-serif;\">Les faits remontent au 14 mars 2021. En fin de journ\u00e9e, les policiers avaient \u00e9t\u00e9 interpell\u00e9s par un adolescent de 17 ans. Ce dernier leur avait affirm\u00e9 avoir \u00e9t\u00e9 s\u00e9questr\u00e9 dans une cave d\u2019un immeuble du Village Olympique de Grenoble et avoir \u00e9t\u00e9 contraint de vendre des stup\u00e9fiants toute une nuit. En cause, une histoire de dette sur fond de trafic de drogue.<\/p>\n<p class=\"x_MsoNormal\" style=\"color: #242424; font-style: normal; font-variant-ligatures: normal; font-variant-caps: normal; font-weight: 400; letter-spacing: normal; orphans: 2; text-align: start; text-indent: 0px; text-transform: none; widows: 2; word-spacing: 0px; -webkit-text-stroke-width: 0px; white-space: normal; background-color: #ffffff; text-decoration-thickness: initial; text-decoration-style: initial; text-decoration-color: initial; margin: 0cm 0cm 8pt; line-height: 18.4px; font-size: 12pt; font-family: Calibri, sans-serif;\">Selon le Dauphin\u00e9 Lib\u00e9r\u00e9, deux hommes, suspect\u00e9s d\u2019avoir s\u00e9questr\u00e9 l\u2019adolescent, \u00e9taient jug\u00e9s au tribunal correctionnel de Grenoble. L\u2019un d\u2019entre eux, \u00e2g\u00e9 de 23 ans, a reconnu avoir \u00e9t\u00e9 le cerveau d\u2019un trafic de drogue bas\u00e9 \u00e0 Saint-Martin-le-Vinoux, au nord de la capitale is\u00e9roise. La victime aurait \u00e9t\u00e9, selon lui, vendeur de ce m\u00eame trafic et aurait gard\u00e9 une dette de 2000 euros.<\/p>\n<p class=\"x_MsoNormal\" style=\"color: #242424; font-style: normal; font-variant-ligatures: normal; font-variant-caps: normal; font-weight: 400; letter-spacing: normal; orphans: 2; text-align: start; text-indent: 0px; text-transform: none; widows: 2; word-spacing: 0px; -webkit-text-stroke-width: 0px; white-space: normal; background-color: #ffffff; text-decoration-thickness: initial; text-decoration-style: initial; text-decoration-color: initial; margin: 0cm 0cm 8pt; line-height: 18.4px; font-size: 12pt; font-family: Calibri, sans-serif;\">\u00c0 sa sortie de prison, le pr\u00e9venu avait promis 350 euros \u00e0 la personne qui lui ram\u00e8nerait le jeune homme. D\u00e9nud\u00e9, l\u2019adolescent avait \u00e9t\u00e9 humili\u00e9 et agress\u00e9 toute la nuit, avant d\u2019\u00eatre d\u00e9pos\u00e9 dans le quartier de l\u2019Alma pour vendre de la drogue dans le but de rembourser sa dette.<\/p>\n<p class=\"x_MsoNormal\" style=\"color: #242424; font-style: normal; font-variant-ligatures: normal; font-variant-caps: normal; font-weight: 400; letter-spacing: normal; orphans: 2; text-align: start; text-indent: 0px; text-transform: none; widows: 2; word-spacing: 0px; -webkit-text-stroke-width: 0px; white-space: normal; background-color: #ffffff; text-decoration-thickness: initial; text-decoration-style: initial; text-decoration-color: initial; margin: 0cm 0cm 8pt; line-height: 18.4px; font-size: 12pt; font-family: Calibri, sans-serif;\">Le tribunal a donc condamn\u00e9 le patron du trafic de drogue \u00e0 trois ans de prison, dont 16 mois assortis d\u2019un sursis probatoire. Il ex\u00e9cutera sa peine sous bracelet \u00e9lectronique. Son complice a lui aussi \u00e9cop\u00e9 de trois ans de prison, mais avec 28 mois assortis d\u2019un sursis probatoire, pour vol avec violence, enl\u00e8vement et s\u00e9questration.<\/p>\n","protected":false},"excerpt":{"rendered":"Grenoble\u00a0: deux hommes condamn\u00e9s pour avoir s\u00e9questr\u00e9 un adolescent et l&rsquo;avoir forc\u00e9 \u00e0 vendre de la drogue &#8211;&hellip;\n","protected":false},"author":2,"featured_media":104059,"comment_status":"","ping_status":"","sticky":false,"template":"","format":"standard","meta":{"footnotes":""},"categories":[9566],"tags":[1111,11,7733,8279,2430,7736,650,7734,2889,2263,1777,674,1011,27,2731,8280,6417,1114,108,4662,12,3725,1825,25,7737],"class_list":{"0":"post-104058","1":"post","2":"type-post","3":"status-publish","4":"format-standard","5":"has-post-thumbnail","7":"category-grenoble","8":"tag-actu","9":"tag-actualites","10":"tag-alpes","11":"tag-alpes1","12":"tag-auvergne-rhone-alpes","13":"tag-cds","14":"tag-cinema","15":"tag-ecoute","16":"tag-emission","17":"tag-equipe","18":"tag-eu","19":"tag-europe","20":"tag-fr","21":"tag-france","22":"tag-grenoble","23":"tag-haute","24":"tag-information","25":"tag-infos","26":"tag-isere","27":"tag-journal","28":"tag-news","29":"tag-podcast","30":"tag-radio","31":"tag-republique-francaise","32":"tag-winamp"},"share_on_mastodon":{"url":"https:\/\/pubeurope.com\/@fr\/114516740216953711","error":""},"_links":{"self":[{"href":"https:\/\/www.europesays.com\/fr\/wp-json\/wp\/v2\/posts\/104058","targetHints":{"allow":["GET"]}}],"collection":[{"href":"https:\/\/www.europesays.com\/fr\/wp-json\/wp\/v2\/posts"}],"about":[{"href":"https:\/\/www.europesays.com\/fr\/wp-json\/wp\/v2\/types\/post"}],"author":[{"embeddable":true,"href":"https:\/\/www.europesays.com\/fr\/wp-json\/wp\/v2\/users\/2"}],"replies":[{"embeddable":true,"href":"https:\/\/www.europesays.com\/fr\/wp-json\/wp\/v2\/comments?post=104058"}],"version-history":[{"count":0,"href":"https:\/\/www.europesays.com\/fr\/wp-json\/wp\/v2\/posts\/104058\/revisions"}],"wp:featuredmedia":[{"embeddable":true,"href":"https:\/\/www.europesays.com\/fr\/wp-json\/wp\/v2\/media\/104059"}],"wp:attachment":[{"href":"https:\/\/www.europesays.com\/fr\/wp-json\/wp\/v2\/media?parent=104058"}],"wp:term":[{"taxonomy":"category","embeddable":true,"href":"https:\/\/www.europesays.com\/fr\/wp-json\/wp\/v2\/categories?post=104058"},{"taxonomy":"post_tag","embeddable":true,"href":"https:\/\/www.europesays.com\/fr\/wp-json\/wp\/v2\/tags?post=104058"}],"curies":[{"name":"wp","href":"https:\/\/api.w.org\/{rel}","templated":true}]}}