{"id":1040590,"date":"2026-07-03T11:09:19","date_gmt":"2026-07-03T11:09:19","guid":{"rendered":"https:\/\/www.europesays.com\/fr\/1040590\/"},"modified":"2026-07-03T11:09:19","modified_gmt":"2026-07-03T11:09:19","slug":"decouvrir-lyon-nature-peinture-aux-estivales-lyon-nature-par-laure-sole","status":"publish","type":"post","link":"https:\/\/www.europesays.com\/fr\/1040590\/","title":{"rendered":"D\u00e9couvrir Lyon &#8211; Nature peinture, aux Estivales Lyon nature par Laure Sol\u00e9"},"content":{"rendered":"<ul class=\"post-categories\">\n<li style=\"display:none;\"><a itemprop=\"url\" href=\"https:\/\/www.beaux-quartiers.fr\/preprod\" rel=\"nofollow noopener\" target=\"_blank\">Petit Bulletin<\/a><\/li>\n<li><a itemprop=\"url\" href=\"https:\/\/www.petit-bulletin.fr\/decouvrir.html\" rel=\"category tag nofollow noopener\" target=\"_blank\">D\u00e9couvrir<\/a><\/li>\n<\/ul>\n<p itemprop=\"description\" style=\"font-weight: 600;\">    Plein air  \/ Un programme vari\u00e9 pour se reconnecter avec la nature, au parc de la T\u00eate d&rsquo;or et m\u00eame dans quelques autres espaces ext\u00e9rieurs de Lyon avec un bon nombre d&rsquo;activit\u00e9s pour enfants. Les Estivales Lyon nature, on arrive !<\/p>\n<p><img decoding=\"async\" src=\"https:\/\/www.europesays.com\/fr\/wp-content\/uploads\/2026\/07\/2026-06-29-08-53-54_pexelsekaterinabolovtsova5036707.jpg\" alt=\"\"\/><\/p>\n<p style=\"font-size:12px;\">Photo : Photo Pexels par Katrin Bolovstova<\/p>\n<p>\u00ab Je m&rsquo;en allai dans les bois parce que je voulais vivre sans h\u00e2te, ne faire face qu&rsquo;aux faits essentiels de la vie \u00bb&#8230; Quelle po\u00e9tique et philosophique invitation \u00e0 appr\u00e9hender la nature que la lecture de Walden ou la vie dans les bois, d&rsquo;Henry David Thoreau. Elle nous pousse \u00e0 nous interroger : comment stimuler notre rapport au vivant (et donc, par extension, notre relation \u00e0 nous-m\u00eames) sans s&rsquo;enfermer plusieurs ann\u00e9es dans une cabane au milieu de la pampa ? Comment transmettre ce souci du vivant aux jeunes g\u00e9n\u00e9rations sans avoir \u00e0 les couper de tout ce qui fait aujourd&rsquo;hui leur quotidien ? Le programme Les Estivales Lyon nature ne donne pas de r\u00e9ponse clefs en main \u00e0 cette interrogation mais propose au moins le d\u00e9but d&rsquo;une solution. Comme souvent, il faut commencer par y consacrer du temps. S&rsquo;\u00e9talant sur presque un mois, des ateliers ludiques, des chantiers biodiversit\u00e9, des balades comment\u00e9es invitent \u00e0 d\u00e9couvrir les richesses de la nature en ville. Cette ann\u00e9e, deux th\u00e8mes feront office de lignes directrices : \u00ab\u00a0parc d&rsquo;hier, aujourd&rsquo;hui et demain\u00a0\u00bb pour d\u00e9couvrir l&rsquo;histoire du parc de la T\u00eate d&rsquo;or et son devenir ainsi que \u00ab\u00a0Les zones humides\u00a0\u00bb, avec une nouvelle visite au parc biologique.<\/p>\n<p>La nature sous toutes les coutures<\/p>\n<p>Ainsi, les enfants pourront partir \u00e0 la d\u00e9couverte du jardin Rosa Mir \u00e0 la Croix-Rousse avant de participer \u00e0 un atelier cr\u00e9atif. C\u00f4t\u00e9 parc de la T\u00eate d&rsquo;or, tout au long du mois, des \u00e9nigmes botaniques seront \u00e0 r\u00e9soudre dans l&rsquo;arboretum, un jeu de plateau coop\u00e9ratif sur les primates se tiendra aux abords du zoo, un autre gravitera autour des liens entre oiseaux, champignons, insectes et plantes de sous-bois.<\/p>\n<p>Pour les familles au sens large, ce sont plusieurs ateliers qui seront dispens\u00e9s : on s&rsquo;y demandera comment am\u00e9nager l&rsquo;enclos des diff\u00e9rentes esp\u00e8ces du zoo, on assistera \u00e0 un atelier sur l&rsquo;histoire du parc en images, \u00e0 une initiation au m\u00e9tier de naturaliste ou encore \u00e0 la construction d&rsquo;une haie s\u00e8che. On pourra aussi y faire des visites des coulisses du parc zoologique, pour questionner la place des tortues (celles prot\u00e9g\u00e9es et celles envahissantes), appr\u00e9hender les sp\u00e9cificit\u00e9s de l&rsquo;\u00c9cole de la botanique, du laboratoire du Jardin botanique, des coulisses du jardin, de l&rsquo;herbier&#8230; Et m\u00eame faire d\u00e9dicacer la bande dessin\u00e9e Vie \u00e9pic\u00e9e &#8211; sur les traces de Pierre Poivre de Mathieu Bertrand. Le programme d\u00e9taill\u00e9 est \u00e0 d\u00e9couvrir sur le site de la Ville de Lyon.<\/p>\n<p><a href=\"https:\/\/www.lyon.fr\/evenement\/animation\/les-estivales-lyon-nature-2026\" target=\"_blank\" rel=\"noopener nofollow\"><strong>Estivales Lyon nature<\/strong><\/a><br \/>Du 7 au 31 juillet 2026 au parc de la T\u00eate d&rsquo;or (Lyon 6e) ; gratuit<\/p>\n","protected":false},"excerpt":{"rendered":"Petit Bulletin D\u00e9couvrir Plein air \/ Un programme vari\u00e9 pour se reconnecter avec la nature, au parc de&hellip;\n","protected":false},"author":2,"featured_media":1040591,"comment_status":"","ping_status":"","sticky":false,"template":"","format":"standard","meta":{"footnotes":"","_share_on_mastodon":"0"},"categories":[1889],"tags":[1111,11,2430,108271,108272,1777,674,1011,27,2428,12,13760,25,108273],"class_list":["post-1040590","post","type-post","status-publish","format-standard","has-post-thumbnail","category-lyon","tag-actu","tag-actualites","tag-auvergne-rhone-alpes","tag-dcouvrir","tag-estivales-lyon-nature","tag-eu","tag-europe","tag-fr","tag-france","tag-lyon","tag-news","tag-parc-de-la-tete-dor","tag-republique-francaise","tag-rosa-mir"],"share_on_mastodon":{"url":"","error":""},"_links":{"self":[{"href":"https:\/\/www.europesays.com\/fr\/wp-json\/wp\/v2\/posts\/1040590","targetHints":{"allow":["GET"]}}],"collection":[{"href":"https:\/\/www.europesays.com\/fr\/wp-json\/wp\/v2\/posts"}],"about":[{"href":"https:\/\/www.europesays.com\/fr\/wp-json\/wp\/v2\/types\/post"}],"author":[{"embeddable":true,"href":"https:\/\/www.europesays.com\/fr\/wp-json\/wp\/v2\/users\/2"}],"replies":[{"embeddable":true,"href":"https:\/\/www.europesays.com\/fr\/wp-json\/wp\/v2\/comments?post=1040590"}],"version-history":[{"count":0,"href":"https:\/\/www.europesays.com\/fr\/wp-json\/wp\/v2\/posts\/1040590\/revisions"}],"wp:featuredmedia":[{"embeddable":true,"href":"https:\/\/www.europesays.com\/fr\/wp-json\/wp\/v2\/media\/1040591"}],"wp:attachment":[{"href":"https:\/\/www.europesays.com\/fr\/wp-json\/wp\/v2\/media?parent=1040590"}],"wp:term":[{"taxonomy":"category","embeddable":true,"href":"https:\/\/www.europesays.com\/fr\/wp-json\/wp\/v2\/categories?post=1040590"},{"taxonomy":"post_tag","embeddable":true,"href":"https:\/\/www.europesays.com\/fr\/wp-json\/wp\/v2\/tags?post=1040590"}],"curies":[{"name":"wp","href":"https:\/\/api.w.org\/{rel}","templated":true}]}}