{"id":104060,"date":"2025-05-16T09:14:13","date_gmt":"2025-05-16T09:14:13","guid":{"rendered":"https:\/\/www.europesays.com\/fr\/104060\/"},"modified":"2025-05-16T09:14:13","modified_gmt":"2025-05-16T09:14:13","slug":"elles-etudiaient-a-la-faculte-de-chirurgie-dentaire-de-rennes","status":"publish","type":"post","link":"https:\/\/www.europesays.com\/fr\/104060\/","title":{"rendered":"elles \u00e9tudiaient \u00e0 la facult\u00e9 de chirurgie dentaire de Rennes"},"content":{"rendered":"<p>            Par<br \/>\n        <strong><br \/>\n            <a href=\"https:\/\/actu.fr\/auteur\/laurene-fertin\" title=\"Consulter tous les articles de Laur\u00e8ne Fertin\" target=\"_blank\" rel=\"noopener\">Laur\u00e8ne Fertin<\/a><br \/>\n        <\/strong><\/p>\n<p>        Publi\u00e9 le<\/p>\n<p>            16 mai 2025 \u00e0 10h21        <\/p>\n<p>Mardi 13\u00a0mai 2025, <a href=\"https:\/\/actu.fr\/bretagne\/vannes_56260\/martinique-deux-etudiantes-bretonnes-meurent-lors-de-la-montee-des-eaux-dans-une-cascade_62642051.html\" target=\"_blank\" rel=\"noopener\"><strong>deux jeunes femmes ont perdu la vie<\/strong> alors qu\u2019elles <strong>randonnaient<\/strong> dans une for\u00eat de Fort-de-France,<\/a> <strong>en Martinique.<\/strong>\u00a0Elles \u00e9taient \u00e2g\u00e9es de <strong>19 et 20\u00a0ans<\/strong>. Ces derni\u00e8res se sont retrouv\u00e9es <strong>pi\u00e9g\u00e9es<\/strong> par les eaux d\u2019une cascade alors que l\u2019\u00cele \u00e9tait en <strong>vigilance jaune<\/strong> pour pluies et orages.<\/p>\n<p>Deux \u00e9tudiantes<\/p>\n<p class=\" wall-content\">Un premier bilan faisait \u00e9tat d\u2019une femme morte et d\u2019une autre port\u00e9e disparue, mais le corps de cette derni\u00e8re, \u00e2g\u00e9e de 19\u00a0ans, a \u00e9t\u00e9 retrouv\u00e9 mercredi 15\u00a0mai <strong>dans le lit d\u2019une rivi\u00e8re<\/strong> \u00e0 quelques kilom\u00e8tres en aval de la cascade, o\u00f9 les secours \u00e9taient intervenus d\u00e8s mardi 14\u00a0mai au soir, avant d\u2019interrompre leurs recherches vers 1h, heure locale.<\/p>\n<p class=\" wall-content\">Selon nos informations, les deux jeunes femmes \u00e9taient \u00e9tudiantes \u00e0 <strong>la facult\u00e9 de chirurgie dentaire<\/strong> \u00e0 l\u2019Universit\u00e9 Rennes 1, en <strong>deuxi\u00e8me ann\u00e9e.<\/strong> L\u2019une d\u2019elles \u00e9tait originaire de Vannes, comme l\u2019indique <a href=\"https:\/\/www.letelegramme.fr\/ille-et-vilaine\/rennes-35000\/deux-etudiantes-de-la-fac-de-rennes-decedent-lors-dune-randonnee-en-martinique-dont-une-vannetaise-6818259.php\" target=\"_blank\" rel=\"noopener\">Le T\u00e9l\u00e9gramme<\/a>.<\/p>\n<p>45 sapeurs-pompiers mobilis\u00e9s<\/p>\n<p class=\" wall-content\">C\u2019est <strong>une troisi\u00e8me jeune femme<\/strong>, \u00e2g\u00e9e de 19\u00a0ans et bless\u00e9e \u00e0 la t\u00eate, qui a donn\u00e9 l\u2019alerte un peu avant 19h, apr\u00e8s avoir repris connaissance, selon la pr\u00e9fecture.<\/p>\n<p>Vid\u00e9os : en ce moment sur Actu<\/p>\n<p class=\" wall-content\">L\u2019intervention a mobilis\u00e9 <strong>45 sapeurs-pompiers de Martinique<\/strong>, dont les \u00e9quipes du groupement d\u2019intervention en milieux p\u00e9rilleux, mobilis\u00e9s tout au long de l\u2019op\u00e9ration, selon le service d\u2019incendie et de secours. <strong>Les policiers du RAID<\/strong> sont \u00e9galement venus \u00e9pauler les sapeurs-pompiers.<\/p>\n<p class=\" wall-content\"><strong>Avec AFP<\/strong><\/p>\n<p class=\" wall-content\">Suivez toute l\u2019actualit\u00e9 de vos villes et m\u00e9dias favoris en vous inscrivant \u00e0 <a href=\"https:\/\/moncompte.actu.fr\" title=\"D\u00e9couvez Mon Actu\" rel=\"nofollow noopener\" data-trk=\"{&quot;cta&quot;:{&quot;action&quot;:&quot;https:\\\/\\\/moncompte.actu.fr&quot;,&quot;category&quot;:&quot;mon compte&quot;,&quot;from&quot;:&quot;article footer&quot;,&quot;name&quot;:&quot;Mon actu&quot;,&quot;type&quot;:&quot;cta&quot;}}\" target=\"_blank\">Mon Actu<\/a>.<\/p>\n","protected":false},"excerpt":{"rendered":"Par Laur\u00e8ne Fertin Publi\u00e9 le 16 mai 2025 \u00e0 10h21 Mardi 13\u00a0mai 2025, deux jeunes femmes ont perdu&hellip;\n","protected":false},"author":2,"featured_media":104061,"comment_status":"","ping_status":"","sticky":false,"template":"","format":"standard","meta":{"footnotes":""},"categories":[2821],"tags":[1111,11,829,1777,674,118,1011,27,12,1311,7553,584,25],"class_list":{"0":"post-104060","1":"post","2":"type-post","3":"status-publish","4":"format-standard","5":"has-post-thumbnail","7":"category-rennes","8":"tag-actu","9":"tag-actualites","10":"tag-bretagne","11":"tag-eu","12":"tag-europe","13":"tag-faits-divers","14":"tag-fr","15":"tag-france","16":"tag-news","17":"tag-pompiers","18":"tag-randonnee","19":"tag-rennes","20":"tag-republique-francaise"},"share_on_mastodon":{"url":"https:\/\/pubeurope.com\/@fr\/114516752066880511","error":""},"_links":{"self":[{"href":"https:\/\/www.europesays.com\/fr\/wp-json\/wp\/v2\/posts\/104060","targetHints":{"allow":["GET"]}}],"collection":[{"href":"https:\/\/www.europesays.com\/fr\/wp-json\/wp\/v2\/posts"}],"about":[{"href":"https:\/\/www.europesays.com\/fr\/wp-json\/wp\/v2\/types\/post"}],"author":[{"embeddable":true,"href":"https:\/\/www.europesays.com\/fr\/wp-json\/wp\/v2\/users\/2"}],"replies":[{"embeddable":true,"href":"https:\/\/www.europesays.com\/fr\/wp-json\/wp\/v2\/comments?post=104060"}],"version-history":[{"count":0,"href":"https:\/\/www.europesays.com\/fr\/wp-json\/wp\/v2\/posts\/104060\/revisions"}],"wp:featuredmedia":[{"embeddable":true,"href":"https:\/\/www.europesays.com\/fr\/wp-json\/wp\/v2\/media\/104061"}],"wp:attachment":[{"href":"https:\/\/www.europesays.com\/fr\/wp-json\/wp\/v2\/media?parent=104060"}],"wp:term":[{"taxonomy":"category","embeddable":true,"href":"https:\/\/www.europesays.com\/fr\/wp-json\/wp\/v2\/categories?post=104060"},{"taxonomy":"post_tag","embeddable":true,"href":"https:\/\/www.europesays.com\/fr\/wp-json\/wp\/v2\/tags?post=104060"}],"curies":[{"name":"wp","href":"https:\/\/api.w.org\/{rel}","templated":true}]}}