{"id":1040614,"date":"2026-07-03T11:25:15","date_gmt":"2026-07-03T11:25:15","guid":{"rendered":"https:\/\/www.europesays.com\/fr\/1040614\/"},"modified":"2026-07-03T11:25:15","modified_gmt":"2026-07-03T11:25:15","slug":"arctech-brille-au-salon-intersolar-europe-2026-accelerer-la-transition-energetique-de-leurope-grace-a-des-solutions-innovantes-et-a-des-partenariats-strategiques","status":"publish","type":"post","link":"https:\/\/www.europesays.com\/fr\/1040614\/","title":{"rendered":"Arctech brille au salon Intersolar Europe 2026 : acc\u00e9l\u00e9rer la transition \u00e9nerg\u00e9tique de l&rsquo;Europe gr\u00e2ce \u00e0 des solutions innovantes et \u00e0 des partenariats strat\u00e9giques"},"content":{"rendered":"<p>MUNICH, 3 juillet 2026 \/PRNewswire\/ &#8212; Arctech, leader mondial des solutions de suivi solaire et d&rsquo;\u00e9nergie intelligente, a pr\u00e9sent\u00e9 ses technologies int\u00e9gr\u00e9es lors du salon Intersolar Europe\u00a02026 \u00e0 Munich. L&rsquo;entreprise a mis en avant son <b>\u00e9cosyst\u00e8me \u00ab\u00a0Tracker+\u00a0\u00bb<\/b>, con\u00e7u pour accompagner l&rsquo;\u00e9volution de la transition \u00e9nerg\u00e9tique en Europe.<\/p>\n<p>          <a href=\"#\" class=\"tabfocus\" role=\"button\"><img title=\"image1\" data-getimg=\"https:\/\/mma.prnewswire.com\/media\/3002267\/image1.jpg?w=500\" id=\"imageid_2\" alt=\"image1\" class=\"gallery-thumb img-responsive\" rel=\"newsImage\" itemprop=\"contentUrl\" loading=\"lazy\"\/><\/a><\/p>\n<p>        image1<\/p>\n<p class=\"prntal\">Alors que l&rsquo;Europe intensifie le d\u00e9ploiement de ses \u00e9nergies renouvelables, les projets solaires sont confront\u00e9s \u00e0 des terrains de plus en plus complexes, \u00e0 des contraintes fonci\u00e8res et \u00e0 des sc\u00e9narios d&rsquo;application de plus en plus vari\u00e9s. En r\u00e9ponse, Arctech a d\u00e9montr\u00e9 comment ses solutions int\u00e9gr\u00e9es offrent une adaptabilit\u00e9, une efficacit\u00e9 et des performances accrues tout au long du cycle de vie.<\/p>\n<p class=\"prntal\"><b>Des solutions sp\u00e9cialement con\u00e7ues pour le march\u00e9 europ\u00e9en<\/b><\/p>\n<p class=\"prntal\">Pour r\u00e9pondre aux d\u00e9fis pos\u00e9s par les reliefs montagneux, les r\u00e9gions soumises \u00e0 des vents violents et \u00e0 d&rsquo;importantes charges de neige, ainsi qu&rsquo;aux conditions m\u00e9t\u00e9orologiques variables en Europe, l&rsquo;\u00e9cosyst\u00e8me \u00ab\u00a0Tracker+\u00a0\u00bb d&rsquo;Arctech propose des solutions sur mesure pour les applications \u00e0 grande \u00e9chelle et les installations agrivolta\u00efques. La gamme pr\u00e9sent\u00e9e comprend les \u00e9l\u00e9ments suivants :<\/p>\n<p class=\"prntal\"><a href=\"https:\/\/edge.prnewswire.com\/c\/link\/?t=0&amp;l=fr&amp;o=4722473-1&amp;h=2753278433&amp;u=https%3A%2F%2Fedge.prnewswire.com%2Fc%2Flink%2F%3Ft%3D0%26l%3Dfr%26o%3D4722473-1%26h%3D311858017%26u%3Dhttps%253A%252F%252Fedge.prnewswire.com%252Fc%252Flink%252F%253Ft%253D0%2526l%253Den%2526o%253D4722473-1%2526h%253D344063237%2526u%253Dhttps%25253A%25252F%25252Fyoutu.be%25252FihCogDs6-OY%25253Fsi%25253DTa46R_OLl5wJ4nQJ%2526a%253DSkyLine%252BII%26a%3DSkyLine%2BII&amp;a=SkyLine+II\" target=\"_blank\" rel=\"nofollow noopener\"><b>SkyLine II<\/b><\/a> : un syst\u00e8me de suivi intelligent tout-terrain adapt\u00e9 aux reliefs complexes, offrant une grande adaptabilit\u00e9 aux terrains montagneux et accident\u00e9s, tout en garantissant une installation simplifi\u00e9e et une stabilit\u00e9 structurelle \u00e0 long terme.<\/p>\n<p class=\"prntal\"><b>SkySmart II<\/b> : un suiveur solaire\u00a02P de pointe, dot\u00e9 d&rsquo;un syst\u00e8me intelligent de protection contre le vent et d&rsquo;une optimisation du suivi bas\u00e9e sur l&rsquo;IA, qui am\u00e9liore la s\u00e9curit\u00e9 du syst\u00e8me et le rendement \u00e9nerg\u00e9tique.<\/p>\n<p class=\"prntal\"><a href=\"https:\/\/edge.prnewswire.com\/c\/link\/?t=0&amp;l=fr&amp;o=4722473-1&amp;h=25323364&amp;u=https%3A%2F%2Fedge.prnewswire.com%2Fc%2Flink%2F%3Ft%3D0%26l%3Dfr%26o%3D4722473-1%26h%3D2031774007%26u%3Dhttps%253A%252F%252Fedge.prnewswire.com%252Fc%252Flink%252F%253Ft%253D0%2526l%253Den%2526o%253D4722473-1%2526h%253D4144985592%2526u%253Dhttps%25253A%25252F%25252Fyoutu.be%25252Fiyl1Q30upYk%25253Fsi%25253DYtwhXTjy-PWxDfps%2526a%253DStar%252BShine%26a%3DStar%2BShine&amp;a=Star+Shine\" target=\"_blank\" rel=\"nofollow noopener\"><b>Star Shine<\/b><\/a><b>\u00a0:\u00a0<\/b>un robot de nettoyage autonome con\u00e7u pour optimiser les performances d&rsquo;exploitation et de maintenance et r\u00e9duire au minimum les pertes dues \u00e0 l&rsquo;encrassement.<\/p>\n<p class=\"prntal\"><a href=\"https:\/\/edge.prnewswire.com\/c\/link\/?t=0&amp;l=fr&amp;o=4722473-1&amp;h=4211495965&amp;u=https%3A%2F%2Fedge.prnewswire.com%2Fc%2Flink%2F%3Ft%3D0%26l%3Dfr%26o%3D4722473-1%26h%3D1727797090%26u%3Dhttps%253A%252F%252Fedge.prnewswire.com%252Fc%252Flink%252F%253Ft%253D0%2526l%253Den%2526o%253D4722473-1%2526h%253D2608501397%2526u%253Dhttps%25253A%25252F%25252Fyoutu.be%25252FUmLa0IoKai0%25253Fsi%25253DHsIlA83OQXJwkZTh%2526a%253DSkyFlex%26a%3DSkyFlex&amp;a=SkyFlex\" target=\"_blank\" rel=\"nofollow noopener\"><b>SkyFlex<\/b><\/a><b>\u00a0:<\/b> un syst\u00e8me de fixation de c\u00e2bles qui am\u00e9liore l&rsquo;efficacit\u00e9 de l&rsquo;installation tout en r\u00e9duisant les contraintes structurelles.<\/p>\n<p class=\"prntal\"><b>Exp\u00e9rience en Europe<\/b><\/p>\n<p class=\"prntal\">Les solutions d&rsquo;Arctech ont \u00e9t\u00e9 mises en \u0153uvre sur plusieurs march\u00e9s europ\u00e9ens cl\u00e9s, notamment dans le cadre de projets de 342\u00a0MW et 67\u00a0MW en Roumanie, d&rsquo;un projet de 266\u00a0MW en Gr\u00e8ce et d&rsquo;un projet de 52\u00a0MW en Pologne, t\u00e9moignant ainsi de la capacit\u00e9 d&rsquo;Arctech \u00e0 s&rsquo;adapter \u00e0 divers types de terrains, \u00e0 des environnements r\u00e9glementaires complexes et \u00e0 des conditions climatiques rigoureuses.<\/p>\n<p class=\"prntal\"><b>D\u00e9velopper la collaboration internationale<\/b><\/p>\n<p class=\"prntal\">\u00c0 l&rsquo;occasion du salon, Arctech a annonc\u00e9 la signature de nouveaux contrats totalisant 132\u00a0MW en Turquie et en Zambie, \u00e9tendant ainsi encore davantage ses comp\u00e9tences techniques \u00e9prouv\u00e9es aux march\u00e9s \u00e9mergents.<\/p>\n<p class=\"prntal\"><b>Innovation et validation europ\u00e9ennes<\/b><\/p>\n<p class=\"prntal\">L&rsquo;exposition a \u00e9galement mis en avant l&rsquo;<a href=\"https:\/\/edge.prnewswire.com\/c\/link\/?t=0&amp;l=fr&amp;o=4722473-1&amp;h=2046943812&amp;u=https%3A%2F%2Fedge.prnewswire.com%2Fc%2Flink%2F%3Ft%3D0%26l%3Dfr%26o%3D4722473-1%26h%3D4293887782%26u%3Dhttps%253A%252F%252Fedge.prnewswire.com%252Fc%252Flink%252F%253Ft%253D0%2526l%253Den%2526o%253D4722473-1%2526h%253D1232807392%2526u%253Dhttps%25253A%25252F%25252Fyoutu.be%25252FhEAY9bvSWNU%25253Fsi%25253D8Buqw6cx3T5c1mjF%2526a%253DArctech%252BVerification%252BBase%252B(AVB)%252Bin%252BPuertollano%25252C%252BSpain%26a%3DArctech%2BVerification%2BBase%2B(AVB)%252C%2Bsitu%25C3%25A9e%2B%25C3%25A0%2BPuertollano%252C%2Ben%2BEspagne&amp;a=Arctech+Verification+Base+(AVB)%2C+situ%C3%A9e+%C3%A0+Puertollano%2C+en+Espagne\" target=\"_blank\" rel=\"nofollow noopener\"><b>Arctech Verification Base (AVB), situ\u00e9e \u00e0 Puertollano, en Espagne<\/b><\/a>. L&rsquo;AVB garantit les performances des produits dans les conditions environnementales r\u00e9elles en Europe, ce qui favorise l&rsquo;innovation continue en mati\u00e8re de R&amp;D et le d\u00e9veloppement technique adapt\u00e9 au march\u00e9 local.<\/p>\n<p class=\"prntal\">\u00ab\u00a0L&rsquo;Europe traverse une \u00e9tape cruciale de sa transition \u00e9nerg\u00e9tique, o\u00f9 le d\u00e9ploiement de l&rsquo;\u00e9nergie solaire s&rsquo;\u00e9tend d\u00e9sormais \u00e0 des terrains plus complexes et \u00e0 des sc\u00e9narios d&rsquo;application plus diversifi\u00e9s\u00a0\u00bb, d\u00e9clare M.\u00a0Cai\u00a0Hao, pr\u00e9sident d&rsquo;Arctech. \u00ab\u00a0Arctech s&rsquo;engage \u00e0 accompagner cette transformation en proposant des solutions solaires de suivi et d&rsquo;\u00e9nergie fiables, intelligentes et adaptables, qui cr\u00e9ent de la valeur \u00e0 long terme pour ses partenaires dans toute la r\u00e9gion. \u00bb<\/p>\n<p class=\"prntal\"><b>\u00c0 propos d&rsquo;Arctech<\/b><\/p>\n<p class=\"prntal\">Pour plus d&rsquo;informations sur\u00a0Arctech, rendez-vous sur\u00a0:\u00a0<a href=\"https:\/\/edge.prnewswire.com\/c\/link\/?t=0&amp;l=fr&amp;o=4722473-1&amp;h=2623750142&amp;u=https%3A%2F%2Fedge.prnewswire.com%2Fc%2Flink%2F%3Ft%3D0%26l%3Dfr%26o%3D4722473-1%26h%3D2309200858%26u%3Dhttps%253A%252F%252Fen.arctechsolar.com%252F%26a%3Dhttps%253A%252F%252Fen.arctechsolar.com%252F&amp;a=https%3A%2F%2Fen.arctechsolar.com%2F\" target=\"_blank\" rel=\"nofollow noopener\">https:\/\/en.arctechsolar.com\/<\/a>\u00a0<\/p>\n<p>Photo &#8211;\u00a0<a href=\"https:\/\/edge.prnewswire.com\/c\/link\/?t=0&amp;l=fr&amp;o=4722473-1&amp;h=64076331&amp;u=https%3A%2F%2Fedge.prnewswire.com%2Fc%2Flink%2F%3Ft%3D0%26l%3Den%26o%3D4722473-1%26h%3D1302601714%26u%3Dhttps%253A%252F%252Fmma.prnewswire.com%252Fmedia%252F3002267%252Fimage1.jpg%26a%3Dhttps%253A%252F%252Fmma.prnewswire.com%252Fmedia%252F3002267%252Fimage1.jpg&amp;a=https%3A%2F%2Fmma.prnewswire.com%2Fmedia%2F3002267%2Fimage1.jpg\" target=\"_blank\" rel=\"nofollow noopener\">https:\/\/mma.prnewswire.com\/media\/3002267\/image1.jpg<\/a><br class=\"dnr\"\/>Logo &#8211;\u00a0<a href=\"https:\/\/edge.prnewswire.com\/c\/link\/?t=0&amp;l=fr&amp;o=4722473-1&amp;h=3848860619&amp;u=https%3A%2F%2Fedge.prnewswire.com%2Fc%2Flink%2F%3Ft%3D0%26l%3Den%26o%3D4722473-1%26h%3D1036035650%26u%3Dhttps%253A%252F%252Fmma.prnewswire.com%252Fmedia%252F3003005%252F20260701175412_160_49_Logo.jpg%26a%3Dhttps%253A%252F%252Fmma.prnewswire.com%252Fmedia%252F3003005%252F20260701175412_160_49_Logo.jpg&amp;a=https%3A%2F%2Fmma.prnewswire.com%2Fmedia%2F3003005%2F20260701175412_160_49_Logo.jpg\" target=\"_blank\" rel=\"nofollow noopener\">https:\/\/mma.prnewswire.com\/media\/3003005\/20260701175412_160_49_Logo.jpg<\/a><\/p>\n<p><img decoding=\"async\" alt=\"\" src=\"https:\/\/rt.prnewswire.com\/rt.gif?NewsItemId=FR95064&amp;Transmission_Id=202607030721PR_NEWS_EURO_ND__FR95064&amp;DateId=20260703\" style=\"border:0px; width:1px; height:1px;\"\/><\/p>\n","protected":false},"excerpt":{"rendered":"MUNICH, 3 juillet 2026 \/PRNewswire\/ &#8212; Arctech, leader mondial des solutions de suivi solaire et d&rsquo;\u00e9nergie intelligente, a&hellip;\n","protected":false},"author":2,"featured_media":1040615,"comment_status":"","ping_status":"","sticky":false,"template":"","format":"standard","meta":{"footnotes":"","_share_on_mastodon":"0"},"categories":[1586],"tags":[11,108292,108291,108296,1777,674,1011,27,108293,45511,12,108294,25,108297,108295],"class_list":["post-1040614","post","type-post","status-publish","format-standard","has-post-thumbnail","category-europe","tag-actualites","tag-alternative-energies","tag-arctech","tag-environmental-products-services","tag-eu","tag-europe","tag-fr","tag-france","tag-green-technology","tag-licensing","tag-news","tag-oil-energy","tag-republique-francaise","tag-trade-show-news","tag-utilities"],"share_on_mastodon":{"url":"https:\/\/pubeurope.com\/@fr\/116855802938390885","error":""},"_links":{"self":[{"href":"https:\/\/www.europesays.com\/fr\/wp-json\/wp\/v2\/posts\/1040614","targetHints":{"allow":["GET"]}}],"collection":[{"href":"https:\/\/www.europesays.com\/fr\/wp-json\/wp\/v2\/posts"}],"about":[{"href":"https:\/\/www.europesays.com\/fr\/wp-json\/wp\/v2\/types\/post"}],"author":[{"embeddable":true,"href":"https:\/\/www.europesays.com\/fr\/wp-json\/wp\/v2\/users\/2"}],"replies":[{"embeddable":true,"href":"https:\/\/www.europesays.com\/fr\/wp-json\/wp\/v2\/comments?post=1040614"}],"version-history":[{"count":0,"href":"https:\/\/www.europesays.com\/fr\/wp-json\/wp\/v2\/posts\/1040614\/revisions"}],"wp:featuredmedia":[{"embeddable":true,"href":"https:\/\/www.europesays.com\/fr\/wp-json\/wp\/v2\/media\/1040615"}],"wp:attachment":[{"href":"https:\/\/www.europesays.com\/fr\/wp-json\/wp\/v2\/media?parent=1040614"}],"wp:term":[{"taxonomy":"category","embeddable":true,"href":"https:\/\/www.europesays.com\/fr\/wp-json\/wp\/v2\/categories?post=1040614"},{"taxonomy":"post_tag","embeddable":true,"href":"https:\/\/www.europesays.com\/fr\/wp-json\/wp\/v2\/tags?post=1040614"}],"curies":[{"name":"wp","href":"https:\/\/api.w.org\/{rel}","templated":true}]}}