{"id":104066,"date":"2025-05-16T09:17:09","date_gmt":"2025-05-16T09:17:09","guid":{"rendered":"https:\/\/www.europesays.com\/fr\/104066\/"},"modified":"2025-05-16T09:17:09","modified_gmt":"2025-05-16T09:17:09","slug":"laigle-nicois-monte-sur-les-barricades-de-la-ville","status":"publish","type":"post","link":"https:\/\/www.europesays.com\/fr\/104066\/","title":{"rendered":"L\u2019aigle ni\u00e7ois monte sur les barricades de la ville"},"content":{"rendered":"<p>\u00ab\u00a0Avez-vous remarqu\u00e9 que toutes les barri\u00e8res avec notre aigle sont petit \u00e0 petit remplac\u00e9es par des barri\u00e8res simples et plus moches?..\u00a0\u00bb Voil\u00e0 ce qu\u2019a post\u00e9 un internaute, Marco, sur le r\u00e9seau social X (ex-Twitter). \u00e0 Marco, craignant que \u00ab\u00a0notre patrimoine s\u2019efface un peu\u00a0\u00bb, la Ville apporte des r\u00e9ponses rassurantes et en profite pour faire le point sur le parc des barri\u00e8res ni\u00e7oises par l\u2019interm\u00e9diaire de l\u2019adjoint au maire, Ga\u00ebl Nofri, qui a \u00e9galement dans sa d\u00e9l\u00e9gation, le mobilier urbain.<\/p>\n<p>L\u2019\u00e9lu est formel: \u00ab\u00a0On n\u2019enl\u00e8ve pas ces barri\u00e8res. On essaie, au contraire de donner une uniformit\u00e9 et une coh\u00e9rence au mobilier urbain ni\u00e7ois, pris en charge par le \u201cservice bleu\u00a0\u00bb intervenant dans les enjeux de voirie de mobilier urbain. \u00bb<\/p>\n<p>Hommage au cr\u00e9ateur de la ville moderne<\/p>\n<p>Une coh\u00e9rence qui n\u2019emp\u00eache pas la diversit\u00e9 des styles selon les endroits. 10% des barri\u00e8res ni\u00e7oises sont en croix de Saint-Andr\u00e9 et portent au croisement des droites, le sigle de l\u2019aigle ni\u00e7ois fix\u00e9 dans une ronde d\u2019acier.<\/p>\n<p>\u00ab\u00a0Ces barri\u00e8res, assez r\u00e9centes, fabriqu\u00e9es par l\u2019entreprise de mobilier urbain SERI, bas\u00e9e \u00e0 Ch\u00e2tellerault, dans la Vienne, correspondent \u00e0 des lieux typiques comme la promenade des Anglais, le quai des \u00c9tats-Unis, les abords du Vieux-Nice&#8230;. Tout ce qui se rapporte au Consiglio d\u2019Ornato.\u00a0\u00bb Rappelons que ce \u00ab\u00a0Consiglio d\u2019Ornato\u00a0\u00bb est un conseil d\u2019embellissement, lequel, entre 1832 et 1860, a \u00e9t\u00e9 le cr\u00e9ateur d\u2019une Nice moderne.<\/p>\n<p>Ensuite, 32% des grilles sont en croix de Saint-Andr\u00e9 simples, sans l\u2019aigle. Puis, un autre tiers comprend les garde-fous inh\u00e9rents au plan Vigipirate. S\u2019ajoute \u00e0 ce parc m\u00e9tallique, du mobilier sp\u00e9cifique aux lignes 1, 2 et 3 du tramway, avec tant\u00f4t des arrondis, des effil\u00e9s sombres&#8230; Plus le mobilier de la coul\u00e9e verte, du Vieux-Nice en fonte&#8230;<\/p>\n<p>\u00ab\u00a0On uniformise par zone\u00a0\u00bb<\/p>\n<p>En somme l\u2019homog\u00e9n\u00e9it\u00e9, dont parle Ga\u00ebl Nofri, passe par \u00ab\u00a0diverses identit\u00e9s, diverses formes. On uniformise par zone\u00a0\u00bb.<\/p>\n<p>Un peu \u00e0 l\u2019instar des styles de maison, des fa\u00e7ades plurielles de Nice. \u00ab\u00a0Cependant, poursuit l\u2019adjoint, au fil des ann\u00e9es, des n\u00e9cessit\u00e9s, il y a parfois eu des changements \u00e0 cause de pi\u00e8ces disponibles ou pas.\u00a0\u00bb<\/p>\n<p>Depuis quelques mois, une op\u00e9ration de recensement, de travail sur le mobilier urbain est engag\u00e9e. \u00ab\u00a0Les barri\u00e8res avec l\u2019effigie de l\u2019aigle, d\u00e9t\u00e9rior\u00e9es, us\u00e9es, seront remplac\u00e9es \u00e0 l\u2019identique.\u00a0\u00bb<\/p>\n","protected":false},"excerpt":{"rendered":"\u00ab\u00a0Avez-vous remarqu\u00e9 que toutes les barri\u00e8res avec notre aigle sont petit \u00e0 petit remplac\u00e9es par des barri\u00e8res simples&hellip;\n","protected":false},"author":2,"featured_media":104067,"comment_status":"","ping_status":"","sticky":false,"template":"","format":"standard","meta":{"footnotes":""},"categories":[2819],"tags":[1111,11,1777,674,1011,27,12,2401,882,25,1352],"class_list":{"0":"post-104066","1":"post","2":"type-post","3":"status-publish","4":"format-standard","5":"has-post-thumbnail","7":"category-nice","8":"tag-actu","9":"tag-actualites","10":"tag-eu","11":"tag-europe","12":"tag-fr","13":"tag-france","14":"tag-news","15":"tag-nice","16":"tag-provence-alpes-cote-dazur","17":"tag-republique-francaise","18":"tag-urbanisme"},"share_on_mastodon":{"url":"https:\/\/pubeurope.com\/@fr\/114516763882437629","error":""},"_links":{"self":[{"href":"https:\/\/www.europesays.com\/fr\/wp-json\/wp\/v2\/posts\/104066","targetHints":{"allow":["GET"]}}],"collection":[{"href":"https:\/\/www.europesays.com\/fr\/wp-json\/wp\/v2\/posts"}],"about":[{"href":"https:\/\/www.europesays.com\/fr\/wp-json\/wp\/v2\/types\/post"}],"author":[{"embeddable":true,"href":"https:\/\/www.europesays.com\/fr\/wp-json\/wp\/v2\/users\/2"}],"replies":[{"embeddable":true,"href":"https:\/\/www.europesays.com\/fr\/wp-json\/wp\/v2\/comments?post=104066"}],"version-history":[{"count":0,"href":"https:\/\/www.europesays.com\/fr\/wp-json\/wp\/v2\/posts\/104066\/revisions"}],"wp:featuredmedia":[{"embeddable":true,"href":"https:\/\/www.europesays.com\/fr\/wp-json\/wp\/v2\/media\/104067"}],"wp:attachment":[{"href":"https:\/\/www.europesays.com\/fr\/wp-json\/wp\/v2\/media?parent=104066"}],"wp:term":[{"taxonomy":"category","embeddable":true,"href":"https:\/\/www.europesays.com\/fr\/wp-json\/wp\/v2\/categories?post=104066"},{"taxonomy":"post_tag","embeddable":true,"href":"https:\/\/www.europesays.com\/fr\/wp-json\/wp\/v2\/tags?post=104066"}],"curies":[{"name":"wp","href":"https:\/\/api.w.org\/{rel}","templated":true}]}}