{"id":1040675,"date":"2026-07-03T12:05:11","date_gmt":"2026-07-03T12:05:11","guid":{"rendered":"https:\/\/www.europesays.com\/fr\/1040675\/"},"modified":"2026-07-03T12:05:11","modified_gmt":"2026-07-03T12:05:11","slug":"intelligence-artificielle-le-geant-ovh-veut-soffrir-la-start-up-rennaise-gladia","status":"publish","type":"post","link":"https:\/\/www.europesays.com\/fr\/1040675\/","title":{"rendered":"Intelligence artificielle\u00a0: le g\u00e9ant OVH veut s\u2019offrir la start-up rennaise Gladia"},"content":{"rendered":"<p>Le g\u00e9ant de l\u2019h\u00e9bergement des donn\u00e9es de sant\u00e9 OVHcloud s\u2019int\u00e9resse \u00e0 la Bretagne. Dans un communiqu\u00e9 diffus\u00e9 le 11 juin, le groupe nordiste annonce \u00eatre entr\u00e9 en n\u00e9gociations exclusives pour racheter <a href=\"https:\/\/www.letelegramme.fr\/ille-et-vilaine\/rennes-35000\/pres-de-rennes-gladia-leve-plus-de-14-meur-pour-simposer-face-aux-geants-de-lia-6703186.php\" target=\"_blank\" rel=\"nofollow noopener\">la start-up rennaise Gladia<\/a>. \u00ab Cette op\u00e9ration vise \u00e0 renforcer l\u2019expertise d\u2019OVH Groupe dans l\u2019IA [intelligence artificielle] g\u00e9n\u00e9rative multimodale et agentique \u00bb, indique-t-il. Aucun d\u00e9tail financier n\u2019est pr\u00e9cis\u00e9.<\/p>\n<p>Fond\u00e9 en 2022, Gladia (pr\u00e8s de 40 salari\u00e9s \u00e0 Rennes, Paris et Toulouse) a d\u00e9velopp\u00e9 des solutions permettant de retranscrire des donn\u00e9es audio en texte. Et ce, dans plus de 100 langues, en quasi-temps r\u00e9el et en s\u2019int\u00e9grant directement dans les logiciels des entreprises. Selon OVHcloud, \u00ab Gladia accompagne aujourd\u2019hui plus de 300 000 d\u00e9veloppeurs et 2 000 clients entreprises, parmi lesquels HeyGen, Livestorm, Attention, Circleback, Method Financial, Recall.ai, et Leexi \u00bb.<\/p>\n<p>Nouveaux services<\/p>\n<p>Gr\u00e2ce \u00e0 cette acquisition, \u00ab OVH Groupe renforce ses \u00e9quipes avec de nouveaux experts de l\u2019IA vocale. En internalisant les briques technologiques Speech-To-Text (STT) d\u00e9velopp\u00e9es par Gladia, OVHcloud et OVHai proposeront \u00e0 leurs clients de nouveaux services d\u2019IA vocale \u00bb, indique le groupe, que Gladia conna\u00eet bien. Jean-Louis Qu\u00e9guiner, l\u2019un de ses fondateurs, en est l\u2019ancien directeur data et IA.<\/p>\n<p>Gladia avait fait parler de lui \u00e0 l\u2019automne 2024 en annon\u00e7ant une lev\u00e9e de fonds de 16 millions de dollars (pr\u00e8s de 14 millions d\u2019euros aujourd\u2019hui) aupr\u00e8s de plusieurs fonds fran\u00e7ais, britanniques et am\u00e9ricains emmen\u00e9s par XAnge, entit\u00e9 de la soci\u00e9t\u00e9 d\u2019investissement lyonnaise Siparex.<\/p>\n","protected":false},"excerpt":{"rendered":"Le g\u00e9ant de l\u2019h\u00e9bergement des donn\u00e9es de sant\u00e9 OVHcloud s\u2019int\u00e9resse \u00e0 la Bretagne. Dans un communiqu\u00e9 diffus\u00e9 le&hellip;\n","protected":false},"author":2,"featured_media":1040676,"comment_status":"","ping_status":"","sticky":false,"template":"","format":"standard","meta":{"footnotes":"","_share_on_mastodon":"0"},"categories":[2821],"tags":[1111,11,829,33,96513,257,1777,674,1011,27,848,223,12,584,25,81869],"class_list":["post-1040675","post","type-post","status-publish","format-standard","has-post-thumbnail","category-rennes","tag-actu","tag-actualites","tag-bretagne","tag-economie","tag-en-continu-economie","tag-entreprise","tag-eu","tag-europe","tag-fr","tag-france","tag-ille-et-vilaine","tag-intelligence-artificielle","tag-news","tag-rennes","tag-republique-francaise","tag-tech-startup"],"share_on_mastodon":{"url":"https:\/\/pubeurope.com\/@fr\/116855958954975244","error":""},"_links":{"self":[{"href":"https:\/\/www.europesays.com\/fr\/wp-json\/wp\/v2\/posts\/1040675","targetHints":{"allow":["GET"]}}],"collection":[{"href":"https:\/\/www.europesays.com\/fr\/wp-json\/wp\/v2\/posts"}],"about":[{"href":"https:\/\/www.europesays.com\/fr\/wp-json\/wp\/v2\/types\/post"}],"author":[{"embeddable":true,"href":"https:\/\/www.europesays.com\/fr\/wp-json\/wp\/v2\/users\/2"}],"replies":[{"embeddable":true,"href":"https:\/\/www.europesays.com\/fr\/wp-json\/wp\/v2\/comments?post=1040675"}],"version-history":[{"count":0,"href":"https:\/\/www.europesays.com\/fr\/wp-json\/wp\/v2\/posts\/1040675\/revisions"}],"wp:featuredmedia":[{"embeddable":true,"href":"https:\/\/www.europesays.com\/fr\/wp-json\/wp\/v2\/media\/1040676"}],"wp:attachment":[{"href":"https:\/\/www.europesays.com\/fr\/wp-json\/wp\/v2\/media?parent=1040675"}],"wp:term":[{"taxonomy":"category","embeddable":true,"href":"https:\/\/www.europesays.com\/fr\/wp-json\/wp\/v2\/categories?post=1040675"},{"taxonomy":"post_tag","embeddable":true,"href":"https:\/\/www.europesays.com\/fr\/wp-json\/wp\/v2\/tags?post=1040675"}],"curies":[{"name":"wp","href":"https:\/\/api.w.org\/{rel}","templated":true}]}}