{"id":104072,"date":"2025-05-16T09:20:12","date_gmt":"2025-05-16T09:20:12","guid":{"rendered":"https:\/\/www.europesays.com\/fr\/104072\/"},"modified":"2025-05-16T09:20:12","modified_gmt":"2025-05-16T09:20:12","slug":"journee-contre-lhomophobie-nantes-sanctionnera-mostafa-mohamed-qui-refuse-de-jouer","status":"publish","type":"post","link":"https:\/\/www.europesays.com\/fr\/104072\/","title":{"rendered":"Journ\u00e9e contre l&rsquo;homophobie : Nantes sanctionnera Mostafa Mohamed qui refuse de jouer"},"content":{"rendered":"<p><a href=\"https:\/\/www.laprovence.com\/actu\/en-direct\/5880542748048415\/refus-du-maillot-arc-en-ciel-nantes-sanctionne-financierement-mostafa-mohamed\" target=\"_blank\" rel=\"noopener\">L&rsquo;attaquant international est coutumier du fait puisqu&rsquo;il avait refus\u00e9 de jouer,<\/a> lors des deux derni\u00e8res saisons, les rencontres pr\u00e9vues lors de la journ\u00e9e de mobilisation contre les violences et la discrimination envers les personnes homosexuelles.<\/p>\n<p>En 2023, son entourage avait \u00e9voqu\u00e9 des \u00ab\u00a0menaces\u00a0\u00bb contre lui s&rsquo;il jouait cette journ\u00e9e, mais le club lui avait alors d\u00e9j\u00e0 inflig\u00e9 une amende revers\u00e9e \u00e0 SOS Homophobie.<\/p>\n<p>Une autre source proche du club a indiqu\u00e9 l&rsquo;AFP que, cette ann\u00e9e encore, l&rsquo;argent serait revers\u00e9 \u00e0 une association luttant contre l&rsquo;homophobie, confirmant une information de RMC et L&rsquo;Equipe. Le montant de l&rsquo;amende n&rsquo;est pas connue.<\/p>\n<p>\u00ab\u00a0Petit souci musculaire\u00a0\u00bb<\/p>\n<p>A la mi-journ\u00e9e, en conf\u00e9rence de presse, l&rsquo;entra\u00eeneur Antoine Kombouar\u00e9 avait invoqu\u00e9 une possible blessure du joueur pour justifier son absence \u00e0 l&rsquo;entra\u00eenement du matin. \u00ab\u00a0Euh&#8230; petit souci musculaire\u00a0\u00bb, avait lanc\u00e9, manifestement g\u00ean\u00e9, le Kanak.<\/p>\n<p>Interrog\u00e9 sp\u00e9cifiquement sur un possible lien avec la journ\u00e9e contre l&rsquo;homophobie, et apr\u00e8s un grand soupir, Kombouar\u00e9 avait poursuivi : \u00ab\u00a0apr\u00e8s on peut tout imaginer. Moi, c&rsquo;est le cadet de mes soucis, aujourd&rsquo;hui\u00a0\u00bb.<\/p>\n<p>\u00ab\u00a0Je pr\u00e9pare un match vital pour le club, crucial pour le club, donc (ce qui m&rsquo;int\u00e9resse) c&rsquo;est : quels sont les joueurs, aujourd&rsquo;hui, concern\u00e9s par le match, qui sont pr\u00eats \u00e0 aller chercher une victoire contre Montpellier. Le reste&#8230;\u00a0\u00bb, avait-il argument\u00e9.<\/p>\n<p>Mais Mohamed ne figure finalement pas dans le groupe parti se mettre au vert \u00e0 deux jours de cette rencontre d\u00e9cisive.<\/p>\n<p>Quinzi\u00e8me et premier non-rel\u00e9gable avec 33 points, Nantes a besoin d&rsquo;un point lors de la 34e et derni\u00e8re journ\u00e9e pour \u00eatre assur\u00e9 de jouer en L1 l&rsquo;an prochain sans d\u00e9pendre du r\u00e9sultats du Havre, 16e et barragiste virtuel \u00e0 deux longueurs des Canaris, qui se d\u00e9place \u00e0 Strasbourg.<\/p>\n","protected":false},"excerpt":{"rendered":"L&rsquo;attaquant international est coutumier du fait puisqu&rsquo;il avait refus\u00e9 de jouer, lors des deux derni\u00e8res saisons, les rencontres&hellip;\n","protected":false},"author":2,"featured_media":104073,"comment_status":"","ping_status":"","sticky":false,"template":"","format":"standard","meta":{"footnotes":""},"categories":[2818],"tags":[17,1111,11,1444,1777,674,63,1011,27,3465,22073,22075,766,12,2636,25,22074,60],"class_list":{"0":"post-104072","1":"post","2":"type-post","3":"status-publish","4":"format-standard","5":"has-post-thumbnail","7":"category-nantes","8":"tag-17","9":"tag-actu","10":"tag-actualites","11":"tag-contre","12":"tag-eu","13":"tag-europe","14":"tag-football","15":"tag-fr","16":"tag-france","17":"tag-journee","18":"tag-lhomophobie","19":"tag-mostafa","20":"tag-nantes","21":"tag-news","22":"tag-pays-de-la-loire","23":"tag-republique-francaise","24":"tag-sanctionnera","25":"tag-sports"},"share_on_mastodon":{"url":"https:\/\/pubeurope.com\/@fr\/114516776204784432","error":""},"_links":{"self":[{"href":"https:\/\/www.europesays.com\/fr\/wp-json\/wp\/v2\/posts\/104072","targetHints":{"allow":["GET"]}}],"collection":[{"href":"https:\/\/www.europesays.com\/fr\/wp-json\/wp\/v2\/posts"}],"about":[{"href":"https:\/\/www.europesays.com\/fr\/wp-json\/wp\/v2\/types\/post"}],"author":[{"embeddable":true,"href":"https:\/\/www.europesays.com\/fr\/wp-json\/wp\/v2\/users\/2"}],"replies":[{"embeddable":true,"href":"https:\/\/www.europesays.com\/fr\/wp-json\/wp\/v2\/comments?post=104072"}],"version-history":[{"count":0,"href":"https:\/\/www.europesays.com\/fr\/wp-json\/wp\/v2\/posts\/104072\/revisions"}],"wp:featuredmedia":[{"embeddable":true,"href":"https:\/\/www.europesays.com\/fr\/wp-json\/wp\/v2\/media\/104073"}],"wp:attachment":[{"href":"https:\/\/www.europesays.com\/fr\/wp-json\/wp\/v2\/media?parent=104072"}],"wp:term":[{"taxonomy":"category","embeddable":true,"href":"https:\/\/www.europesays.com\/fr\/wp-json\/wp\/v2\/categories?post=104072"},{"taxonomy":"post_tag","embeddable":true,"href":"https:\/\/www.europesays.com\/fr\/wp-json\/wp\/v2\/tags?post=104072"}],"curies":[{"name":"wp","href":"https:\/\/api.w.org\/{rel}","templated":true}]}}