{"id":104074,"date":"2025-05-16T09:21:10","date_gmt":"2025-05-16T09:21:10","guid":{"rendered":"https:\/\/www.europesays.com\/fr\/104074\/"},"modified":"2025-05-16T09:21:10","modified_gmt":"2025-05-16T09:21:10","slug":"une-enquete-ouverte-apres-lagression-dun-journaliste-de-rue89-bordeaux-par-un-groupe-dextreme-droite","status":"publish","type":"post","link":"https:\/\/www.europesays.com\/fr\/104074\/","title":{"rendered":"Une enqu\u00eate ouverte apr\u00e8s l&rsquo;agression d&rsquo;un journaliste de Rue89 Bordeaux par un groupe d&rsquo;extr\u00eame droite"},"content":{"rendered":"<p>Le 24 mars dernier en fin de soir\u00e9e, Samuel Clauzier, journaliste de la r\u00e9daction de Rue89 Bordeaux, rentre chez lui. Alors qu\u2019il remonte le cours d\u2019Albret, il voit cinq individus arracher des autocollants. S\u2019approchant pour constater lesquels \u00e9taient vis\u00e9s, il constate qu\u2019il s\u2019agit de messages f\u00e9ministes et antifas.<\/p>\n<p>Il se fait aussit\u00f4t interpeller par les membres du groupe, qui le questionnent imm\u00e9diatement sur son appartenance politique, et insistent pour fouiller son t\u00e9l\u00e9phone et ses messageries. Samuel refuse, se d\u00e9fend, avant que l\u2019un de ses agresseurs ne lui ass\u00e8ne un coup de poing \u00e0 l\u2019arcade, lui faisant perdre connaissance quelques secondes. <\/p>\n<p>\t\tDeux jours d\u2019ITT<\/p>\n<p>Rentr\u00e9 chez lui, il appelle SOS M\u00e9decin. On lui administre 4 points de suture et deux jours d\u2019ITT (interruption totale de travail). Le lendemain, Samuel porte plainte contre X.<\/p>\n<p>Bon connaisseur des milieux d\u2019extr\u00eame droite bordelaise, il pense avoir reconnu un de ses agresseurs, membre du groupuscule identitaire La Bastide Bordelaise, et porte une nouvelle plainte le d\u00e9signant. Le parquet de Bordeaux a \u00e9t\u00e9 saisi de l\u2019affaire le 14 mai. Une enqu\u00eate confi\u00e9e \u00e0 la DIPN 33 a \u00e9t\u00e9 ouverte des chefs de violences en r\u00e9union.<\/p>\n<p>Si notre journaliste, qui n\u2019\u00e9tait pas en reportage, n\u2019a pas \u00e9t\u00e9 cibl\u00e9 en raison de ses activit\u00e9s professionnelles, les faits s\u2019inscrivent dans une tension croissante depuis plusieurs mois \u00e0 Bordeaux entre des militants d\u2019extr\u00eame droite et celles et ceux qu\u2019ils d\u00e9signent comme leurs adversaires. Les premiers n\u2019h\u00e9sitent pas \u00e0 recourir \u00e0 l\u2019intimidation et, de plus en plus, \u00e0 la violence physique. <\/p>\n<p>\t\tS\u00e9rie noire<\/p>\n<p>L\u2019universit\u00e9 de Bordeaux Montaigne a r\u00e9cemment \u00e9t\u00e9 le th\u00e9\u00e2tre de plusieurs graves d\u00e9rapages. Apr\u00e8s l\u2019intrusion d\u2019un <a href=\"https:\/\/rue89bordeaux.com\/2022\/12\/des-militants-dextreme-droite-perturbent-lintervention-de-deputes-lfi-a-luniversite-bordeaux-montaigne\/\" target=\"_blank\" rel=\"noreferrer noopener\">vingtaine de personnes cagoul\u00e9es et arm\u00e9es de barres de fer<\/a> lors d\u2019une conf\u00e9rence donn\u00e9e par des d\u00e9put\u00e9s LFI en 2022 \u2013 <a href=\"https:\/\/rue89bordeaux.com\/2022\/06\/provocations-racistes-et-bataille-de-rue-dans-le-quartier-saint-michel-a-bordeaux\/\" target=\"_blank\" rel=\"noreferrer noopener\">la m\u00eame ann\u00e9e de leur descente dans le quartier Saint-Michel<\/a> \u2013, le mouvement des \u00e9tudiants contre l\u2019aust\u00e9rit\u00e9 a depuis la rentr\u00e9e 2024 donn\u00e9 lieu \u00e0 de nombreuses incursions.<\/p>\n<p>Aux inscriptions de tags nationalistes ou x\u00e9nophobes et aux distributions r\u00e9p\u00e9t\u00e9es de tracts ont succ\u00e9d\u00e9 les agressions verbales ou physiques. En d\u00e9cembre, un \u00e9tudiant membre de l\u2019Union nationale des \u00e9tudiants de France (Unef) est <a href=\"https:\/\/rue89bordeaux.com\/2024\/12\/face-aux-intrusions-de-lextreme-droite-sur-le-campus-les-etudiants-de-bordeaux-montaigne-se-mobilisent\/\" target=\"_blank\" rel=\"noreferrer noopener\">pris \u00e0 partie en marge d\u2019une assembl\u00e9e g\u00e9n\u00e9rale<\/a> contre l\u2019extr\u00eame droite au cours de laquelle la cr\u00e9ation d\u2019un comit\u00e9 d\u2019action antifasciste a justement \u00e9t\u00e9 act\u00e9e.<\/p>\n<p>Le jeune homme se fait interpeller par Yanis Iva, membre fondateur de La Bastide Bordelaise : ce dernier le traite de \u00ab\u00a0sale p\u00e9d\u00e9\u00a0\u00bb avant que ses quatre autres coll\u00e8gues n\u2019enchainent sur d\u2019autres insultes. Le lendemain, il d\u00e9posait plainte contre son agresseur pour \u00ab\u00a0injures \u00e0 caract\u00e8re homophobe\u00a0\u00bb.<\/p>\n<blockquote class=\"wp-block-quote is-layout-flow wp-block-quote-is-layout-flow\">\n<p>\u00ab\u00a0J\u2019ai \u00e9t\u00e9 convoqu\u00e9 par la police ensuite pour identifier mon agresseur parmi des photos de suspects. Le policier m\u2019a annonc\u00e9 qu\u2019il allait \u00eatre convoqu\u00e9\u00a0\u00bb, rapporte aujourd\u2019hui l\u2019\u00e9tudiant.<\/p>\n<\/blockquote>\n<p>Des plaintes sans suites<\/p>\n<p>En janvier, une poign\u00e9e de membres du m\u00eame groupuscule tente une nouvelle fois de s\u2019aventurer sur le campus de Pessac, et sont <a href=\"https:\/\/rue89bordeaux.com\/2025\/01\/des-militants-dextreme-droite-chasses-du-campus-luniversite-bordeaux-montaigne-porte-plainte\/\" target=\"_blank\" rel=\"noreferrer noopener\">chass\u00e9s par une soixantaine d\u2019\u00e9tudiants du comit\u00e9 d\u2019action antifasciste<\/a>. L\u2019Universit\u00e9 Bordeaux Montaigne porte plainte contre cette intrusion, rappelant la position adopt\u00e9e par la direction lors du conseil d\u2019administration du 6 d\u00e9cembre 2024, interdisant strictement la pr\u00e9sence sur le campus d\u2019individus ni \u00e9tudiants ni inscrits. <\/p>\n<p>A Rue89 Bordeaux, l\u2019\u00e9tablissement indique \u00ab\u00a0ne pas avoir \u00e9t\u00e9 inform\u00e9e de l\u2019avancement\u00a0\u00bb de cette plainte, ce qui signifie \u00ab\u00a0que le processus n\u2019est pas termin\u00e9\u00a0\u00bb.<\/p>\n<p>En f\u00e9vrier, lors des actions d\u2019occupation des b\u00e2timents de la fac, <a href=\"https:\/\/rue89bordeaux.com\/2025\/02\/les-deputes-mathilde-feld-et-loic-prudhomme-saisissent-le-prefet-suite-a-lagression-dun-militant-lfi\/\" target=\"_blank\" rel=\"noreferrer noopener\">un militant des Jeunes Insoumis est rou\u00e9 de coups<\/a> sur le campus, non loin de Sciences Po Bordeaux. Il d\u00e9pose plainte quelques jours plus tard et n\u2019a depuis aucune nouvelle sur l\u2019ouverture d\u2019une enqu\u00eate.<\/p>\n<p>Le 15 avril 2024, deux jeunes avaient \u00e9t\u00e9<a href=\"https:\/\/rue89bordeaux.com\/2024\/05\/bordeaux-agresses-par-militants-extreme-droite-portent-plainte\/\" target=\"_blank\" rel=\"noreferrer noopener\"> violemment agress\u00e9s en fin de soir\u00e9e<\/a> devant un pub bordelais pour avoir d\u00e9coll\u00e9 des stickers appelant \u00e0 la \u00ab\u00a0remigration\u00a0\u00bb (expulsion des \u00e9trangers) et s\u2019opposant \u00e0 \u00ab\u00a0la tyrannie woke\u00a0\u00bb. La plainte pour violences en r\u00e9union a donn\u00e9 lieu a un classement sans suite pour \u00ab\u00a0auteur inconnu\u00a0\u00bb le 31 juillet dernier, nous apprend Ma\u00eetre Bruno Bouyer, l\u2019avocat des deux victimes.<\/p>\n<p>Pas de dissolution en vue<\/p>\n<p>Suite \u00e0 ces agressions, les d\u00e9put\u00e9s girondins Insoumis Mathilde Feld et Lo\u00efc Prud\u2019homme\u00a0ont appel\u00e9 le pr\u00e9fet Etienne Guyot \u00e0 prendre toutes les mesures en son pouvoir \u00ab\u00a0pour mettre fin aux violences d\u2019extr\u00eame droite\u00a0\u00bb dans le d\u00e9partement, sugg\u00e9rant par la m\u00eame occasion la dissolution de ces \u00ab\u00a0groupuscules violents, notamment La Bastide bordelaise\u00a0\u00bb.\u00a0<\/p>\n<p>\u00c0 cette interpellation, la pr\u00e9fecture pr\u00e9f\u00e8re pour l\u2019instant botter en touche, indiquant que ces proc\u00e9dures ne \u00ab\u00a0d\u00e9pendent pas de [ses services] et rel\u00e8vent du minist\u00e8re de l\u2019Int\u00e9rieur\u00a0\u00bb. Elle assure tout de m\u00eame qu\u2019une r\u00e9ponse sera apport\u00e9e aux parlementaires en temps voulu.<\/p>\n<p>Pour l\u2019heure, La Bastide bordelaise ne figure donc pas parmi les mouvements dans le collimateur de Bruno Retailleau. Le ministre de l\u2019Int\u00e9rieur a lanc\u00e9 la dissolution du groupuscule d\u2019extr\u00eame droite Lyon populaire, mais le candidat en campagne pour la pr\u00e9sidence du parti Les R\u00e9publicains s\u2019est surtout exprim\u00e9 sur les proc\u00e9dures engag\u00e9es contre <a href=\"https:\/\/www.lemonde.fr\/politique\/article\/2025\/05\/15\/a-la-jeune-garde-des-antifas-proches-de-la-france-insoumise-dans-la-ligne-de-mire-de-bruno-retailleau_6606155_823448.html\" target=\"_blank\" rel=\"noreferrer noopener\">la Jeune Garde antifasciste<\/a> et Urgence Palestine.<\/p>\n<p>Les mouvements locaux d\u2019extr\u00eame droite ne cachent pourtant plus leur intentions naus\u00e9abondes. Rappelons que La Bastide Bordelaise est un groupuscule fond\u00e9 sur les cendres de Bordeaux Nationaliste, un groupe dissout en f\u00e9vrier 2023 par le ministre de l\u2019Int\u00e9rieur de l\u2019\u00e9poque, G\u00e9rald Darmanin. Les membres sont les m\u00eames, ils utilisent le m\u00eame local \u00e0 B\u00e8gles, comme en t\u00e9moigne <a href=\"https:\/\/www.20minutes.fr\/politique\/4034076-20230425-cache-derriere-nouveau-groupuscule-bastide-bordelaise\" target=\"_blank\" rel=\"noreferrer noopener\">20 Minutes<\/a> en avril 2023.<\/p>\n<p>Des fachos made in Bordeaux<\/p>\n<p>Les militants d\u2019extr\u00eame droite ne font plus myst\u00e8re de leurs intentions haineuses, m\u00eame sur le terrain politique o\u00f9 Yanis Iva s\u2019est aventur\u00e9 en se portant candidat aux \u00e9lections l\u00e9gislatives sur la 2e circonscription de la Gironde. <a href=\"https:\/\/www.francebleu.fr\/infos\/politique\/legislatives-2024-donnons-une-bonne-droite-a-la-gauche-un-militant-identitaire-d-extreme-droite-candidat-a-bordeaux-2584228\" target=\"_blank\" rel=\"noreferrer noopener\">Le discours \u00ab\u00a0extr\u00eamement inqui\u00e9tant\u00a0\u00bb du leader identitaire a \u00e9t\u00e9 soulign\u00e9 par ses opposants<\/a> ; son slogan de campagne \u00e9tait : \u00ab\u00a0Donnons une bonne droite \u00e0 la gauche\u00a0\u00bb.<\/p>\n<p>Les militants girondins de son groupuscule ont pris part au Comit\u00e9 du 9 mai (C9M), un d\u00e9fil\u00e9 n\u00e9onazi digne de la propagande des Jeunesses hitl\u00e9riennes. Organis\u00e9 chaque ann\u00e9e dans les rues de Paris, il vise \u00e0 rendre hommage \u00e0 S\u00e9bastien Deyzieu, un militant\u00a0d\u2019extr\u00eame droite\u00a0d\u00e9c\u00e9d\u00e9 en 1994 alors qu\u2019il tentait d\u2019\u00e9chapper \u00e0 la police lors d\u2019une manifestation interdite. Lib\u00e9ration a film\u00e9 certains de ces manifestants <a href=\"https:\/\/www.liberation.fr\/politique\/saluts-nazis-symboles-ss-les-images-exclusives-au-coeur-de-la-ceremonie-neofasciste-du-c9m-20250512_6XC5EIHILFEKLA5BPXLN2KXSB4\/?redirected=1\" target=\"_blank\" rel=\"noreferrer noopener\">faisant des saluts nazis<\/a> sur les lieux de la mort du jeune homme.<\/p>\n<p>Des figures politiques bordelaises font aussi les frais de tentatives d\u2019intimidation. Outre la permanence du d\u00e9put\u00e9 insoumis Lo\u00efc Prud\u2019homme ou le local du PCF vandalis\u00e9s en 2023 par le groupuscule Action Directe Identitaire, c\u2019est Philippe Poutou qui s\u2019est retrouv\u00e9 nez \u00e0 nez avec des militants du RN dans un train au retour de Narbonne le 1er mai dernier.<\/p>\n<p>Ces derniers rentraient du meeting de Marine Le Pen et Jordan Bardella organis\u00e9 le jour m\u00eame, n\u2019ont pas h\u00e9sit\u00e9 \u00e0 faire sentir leur pr\u00e9sence au conseiller municipal bordelais. \u00c0 l\u2019arriv\u00e9e en gare de Bordeaux, la SNCF a d\u00e9p\u00each\u00e9 la police ferroviaire pour assurer la s\u00e9curit\u00e9 de ce dernier.<\/p>\n<p>Des provocations jusqu\u2019au Bassin d\u2019Arcachon<\/p>\n<p><img loading=\"lazy\" decoding=\"async\" width=\"792\" height=\"356\" src=\"https:\/\/www.europesays.com\/fr\/wp-content\/uploads\/2025\/05\/ed-nationaliste-792x356.jpg\" alt=\"\" class=\"wp-image-163242\"  \/> Doc envoy\u00e9 \u00e0 la r\u00e9daction<\/p>\n<p>Dans une alerte anonyme sur notre plateforme, une conductrice de car scolaire \u00ab\u00a0fran\u00e7aise typ\u00e9e maghr\u00e9bine\u00a0\u00bb rapporte avoir retrouv\u00e9 son v\u00e9hicule tagu\u00e9 au matin du 9 mai dernier dans une commune du sud du Bassin d\u2019Arcachon, avant son d\u00e9part pour le ramassage scolaire.<\/p>\n<p>\u00ab\u00a0Je gare mon car tous les soirs au m\u00eame endroit et je le d\u00e9couvre dans cet \u00e9tat ce jour-l\u00e0. Il y en a un autre, d\u2019un autre transporteur, gar\u00e9 \u00e0 c\u00f4t\u00e9 et n\u2019a pas \u00e9t\u00e9 tagu\u00e9. C\u2019est un cul de sac pour y passer par hasard, donc l\u2019acte \u00e9tait bien cibl\u00e9\u00a0\u00bb, \u00e9crit la personne concern\u00e9e.<\/p>\n<p>Contact\u00e9e pour plus d\u2019informations et pour d\u2019\u00e9ventuelles suites donn\u00e9es, la r\u00e9gion Nouvelle-Aquitaine n\u2019a pas encore r\u00e9pondu.<\/p>\n","protected":false},"excerpt":{"rendered":"Le 24 mars dernier en fin de soir\u00e9e, Samuel Clauzier, journaliste de la r\u00e9daction de Rue89 Bordeaux, rentre&hellip;\n","protected":false},"author":2,"featured_media":104075,"comment_status":"","ping_status":"","sticky":false,"template":"","format":"standard","meta":{"footnotes":""},"categories":[2817],"tags":[1111,11,1997,1777,674,1076,1011,27,22076,12,2219,25,22077],"class_list":{"0":"post-104074","1":"post","2":"type-post","3":"status-publish","4":"format-standard","5":"has-post-thumbnail","7":"category-bordeaux","8":"tag-actu","9":"tag-actualites","10":"tag-bordeaux","11":"tag-eu","12":"tag-europe","13":"tag-extreme-droite","14":"tag-fr","15":"tag-france","16":"tag-la-bastide-bordelaise","17":"tag-news","18":"tag-nouvelle-aquitaine","19":"tag-republique-francaise","20":"tag-universite-bordeaux-montaigne"},"share_on_mastodon":{"url":"https:\/\/pubeurope.com\/@fr\/114516779728778116","error":""},"_links":{"self":[{"href":"https:\/\/www.europesays.com\/fr\/wp-json\/wp\/v2\/posts\/104074","targetHints":{"allow":["GET"]}}],"collection":[{"href":"https:\/\/www.europesays.com\/fr\/wp-json\/wp\/v2\/posts"}],"about":[{"href":"https:\/\/www.europesays.com\/fr\/wp-json\/wp\/v2\/types\/post"}],"author":[{"embeddable":true,"href":"https:\/\/www.europesays.com\/fr\/wp-json\/wp\/v2\/users\/2"}],"replies":[{"embeddable":true,"href":"https:\/\/www.europesays.com\/fr\/wp-json\/wp\/v2\/comments?post=104074"}],"version-history":[{"count":0,"href":"https:\/\/www.europesays.com\/fr\/wp-json\/wp\/v2\/posts\/104074\/revisions"}],"wp:featuredmedia":[{"embeddable":true,"href":"https:\/\/www.europesays.com\/fr\/wp-json\/wp\/v2\/media\/104075"}],"wp:attachment":[{"href":"https:\/\/www.europesays.com\/fr\/wp-json\/wp\/v2\/media?parent=104074"}],"wp:term":[{"taxonomy":"category","embeddable":true,"href":"https:\/\/www.europesays.com\/fr\/wp-json\/wp\/v2\/categories?post=104074"},{"taxonomy":"post_tag","embeddable":true,"href":"https:\/\/www.europesays.com\/fr\/wp-json\/wp\/v2\/tags?post=104074"}],"curies":[{"name":"wp","href":"https:\/\/api.w.org\/{rel}","templated":true}]}}