{"id":104087,"date":"2025-05-16T09:28:09","date_gmt":"2025-05-16T09:28:09","guid":{"rendered":"https:\/\/www.europesays.com\/fr\/104087\/"},"modified":"2025-05-16T09:28:09","modified_gmt":"2025-05-16T09:28:09","slug":"alcoolise-au-volant-dun-vehicule-declare-vole-il-commet-un-refus-dobtemperer-et-frappe-des-policiers","status":"publish","type":"post","link":"https:\/\/www.europesays.com\/fr\/104087\/","title":{"rendered":"alcoolis\u00e9 au volant d\u2019un v\u00e9hicule d\u00e9clar\u00e9 vol\u00e9, il commet un refus d\u2019obtemp\u00e9rer et frappe des policiers"},"content":{"rendered":"<p>Le chauffard, qui a refus\u00e9 de se soustraire \u00e0 un contr\u00f4le d\u2019alcool\u00e9mie, a outrag\u00e9 les agents qui l\u2019avaient arr\u00eat\u00e9 avant de frapper deux d\u2019entre eux qui tentaient de l\u2019int\u00e9grer \u00e0 une cellule de d\u00e9grisement. Les policiers ont d\u00e9pos\u00e9 plainte.<\/p>\n<p class=\"fig-paragraph\">Un conducteur qui cumule les d\u00e9lits. Mercredi dans la soir\u00e9e, un \u00e9quipage du groupe de s\u00e9curit\u00e9 et de proximit\u00e9 (GSP) qui patrouillait dans le 13e arrondissement de Marseille a crois\u00e9 la route d\u2019un chauffard circulant \u00e0 vive allure. L\u2019homme roulait \u00e0 bord d\u2019un v\u00e9hicule d\u00e9clar\u00e9 vol\u00e9, de quoi d\u00e9clencher une intervention des forces de l\u2019ordre.<\/p>\n<p class=\"fig-paragraph\">Pas de quoi ralentir le mis en cause, qui a continu\u00e9 sa route malgr\u00e9 le gyrophare des policiers. Ces derniers ont finalement r\u00e9ussi \u00e0 interpeller le dangereux conducteur mettant ainsi un terme au\u00a0<a href=\"http:\/\/www.lefigaro.fr\/faits-divers\/ce-que-l-on-sait-de-l-altercation-a-drancy-ou-un-homme-a-ete-blesse-par-un-tir-policier-apres-un-refus-d-obtemperer-20250503\" data-fig-type=\"NewsFlash\" data-gtm-custom-categorie=\"navigation\" data-gtm-custom-action=\"crossclick\" data-gtm-custom-label=\"Contextuel\" data-gtm-event=\"customEventSPE\" data-fig-domain=\"LEFIGARO\" target=\"_blank\" rel=\"noopener\">refus d\u2019obtemp\u00e9rer<\/a>. Visiblement alcoolis\u00e9, l\u2019homme a d\u2019abord invectiv\u00e9 les agents avant de se rebeller, refusant de se soustraire \u00e0 un contr\u00f4le d\u2019alcool\u00e9mie selon une source polici\u00e8re, qui confirme une information de\u00a0<a href=\"https:\/\/www.laprovence.com\/article\/faits-divers-justice\/149124956863615\/insultes-frappes-mordus-4-policiers-en-service-agresses-a-marseille\" target=\"_blank\" rel=\"nofollow noopener\" data-gtm-custom-categorie=\"navigation\" data-gtm-custom-action=\"crossclick\" data-gtm-custom-label=\"Contextuel\" data-gtm-event=\"customEventSPE\">La Provence<\/a> .<\/p>\n<p>Trois plaintes d\u00e9pos\u00e9es<\/p>\n<p class=\"fig-paragraph\">De nouvelles v\u00e9rifications ont r\u00e9v\u00e9l\u00e9 que le v\u00e9hicule du chauffard appartenait bien \u00e0 ce dernier, qui a continu\u00e9 de menacer physiquement les forces de l\u2019ordre. Alors que des agents tentaient de le placer en cellule de d\u00e9grisement, il a frapp\u00e9 l\u2019un d\u2019eux au visage et au ventre, portant ensuite un coup de pied \u00e0 un second policier. Au total, trois gardiens de la paix ont d\u00e9pos\u00e9 plainte contre l\u2019homme de 37 ans, d\u00e9sormais mis en cause pour des faits de \u00abrefus d\u2019obtemp\u00e9rer\u00bb, d\u2019\u00aboutrage\u00bb et de \u00abr\u00e9bellion\u00bb ainsi que de \u00abrefus de se soumettre aux v\u00e9rifications du taux d\u2019alcool\u00bb.<\/p>\n","protected":false},"excerpt":{"rendered":"Le chauffard, qui a refus\u00e9 de se soustraire \u00e0 un contr\u00f4le d\u2019alcool\u00e9mie, a outrag\u00e9 les agents qui l\u2019avaient&hellip;\n","protected":false},"author":2,"featured_media":104088,"comment_status":"","ping_status":"","sticky":false,"template":"","format":"standard","meta":{"footnotes":""},"categories":[2814],"tags":[1111,11,885,1182,1180,1181,1777,674,1011,27,1184,1185,884,12,1177,1176,149,1072,1186,882,2852,25,1178,1183,1179],"class_list":{"0":"post-104087","1":"post","2":"type-post","3":"status-publish","4":"format-standard","5":"has-post-thumbnail","7":"category-marseille","8":"tag-actu","9":"tag-actualites","10":"tag-bouches-du-rhone","11":"tag-calanques","12":"tag-canebiere","13":"tag-cite-phoceenne","14":"tag-eu","15":"tag-europe","16":"tag-fr","17":"tag-france","18":"tag-la-timone","19":"tag-les-baumettes-mediterranee","20":"tag-marseille","21":"tag-news","22":"tag-notre-dame-de-la-garde","23":"tag-olympique-de-marseille","24":"tag-om","25":"tag-police","26":"tag-provence","27":"tag-provence-alpes-cote-dazur","28":"tag-refus-dobtemperer","29":"tag-republique-francaise","30":"tag-saint-charles","31":"tag-sormiou","32":"tag-vieux-port"},"share_on_mastodon":{"url":"https:\/\/pubeurope.com\/@fr\/114516807104773015","error":""},"_links":{"self":[{"href":"https:\/\/www.europesays.com\/fr\/wp-json\/wp\/v2\/posts\/104087","targetHints":{"allow":["GET"]}}],"collection":[{"href":"https:\/\/www.europesays.com\/fr\/wp-json\/wp\/v2\/posts"}],"about":[{"href":"https:\/\/www.europesays.com\/fr\/wp-json\/wp\/v2\/types\/post"}],"author":[{"embeddable":true,"href":"https:\/\/www.europesays.com\/fr\/wp-json\/wp\/v2\/users\/2"}],"replies":[{"embeddable":true,"href":"https:\/\/www.europesays.com\/fr\/wp-json\/wp\/v2\/comments?post=104087"}],"version-history":[{"count":0,"href":"https:\/\/www.europesays.com\/fr\/wp-json\/wp\/v2\/posts\/104087\/revisions"}],"wp:featuredmedia":[{"embeddable":true,"href":"https:\/\/www.europesays.com\/fr\/wp-json\/wp\/v2\/media\/104088"}],"wp:attachment":[{"href":"https:\/\/www.europesays.com\/fr\/wp-json\/wp\/v2\/media?parent=104087"}],"wp:term":[{"taxonomy":"category","embeddable":true,"href":"https:\/\/www.europesays.com\/fr\/wp-json\/wp\/v2\/categories?post=104087"},{"taxonomy":"post_tag","embeddable":true,"href":"https:\/\/www.europesays.com\/fr\/wp-json\/wp\/v2\/tags?post=104087"}],"curies":[{"name":"wp","href":"https:\/\/api.w.org\/{rel}","templated":true}]}}