{"id":1040883,"date":"2026-07-03T14:18:18","date_gmt":"2026-07-03T14:18:18","guid":{"rendered":"https:\/\/www.europesays.com\/fr\/1040883\/"},"modified":"2026-07-03T14:18:18","modified_gmt":"2026-07-03T14:18:18","slug":"une-alerte-rouge-lancee-par-lonu-face-a-la-catastrophe-en-cours-a-el-obeid-au-soudan","status":"publish","type":"post","link":"https:\/\/www.europesays.com\/fr\/1040883\/","title":{"rendered":"Une \u00abalerte rouge\u00bb lanc\u00e9e par l\u2019ONU face \u00e0 la catastrophe en cours \u00e0 El-Obeid, au Soudan"},"content":{"rendered":"<p>\n    L\u2019ONU a lanc\u00e9 une \u00abalerte rouge\u00bb face \u00e0 la situation catastrophique \u00e0 El-Obeid, ville soudanaise assi\u00e9g\u00e9e par les paramilitaires des FSR, o\u00f9 des frappes de drones ont d\u00e9j\u00e0 fait de nombreuses victimes civiles.<\/p>\n<p class=\"fig-paragraph\">Le Haut-Commissaire aux droits de l&rsquo;homme Volker T\u00fcrk a lanc\u00e9 vendredi une \u00abalerte rouge\u00bb face \u00e0 la \u00abcatastrophe\u00bb en cours \u00e0 El-Obeid, grande ville du\u00a0<a href=\"http:\/\/www.lefigaro.fr\/international\/soudan-au-moins-onze-morts-apres-une-frappe-de-drone-sur-un-marche-selon-une-ong-20260607\" data-fig-type=\"NewsFlash\" data-gtm-custom-categorie=\"navigation\" data-gtm-custom-action=\"crossclick\" data-gtm-custom-label=\"Contextuel\" data-gtm-event=\"customEventSPE\" data-fig-domain=\"LEFIGARO\" rel=\"nofollow noopener\" target=\"_blank\">Soudan\u00a0<\/a>assi\u00e9g\u00e9e par les paramilitaires,\u00a0<a href=\"http:\/\/www.lefigaro.fr\/international\/l-onu-alerte-sur-un-renforcement-rapide-du-phenomene-climatique-el-nino-qui-devrait-atteindre-une-forte-intensite-entre-juillet-et-septembre-20260703\" data-fig-type=\"NewsFlash\" data-gtm-custom-categorie=\"navigation\" data-gtm-custom-action=\"crossclick\" data-gtm-custom-label=\"Contextuel\" data-gtm-event=\"customEventSPE\" data-fig-domain=\"LEFIGARO\" rel=\"nofollow noopener\" target=\"_blank\">l&rsquo;ONU<\/a>\u00a0redoutant des d\u00e9placements de centaines de milliers de personnes. El-Obeid, dans la r\u00e9gion du Kordofan, fait l&rsquo;objet depuis plusieurs mois d&rsquo;un si\u00e8ge des paramilitaires des Forces de soutien rapide (FSR), en guerre contre l&rsquo;arm\u00e9e r\u00e9guli\u00e8re depuis avril 2023.<\/p>\n<p class=\"fig-paragraph\">\u00abLes signes en provenance d&rsquo;El-Obeid sont clairs et sans \u00e9quivoque\u00a0: une nouvelle catastrophe en mati\u00e8re de droits humains est en train de se jouer au Soudan, cette fois dans la capitale de l&rsquo;Etat strat\u00e9gique du Kordofan-Nord\u00bb, a d\u00e9clar\u00e9 M. T\u00fcrk \u00e0 l&rsquo;ouverture d&rsquo;un d\u00e9bat urgent sur le Soudan au Conseil des droits de l&rsquo;homme de l&rsquo;ONU \u00e0 Gen\u00e8ve. Ce d\u00e9bat \u00e9tait r\u00e9clam\u00e9 \u00e0 la pr\u00e9sidence du Conseil, en session jusqu&rsquo;\u00e0 la semaine prochaine, par le Royaume-Uni avec le soutien de l&rsquo;Allemagne, de l&rsquo;Irlande, des Pays-Bas et de la Norv\u00e8ge, qui souhaitent faire adopter une r\u00e9solution pour r\u00e9clamer un \u00abcessez-le-feu imm\u00e9diat\u00bb.<\/p>\n<p>                                            <a class=\"fig-a11y-skip\" href=\"#fig-a11y-skip-main-inarticle\" is=\"fig-a11y-skip\" data-trigger-mode=\"visible-once\"><br \/>\n    Passer la publicit\u00e9<br \/>\n<\/a>            <\/p>\n<p class=\"fig-paragraph\">\u00abLa multiplication des frappes de drones a tu\u00e9 des civils et d\u00e9truit des infrastructures civiles. Des axes d&rsquo;approvisionnement essentiels dans la r\u00e9gion ont \u00e9t\u00e9 touch\u00e9s, ainsi que des stations-service et le r\u00e9seau \u00e9lectrique\u00bb, a d\u00e9clar\u00e9 la repr\u00e9sentante britannique, Eleanor Sanders, pendant les d\u00e9bats. Depuis plusieurs jours, l&rsquo;ONU, des ONG et divers gouvernements s&rsquo;inqui\u00e8tent d&rsquo;une possible attaque imminente \u00e0\u00a0<a href=\"http:\/\/www.lefigaro.fr\/international\/soudan-une-attaque-de-drone-fait-dix-morts-dont-sept-enfants-a-el-obeid-dans-le-sud-du-pays-20260106\" data-fig-type=\"NewsFlash\" data-gtm-custom-categorie=\"navigation\" data-gtm-custom-action=\"crossclick\" data-gtm-custom-label=\"Contextuel\" data-gtm-event=\"customEventSPE\" data-fig-domain=\"LEFIGARO\" rel=\"nofollow noopener\" target=\"_blank\">El-Obeid<\/a>\u00a0similaire \u00e0 celle qui avait conduit \u00e0 la prise d&rsquo;El-Facher l&rsquo;an dernier, ville du Darfour o\u00f9 les FSR sont accus\u00e9es d&rsquo;avoir commis de multiples exactions.<\/p>\n<p class=\"fig-paragraph\">\u00abC&rsquo;est une alerte rouge qui doit parvenir aux chefs d&rsquo;Etats et de gouvernements du monde entier. Leurs t\u00e9l\u00e9phones devraient surchauffer dans les jours et les semaines \u00e0 venir, avec des id\u00e9es sur la mani\u00e8re de pr\u00e9venir les atrocit\u00e9s \u00e0 El-Obeid et ailleurs au Kordofan, o\u00f9 les m\u00eames m\u00e9thodes sont \u00e0 l&rsquo;oeuvre\u00bb, a lanc\u00e9 M. T\u00fcrk. Il a aussi appel\u00e9 \u00e0 s&rsquo;attaquer \u00e0 \u00abl&rsquo;\u00e9conomie de la guerre\u00bb, soulignant que \u00abdes acteurs nationaux et \u00e9trangers profitent du carnage\u00bb.<\/p>\n<p>                                            \u00abFuir la ville\u00bb<\/p>\n<p class=\"fig-paragraph\">La ville d&rsquo;un demi-million d&rsquo;habitants accueille environ 100.000 r\u00e9fugi\u00e9s, d\u00e9plac\u00e9s par la violence ailleurs dans le pays. Apr\u00e8s avoir bris\u00e9 un si\u00e8ge prolong\u00e9 en f\u00e9vrier de l&rsquo;ann\u00e9e derni\u00e8re, l&rsquo;arm\u00e9e a pein\u00e9 \u00e0 emp\u00eacher les paramilitaires de r\u00e9imposer un blocus par le biais de frappes r\u00e9p\u00e9t\u00e9es de drones contre la ville, ses infrastructures et la principale route de sortie.<\/p>\n<p class=\"fig-paragraph\">\u00abSi nous n&rsquo;agissons pas maintenant pour arr\u00eater ce qui se passe \u00e0 El-Obeid, nous verrons un autre El-Facher, nous assisterons \u00e0 un nouveau d\u00e9placement de peut-\u00eatre 500.000 personnes, voire plus\u00bb, a alert\u00e9 Mohamed Refaat, chef de mission de l&rsquo;Organisation internationale pour les migrations (OIM) au Soudan. Selon M. T\u00fcrk, certaines personnes vendent leurs biens pour \u00abfuir la ville\u00bb, mais que le co\u00fbt du transport et les attaques sur les routes emp\u00eachent beaucoup de partir. Les personnes qui restent \u00e0 El-Obeid risquent, selon lui, d&rsquo;\u00eatre d\u00e9tenues de fa\u00e7on arbitraire, tandis que celles ayant fui les zones contr\u00f4l\u00e9es par les FSR et leurs alli\u00e9s sont souvent accus\u00e9es de collaboration, \u00able tout dans un contexte de mont\u00e9e des discours de haine\u00bb.<\/p>\n<p class=\"fig-paragraph\">Le Haut-Commissariat a document\u00e9 15 frappes de drones sur El-Obeid et ses environs entre le 6 et le 28 juin, qui ont tu\u00e9 au moins 45 civils et en ont bless\u00e9 41, estimant toutefois que le nombre r\u00e9el de victimes civiles est probablement plus \u00e9lev\u00e9. \u00abDans toute la r\u00e9gion du Kordofan, des drones lanc\u00e9s par les deux camps ont \u00e0 plusieurs reprises frapp\u00e9 des march\u00e9s, des \u00e9coles, des stations?service, des infrastructures hydrauliques et des v\u00e9hicules civils\u00bb, a d\u00e9nonc\u00e9 M. T\u00fcrk. La guerre civile qui oppose depuis avril 2023 l&rsquo;arm\u00e9e soudanaise aux paramilitaires des Forces de soutien rapide (FSR) a fait selon l&rsquo;ONU plusieurs dizaines de milliers de morts et d\u00e9plac\u00e9 plus de 12 millions de personnes, dont pr\u00e8s d&rsquo;un million au Tchad.<\/p>\n","protected":false},"excerpt":{"rendered":"L\u2019ONU a lanc\u00e9 une \u00abalerte rouge\u00bb face \u00e0 la situation catastrophique \u00e0 El-Obeid, ville soudanaise assi\u00e9g\u00e9e par les&hellip;\n","protected":false},"author":2,"featured_media":1040884,"comment_status":"","ping_status":"","sticky":false,"template":"","format":"standard","meta":{"footnotes":"","_share_on_mastodon":"0"},"categories":[5],"tags":[11,1011,27,1146,14,12,3521,4535,28],"class_list":["post-1040883","post","type-post","status-publish","format-standard","has-post-thumbnail","category-international","tag-actualites","tag-fr","tag-france","tag-guerre","tag-international","tag-news","tag-onu","tag-soudan","tag-world"],"share_on_mastodon":{"url":"https:\/\/pubeurope.com\/@fr\/116856482116893156","error":""},"_links":{"self":[{"href":"https:\/\/www.europesays.com\/fr\/wp-json\/wp\/v2\/posts\/1040883","targetHints":{"allow":["GET"]}}],"collection":[{"href":"https:\/\/www.europesays.com\/fr\/wp-json\/wp\/v2\/posts"}],"about":[{"href":"https:\/\/www.europesays.com\/fr\/wp-json\/wp\/v2\/types\/post"}],"author":[{"embeddable":true,"href":"https:\/\/www.europesays.com\/fr\/wp-json\/wp\/v2\/users\/2"}],"replies":[{"embeddable":true,"href":"https:\/\/www.europesays.com\/fr\/wp-json\/wp\/v2\/comments?post=1040883"}],"version-history":[{"count":0,"href":"https:\/\/www.europesays.com\/fr\/wp-json\/wp\/v2\/posts\/1040883\/revisions"}],"wp:featuredmedia":[{"embeddable":true,"href":"https:\/\/www.europesays.com\/fr\/wp-json\/wp\/v2\/media\/1040884"}],"wp:attachment":[{"href":"https:\/\/www.europesays.com\/fr\/wp-json\/wp\/v2\/media?parent=1040883"}],"wp:term":[{"taxonomy":"category","embeddable":true,"href":"https:\/\/www.europesays.com\/fr\/wp-json\/wp\/v2\/categories?post=1040883"},{"taxonomy":"post_tag","embeddable":true,"href":"https:\/\/www.europesays.com\/fr\/wp-json\/wp\/v2\/tags?post=1040883"}],"curies":[{"name":"wp","href":"https:\/\/api.w.org\/{rel}","templated":true}]}}