{"id":1040893,"date":"2026-07-03T14:23:17","date_gmt":"2026-07-03T14:23:17","guid":{"rendered":"https:\/\/www.europesays.com\/fr\/1040893\/"},"modified":"2026-07-03T14:23:17","modified_gmt":"2026-07-03T14:23:17","slug":"neuves-maisons-latelier-du-savoir-fer-boucle-20-ans-dengagement-avant-sa-dissolution","status":"publish","type":"post","link":"https:\/\/www.europesays.com\/fr\/1040893\/","title":{"rendered":"Neuves-Maisons. L\u2019atelier du Savoir-Fer boucle 20 ans d\u2019engagement avant sa dissolution"},"content":{"rendered":"<p>C\u2019\u00e9tait l\u2019avant-derni\u00e8re assembl\u00e9e g\u00e9n\u00e9rale de L\u2019Atelier du Savoir Fer. La prochaine, en octobre, validera la dissolution de l\u2019association, cr\u00e9\u00e9e en 2006 pour favoriser l\u2019insertion de personnes en recherche d\u2019emploi.<\/p>\n<p>\u00ab\u00a0\u00c0 l\u2019\u00e9poque, il \u00e9tait clair pour nous que ce serait par le travail, avec un accompagnement et une formation des salari\u00e9s\u00a0\u00bb, indique le pr\u00e9sident, Jean Goepfer. Les 20\u00a0h par semaine&#8230;<\/p>\n","protected":false},"excerpt":{"rendered":"C\u2019\u00e9tait l\u2019avant-derni\u00e8re assembl\u00e9e g\u00e9n\u00e9rale de L\u2019Atelier du Savoir Fer. La prochaine, en octobre, validera la dissolution de l\u2019association,&hellip;\n","protected":false},"author":2,"featured_media":1040894,"comment_status":"","ping_status":"","sticky":false,"template":"","format":"standard","meta":{"footnotes":"","_share_on_mastodon":"0"},"categories":[9635],"tags":[1111,11,9848,1704,1777,674,1011,27,775,1702,9847,12,25,104,1631],"class_list":["post-1040893","post","type-post","status-publish","format-standard","has-post-thumbnail","category-nancy","tag-actu","tag-actualites","tag-cc-moselle-et-madon-54b","tag-edition-nancy-et-agglomeration","tag-eu","tag-europe","tag-fr","tag-france","tag-grand-est","tag-nancy","tag-neuves-maisons","tag-news","tag-republique-francaise","tag-societe","tag-vie-associative"],"share_on_mastodon":{"url":"https:\/\/pubeurope.com\/@fr\/116856501491918331","error":""},"_links":{"self":[{"href":"https:\/\/www.europesays.com\/fr\/wp-json\/wp\/v2\/posts\/1040893","targetHints":{"allow":["GET"]}}],"collection":[{"href":"https:\/\/www.europesays.com\/fr\/wp-json\/wp\/v2\/posts"}],"about":[{"href":"https:\/\/www.europesays.com\/fr\/wp-json\/wp\/v2\/types\/post"}],"author":[{"embeddable":true,"href":"https:\/\/www.europesays.com\/fr\/wp-json\/wp\/v2\/users\/2"}],"replies":[{"embeddable":true,"href":"https:\/\/www.europesays.com\/fr\/wp-json\/wp\/v2\/comments?post=1040893"}],"version-history":[{"count":0,"href":"https:\/\/www.europesays.com\/fr\/wp-json\/wp\/v2\/posts\/1040893\/revisions"}],"wp:featuredmedia":[{"embeddable":true,"href":"https:\/\/www.europesays.com\/fr\/wp-json\/wp\/v2\/media\/1040894"}],"wp:attachment":[{"href":"https:\/\/www.europesays.com\/fr\/wp-json\/wp\/v2\/media?parent=1040893"}],"wp:term":[{"taxonomy":"category","embeddable":true,"href":"https:\/\/www.europesays.com\/fr\/wp-json\/wp\/v2\/categories?post=1040893"},{"taxonomy":"post_tag","embeddable":true,"href":"https:\/\/www.europesays.com\/fr\/wp-json\/wp\/v2\/tags?post=1040893"}],"curies":[{"name":"wp","href":"https:\/\/api.w.org\/{rel}","templated":true}]}}