{"id":104091,"date":"2025-05-16T09:30:15","date_gmt":"2025-05-16T09:30:15","guid":{"rendered":"https:\/\/www.europesays.com\/fr\/104091\/"},"modified":"2025-05-16T09:30:15","modified_gmt":"2025-05-16T09:30:15","slug":"lyon-le-restaurant-copain-comme-canard-se-fait-de-nouveaux-amis","status":"publish","type":"post","link":"https:\/\/www.europesays.com\/fr\/104091\/","title":{"rendered":"Lyon. Le restaurant Copain comme Canard se fait de nouveaux amis"},"content":{"rendered":"<p>\t\t\t\t<img fetchpriority=\"high\" decoding=\"async\" width=\"900\" height=\"682\" src=\"https:\/\/www.europesays.com\/fr\/wp-content\/uploads\/2025\/05\/01-Copain-Comme-Canard-9.jpg\" alt=\"\" title=\"01 Copain-Comme-Canard- 9\"   class=\"wp-image-159440\"\/><\/p>\n<p>Photos \u00a9 DR et Lyon People<\/p>\n<p style=\"font-weight: 400;\"><strong>Texte\u00a0: Morgan Couturier \u2013<\/strong> D\u00e9j\u00e0 pr\u00e9sent avec un certain succ\u00e8s du c\u00f4t\u00e9 de la Part-Dieu, le restaurant Copain comme Canard s\u2019offre un deuxi\u00e8me rep\u00e8re, \u00e0 deux pas de la place de la Bourse. Apr\u00e8s six mois de travaux, l\u2019\u00e9tablissement a ouvert ce mercredi 14 mai 2025. Il nourrit de belles ambitions.<\/p>\n<p style=\"font-weight: 400;\">Le gras, c\u2019est la vie para\u00eet-il, alors lorsque le canard propose de baigner quelques frites dans sa graisse, on comprend ais\u00e9ment comment les deux associ\u00e9s <strong>Hugues Chazotte<\/strong> et <strong>Laura Thouroude<\/strong> (auxquels s\u2019ajoute le directeur g\u00e9n\u00e9ral, <strong>Louis Freling (ci-dessous)<\/strong>) initient avec autant de facilit\u00e9s, de nouvelles amiti\u00e9s.<\/p>\n<p style=\"font-weight: 400;\">En d\u00e9pit des risques initiaux et d\u2019une grippe aviaire qui aurait pu leur couper les ailes, le duo avait d\u00e9j\u00e0 eu quelques garanties, en r\u00e9ussissant leur coup du c\u00f4t\u00e9 de la Part-Dieu, th\u00e9\u00e2tre de leurs d\u00e9buts en 2022. Trois ans plus tard, les voil\u00e0 donc pr\u00eats \u00e0 dupliquer la recette en charmant les passants de la rue de la Bourse.<\/p>\n<p style=\"font-weight: 400;\"><a href=\"https:\/\/www.lyonpeople.com\/actualites-lyon\/actualites-gastronomiques\/lyon-le-restaurant-copain-comme-canard-se-fait-de-nouveaux-amis-dans-le-2e-arrondissement-2025-05-16.html\/attachment\/03-copain-comme-canard-49\" rel=\"attachment wp-att-159438 nofollow noopener\" target=\"_blank\"><img loading=\"lazy\" decoding=\"async\" class=\"lazy lazy-hidden alignnone size-full wp-image-159438\" data-lazy-type=\"image\" src=\"https:\/\/www.europesays.com\/fr\/wp-content\/uploads\/2025\/05\/03-Copain-Comme-Canard-49.jpg\" alt=\"\" width=\"900\" height=\"657\"  \/><\/a><\/p>\n<p style=\"font-weight: 400;\">Le tout, en servant sur la table, les sp\u00e9cialit\u00e9s de la maison, que peuvent \u00eatre de g\u00e9n\u00e9reuses tranches de foie gras, des magrets soigneusement ros\u00e9s ou les nombreux mais savoureux tapas cuisin\u00e9s autour du mammif\u00e8re aux pieds palm\u00e9s.<\/p>\n<p><strong>\u00ab\u00a0Une cuisine de terroir, une ambiance de copains\u00a0\u00bb<\/strong><\/p>\n<p style=\"font-weight: 400;\">Une belle r\u00e9ussite pour l\u2019ancienne t\u00eate pensante de Gon\u00e9o, baign\u00e9 depuis le plus jeune \u00e2ge, dans l\u2019univers de ces Anatid\u00e9s et de la conserverie familiale de la Maison Argaud.<\/p>\n<p style=\"font-weight: 400;\">Toutefois, si les mets de Copain comme Canard sont \u00e9videmment la source de ce succ\u00e8s (expatri\u00e9 depuis peu \u00e0 Bordeaux), l\u2019entit\u00e9 lyonnaise s\u2019est donn\u00e9 les moyens de s\u2019encanailler.<\/p>\n<p style=\"font-weight: 400;\"><a href=\"https:\/\/www.lyonpeople.com\/actualites-lyon\/actualites-gastronomiques\/lyon-le-restaurant-copain-comme-canard-se-fait-de-nouveaux-amis-dans-le-2e-arrondissement-2025-05-16.html\/attachment\/05-copain-comme-canard-14\" rel=\"attachment wp-att-159439 nofollow noopener\" target=\"_blank\"><img loading=\"lazy\" decoding=\"async\" class=\"lazy lazy-hidden alignnone size-full wp-image-159439\" data-lazy-type=\"image\" src=\"https:\/\/www.europesays.com\/fr\/wp-content\/uploads\/2025\/05\/05-Copain-Comme-Canard-14.jpg\" alt=\"\" width=\"900\" height=\"675\"  \/><\/a><\/p>\n<p><strong>De belles bouteilles pour sublimer le tout<\/strong><\/p>\n<p style=\"font-weight: 400;\">Apr\u00e8s six mois de travaux, l\u2019ancien restaurant Le Hall de la Bourse revit en effet, au travers d\u2019un \u00e9tablissement flambant neuf, revitalis\u00e9 par de vives couleurs et des miroirs du plus bel effet.<\/p>\n<p style=\"font-weight: 400;\">Sur place, les amateurs de bonnes viandes et de bons vins appr\u00e9cieront aussi et surtout la \u00ab pi\u00e8ce secr\u00e8te \u00bb, \u00e0 savoir ce caveau fra\u00eechement am\u00e9nag\u00e9 sous les voutes et les pierres apparentes.<\/p>\n<blockquote class=\"instagram-media\" style=\"background: #FFF; border: 0; border-radius: 3px; box-shadow: 0 0 1px 0 rgba(0,0,0,0.5),0 1px 10px 0 rgba(0,0,0,0.15); margin: 1px; max-width: 540px; min-width: 326px; padding: 0; width: calc(100% - 2px);\" data-instgrm-captioned=\"\" data-instgrm-permalink=\"https:\/\/www.instagram.com\/p\/DI9LjYeIggp\/?utm_source=ig_embed&amp;utm_campaign=loading\" data-instgrm-version=\"14\">\n<\/blockquote>\n<p style=\"font-weight: 400;\">Vou\u00e9 \u00e0 accueillir autour de 17 personnes et enti\u00e8rement privatisable, ce dernier finit ainsi d\u2019apporter un suppl\u00e9ment de cachet \u00e0 ce restaurant d\u2019une cinquantaine de couverts, compl\u00e9t\u00e9s par pr\u00e8s de 80 places en terrasse (dont une partie directement sur la place de la Bourse, ndlr).<\/p>\n<p style=\"font-weight: 400;\">Autant d\u2019arguments n\u00e9cessaire au respect de cette promesse\u00a0: chez Copain comme Canard, \u00ab\u00a0on rit, on trinque, on savoure\u00a0\u00bb. Plut\u00f4t deux fois qu\u2019une\u00a0d\u00e9sormais !<\/p>\n<p style=\"font-weight: 400;\"><strong>Copain comme Canard<br \/>37, rue de la Bourse \u2013 Lyon 2<\/strong><\/p>\n<p>\t\t\t<script async src=\"\/\/www.instagram.com\/embed.js\"><\/script><\/p>\n","protected":false},"excerpt":{"rendered":"Photos \u00a9 DR et Lyon People Texte\u00a0: Morgan Couturier \u2013 D\u00e9j\u00e0 pr\u00e9sent avec un certain succ\u00e8s du c\u00f4t\u00e9&hellip;\n","protected":false},"author":2,"featured_media":104092,"comment_status":"","ping_status":"","sticky":false,"template":"","format":"standard","meta":{"footnotes":""},"categories":[1889],"tags":[4257,1111,47,11,2430,22078,1777,674,1011,27,2428,12,25,1340],"class_list":{"0":"post-104091","1":"post","2":"type-post","3":"status-publish","4":"format-standard","5":"has-post-thumbnail","7":"category-lyon","8":"tag-0top","9":"tag-actu","10":"tag-actualite","11":"tag-actualites","12":"tag-auvergne-rhone-alpes","13":"tag-copain-comme-canard","14":"tag-eu","15":"tag-europe","16":"tag-fr","17":"tag-france","18":"tag-lyon","19":"tag-news","20":"tag-republique-francaise","21":"tag-restaurant"},"share_on_mastodon":{"url":"https:\/\/pubeurope.com\/@fr\/114516815032110555","error":""},"_links":{"self":[{"href":"https:\/\/www.europesays.com\/fr\/wp-json\/wp\/v2\/posts\/104091","targetHints":{"allow":["GET"]}}],"collection":[{"href":"https:\/\/www.europesays.com\/fr\/wp-json\/wp\/v2\/posts"}],"about":[{"href":"https:\/\/www.europesays.com\/fr\/wp-json\/wp\/v2\/types\/post"}],"author":[{"embeddable":true,"href":"https:\/\/www.europesays.com\/fr\/wp-json\/wp\/v2\/users\/2"}],"replies":[{"embeddable":true,"href":"https:\/\/www.europesays.com\/fr\/wp-json\/wp\/v2\/comments?post=104091"}],"version-history":[{"count":0,"href":"https:\/\/www.europesays.com\/fr\/wp-json\/wp\/v2\/posts\/104091\/revisions"}],"wp:featuredmedia":[{"embeddable":true,"href":"https:\/\/www.europesays.com\/fr\/wp-json\/wp\/v2\/media\/104092"}],"wp:attachment":[{"href":"https:\/\/www.europesays.com\/fr\/wp-json\/wp\/v2\/media?parent=104091"}],"wp:term":[{"taxonomy":"category","embeddable":true,"href":"https:\/\/www.europesays.com\/fr\/wp-json\/wp\/v2\/categories?post=104091"},{"taxonomy":"post_tag","embeddable":true,"href":"https:\/\/www.europesays.com\/fr\/wp-json\/wp\/v2\/tags?post=104091"}],"curies":[{"name":"wp","href":"https:\/\/api.w.org\/{rel}","templated":true}]}}