{"id":1041098,"date":"2026-07-03T16:26:12","date_gmt":"2026-07-03T16:26:12","guid":{"rendered":"https:\/\/www.europesays.com\/fr\/1041098\/"},"modified":"2026-07-03T16:26:12","modified_gmt":"2026-07-03T16:26:12","slug":"beachvolley-les-trois-duos-feminins-suisses-brillent-a-gstaad","status":"publish","type":"post","link":"https:\/\/www.europesays.com\/fr\/1041098\/","title":{"rendered":"Beachvolley : les trois duos f\u00e9minins suisses brillent \u00e0 Gstaad"},"content":{"rendered":"<p>Au lendemain d&rsquo;un jeudi marqu\u00e9 par des d\u00e9faites, les \u00e9quipes suisses ont retrouv\u00e9 leur rythme vendredi au tournoi Elite16 \u00e0 Gstaad. Les trois duos f\u00e9minins ont d\u00e9croch\u00e9 la victoire ainsi que leur place pour les phases \u00e9liminatoires.<\/p>\n<p>Joana M\u00e4der et Leona Kernen, qui devaient absolument l&#8217;emporter face au duo autrichien Dorina et Ronja Klinger pour \u00e9viter l&rsquo;\u00e9limination, ont r\u00e9pondu pr\u00e9sent en s\u2019imposant 15-10 dans le set d\u00e9cisif.<\/p>\n<p>Les s\u0153urs bernoises Anouk et Zo\u00e9 Verg\u00e9-D\u00e9pr\u00e9, ainsi que Nina Brunner et Tanja H\u00fcberli, n\u2019ont rien laiss\u00e9 passer lors de leur troisi\u00e8me match de poule et ont assur\u00e9 leur qualification pour les 8es de finale de samedi gr\u00e2ce \u00e0 des victoires en deux sets.<\/p>\n<p>Les trois \u00e9quipes f\u00e9minines suisses ont toutes termin\u00e9 deuxi\u00e8mes de leur groupe et se sont ainsi directement qualifi\u00e9es.<\/p>\n<p>Les deux duos masculins suisses, Julian Friedli\/Jonathan Jordan et Luc Fl\u00fcckiger\/Andrin Kolb, avaient quant \u00e0 eux fait leurs adieux jeudi au tournoi disput\u00e9 dans l\u2019Oberland bernois.<\/p>\n<p class=\"sources\">ats\/ace<\/p>\n","protected":false},"excerpt":{"rendered":"Au lendemain d&rsquo;un jeudi marqu\u00e9 par des d\u00e9faites, les \u00e9quipes suisses ont retrouv\u00e9 leur rythme vendredi au tournoi&hellip;\n","protected":false},"author":2,"featured_media":1041099,"comment_status":"","ping_status":"","sticky":false,"template":"","format":"standard","meta":{"footnotes":"","_share_on_mastodon":"0"},"categories":[1417],"tags":[108319,3062,27306,8484,1011,27,36721,108320,517,60,3067,9621,1264,1470,1632,1469],"class_list":["post-1041098","post","type-post","status-publish","format-standard","has-post-thumbnail","category-volley","tag-arrondissement-administratif-du-haut-simmental-et-gessenay","tag-autres-sports","tag-beach-volley","tag-defaite","tag-fr","tag-france","tag-gstaad","tag-saanen","tag-sport","tag-sports","tag-suisse","tag-tournoi","tag-victoire","tag-volley","tag-volley-ball","tag-volleyball"],"share_on_mastodon":{"url":"https:\/\/pubeurope.com\/@fr\/116856985271150040","error":""},"_links":{"self":[{"href":"https:\/\/www.europesays.com\/fr\/wp-json\/wp\/v2\/posts\/1041098","targetHints":{"allow":["GET"]}}],"collection":[{"href":"https:\/\/www.europesays.com\/fr\/wp-json\/wp\/v2\/posts"}],"about":[{"href":"https:\/\/www.europesays.com\/fr\/wp-json\/wp\/v2\/types\/post"}],"author":[{"embeddable":true,"href":"https:\/\/www.europesays.com\/fr\/wp-json\/wp\/v2\/users\/2"}],"replies":[{"embeddable":true,"href":"https:\/\/www.europesays.com\/fr\/wp-json\/wp\/v2\/comments?post=1041098"}],"version-history":[{"count":0,"href":"https:\/\/www.europesays.com\/fr\/wp-json\/wp\/v2\/posts\/1041098\/revisions"}],"wp:featuredmedia":[{"embeddable":true,"href":"https:\/\/www.europesays.com\/fr\/wp-json\/wp\/v2\/media\/1041099"}],"wp:attachment":[{"href":"https:\/\/www.europesays.com\/fr\/wp-json\/wp\/v2\/media?parent=1041098"}],"wp:term":[{"taxonomy":"category","embeddable":true,"href":"https:\/\/www.europesays.com\/fr\/wp-json\/wp\/v2\/categories?post=1041098"},{"taxonomy":"post_tag","embeddable":true,"href":"https:\/\/www.europesays.com\/fr\/wp-json\/wp\/v2\/tags?post=1041098"}],"curies":[{"name":"wp","href":"https:\/\/api.w.org\/{rel}","templated":true}]}}