{"id":1041138,"date":"2026-07-03T16:50:24","date_gmt":"2026-07-03T16:50:24","guid":{"rendered":"https:\/\/www.europesays.com\/fr\/1041138\/"},"modified":"2026-07-03T16:50:24","modified_gmt":"2026-07-03T16:50:24","slug":"profitez-de-lete-pour-visiter-la-mine","status":"publish","type":"post","link":"https:\/\/www.europesays.com\/fr\/1041138\/","title":{"rendered":"Profitez de l\u2019\u00e9t\u00e9 pour visiter la mine"},"content":{"rendered":"<p>Quelles que soient les conditions climatiques, (pluie, chaleur, orage) il fait toujours 10 degr\u00e9s dans la mine\u2026 Petits et grands peuvent d\u00e9couvrir l\u2019univers des mineurs du XIXe \u00a0si\u00e8cle, et du XXe \u00a0si\u00e8cle, en p\u00e9n\u00e9trant avec des guides dans les galeries datant de 1874 qui ont servi (entre autres) \u00e0 extraire le minerai de la tour Eiffel. Un parcours interactif, o\u00f9 les visiteurs apprennent \u00e0 g\u00e9rer un plan de tir, \u00e0 pousser des wagons pleins de minerai, \u00e0 vivre l\u2019exp\u00e9rience de la lumi\u00e8re reconstitu\u00e9e des lampes \u00e0 huile de faible intensit\u00e9\u2026 De plus, ils pourront visiter l\u2019\u00e9norme b\u00e2timent industriel\u00a0: le zublin, de 1930. Le site laisse \u00e0 disposition des tables et bancs pour pique-nique, tant \u00e0 l\u2019ombre qu\u2019\u00e0 l\u2019abri. le parking est gratuit.<\/p>\n<p class=\"note\">La Mine de Neuves-Maisons, rue du Val de Fer. Visites chaque jour \u00e0 10\u00a0h et 11\u00a0h les matins et de 13\u00a0h\u00a030 \u00e0 16\u00a0h les apr\u00e8s-midi. (d\u00e9part chaque demi-heure jusqu\u2019\u00e0 16\u00a0h.) Tout cela sans r\u00e9servation. Tarifs\u00a0: 11\u00a0euros adultes. 6\u00a0euros \u00e9tudiants, 5,50\u00a0euros de 10 ans \u00e0 18 ans, gratuit de z\u00e9ro \u00e0 neuf ans. tarif de groupe sur r\u00e9servation pr\u00e9alable.<\/p>\n","protected":false},"excerpt":{"rendered":"Quelles que soient les conditions climatiques, (pluie, chaleur, orage) il fait toujours 10 degr\u00e9s dans la mine\u2026 Petits&hellip;\n","protected":false},"author":2,"featured_media":1041139,"comment_status":"","ping_status":"","sticky":false,"template":"","format":"standard","meta":{"footnotes":"","_share_on_mastodon":"0"},"categories":[9635],"tags":[1111,11,9848,1687,1704,1777,674,1011,27,775,1702,9847,12,25],"class_list":["post-1041138","post","type-post","status-publish","format-standard","has-post-thumbnail","category-nancy","tag-actu","tag-actualites","tag-cc-moselle-et-madon-54b","tag-culture-loisirs","tag-edition-nancy-et-agglomeration","tag-eu","tag-europe","tag-fr","tag-france","tag-grand-est","tag-nancy","tag-neuves-maisons","tag-news","tag-republique-francaise"],"share_on_mastodon":{"url":"https:\/\/pubeurope.com\/@fr\/116857079554173535","error":""},"_links":{"self":[{"href":"https:\/\/www.europesays.com\/fr\/wp-json\/wp\/v2\/posts\/1041138","targetHints":{"allow":["GET"]}}],"collection":[{"href":"https:\/\/www.europesays.com\/fr\/wp-json\/wp\/v2\/posts"}],"about":[{"href":"https:\/\/www.europesays.com\/fr\/wp-json\/wp\/v2\/types\/post"}],"author":[{"embeddable":true,"href":"https:\/\/www.europesays.com\/fr\/wp-json\/wp\/v2\/users\/2"}],"replies":[{"embeddable":true,"href":"https:\/\/www.europesays.com\/fr\/wp-json\/wp\/v2\/comments?post=1041138"}],"version-history":[{"count":0,"href":"https:\/\/www.europesays.com\/fr\/wp-json\/wp\/v2\/posts\/1041138\/revisions"}],"wp:featuredmedia":[{"embeddable":true,"href":"https:\/\/www.europesays.com\/fr\/wp-json\/wp\/v2\/media\/1041139"}],"wp:attachment":[{"href":"https:\/\/www.europesays.com\/fr\/wp-json\/wp\/v2\/media?parent=1041138"}],"wp:term":[{"taxonomy":"category","embeddable":true,"href":"https:\/\/www.europesays.com\/fr\/wp-json\/wp\/v2\/categories?post=1041138"},{"taxonomy":"post_tag","embeddable":true,"href":"https:\/\/www.europesays.com\/fr\/wp-json\/wp\/v2\/tags?post=1041138"}],"curies":[{"name":"wp","href":"https:\/\/api.w.org\/{rel}","templated":true}]}}