{"id":104117,"date":"2025-05-16T09:43:11","date_gmt":"2025-05-16T09:43:11","guid":{"rendered":"https:\/\/www.europesays.com\/fr\/104117\/"},"modified":"2025-05-16T09:43:11","modified_gmt":"2025-05-16T09:43:11","slug":"et-voila-le-surprenant-impact-qua-eu-sur-les-pays-pauvres-la-guerre-des-tarifs-initiee-par-trump","status":"publish","type":"post","link":"https:\/\/www.europesays.com\/fr\/104117\/","title":{"rendered":"Et voil\u00e0 le surprenant impact qu\u2019a eu sur les pays pauvres la guerre des tarifs initi\u00e9e par Trump"},"content":{"rendered":"<p>2\u00c8ME EFFET KISS COOL<\/p>\n<p>La \u00ab guerre tarifaire \u00bb men\u00e9e par l\u2019administration Trump ces derni\u00e8res semaines a eu un effet inattendu. Ainsi, le dollar s\u2019est affaibli provoquant une baisse du taux de change ce qui a profit\u00e9 aux march\u00e9s \u00e9mergents fortement emprunteurs de dette am\u00e9ricaine. Par ailleurs, les rendements du Tr\u00e9sor am\u00e9ricain ont diminu\u00e9, soutenant m\u00e9caniquement les flux de capitaux vers les march\u00e9s \u00e0 hauts rendements de pays ext\u00e9rieurs ce qui a contenu l\u2019\u00e9cart de prix entre les obligations am\u00e9ricaines et celles de pays \u00e9mergents.<\/p>\n","protected":false},"excerpt":{"rendered":"2\u00c8ME EFFET KISS COOL La \u00ab guerre tarifaire \u00bb men\u00e9e par l\u2019administration Trump ces derni\u00e8res semaines a eu&hellip;\n","protected":false},"author":2,"featured_media":104118,"comment_status":"","ping_status":"","sticky":false,"template":"","format":"standard","meta":{"footnotes":""},"categories":[1586],"tags":[11,75,22079,33,1777,674,1779,1011,27,12,25,1778,364],"class_list":{"0":"post-104117","1":"post","2":"type-post","3":"status-publish","4":"format-standard","5":"has-post-thumbnail","7":"category-europe","8":"tag-actualites","9":"tag-donald-trump","10":"tag-echanges-commerciaux","11":"tag-economie","12":"tag-eu","13":"tag-europe","14":"tag-european-union","15":"tag-fr","16":"tag-france","17":"tag-news","18":"tag-republique-francaise","19":"tag-ue","20":"tag-union-europeenne"},"share_on_mastodon":{"url":"https:\/\/pubeurope.com\/@fr\/114516866172193199","error":""},"_links":{"self":[{"href":"https:\/\/www.europesays.com\/fr\/wp-json\/wp\/v2\/posts\/104117","targetHints":{"allow":["GET"]}}],"collection":[{"href":"https:\/\/www.europesays.com\/fr\/wp-json\/wp\/v2\/posts"}],"about":[{"href":"https:\/\/www.europesays.com\/fr\/wp-json\/wp\/v2\/types\/post"}],"author":[{"embeddable":true,"href":"https:\/\/www.europesays.com\/fr\/wp-json\/wp\/v2\/users\/2"}],"replies":[{"embeddable":true,"href":"https:\/\/www.europesays.com\/fr\/wp-json\/wp\/v2\/comments?post=104117"}],"version-history":[{"count":0,"href":"https:\/\/www.europesays.com\/fr\/wp-json\/wp\/v2\/posts\/104117\/revisions"}],"wp:featuredmedia":[{"embeddable":true,"href":"https:\/\/www.europesays.com\/fr\/wp-json\/wp\/v2\/media\/104118"}],"wp:attachment":[{"href":"https:\/\/www.europesays.com\/fr\/wp-json\/wp\/v2\/media?parent=104117"}],"wp:term":[{"taxonomy":"category","embeddable":true,"href":"https:\/\/www.europesays.com\/fr\/wp-json\/wp\/v2\/categories?post=104117"},{"taxonomy":"post_tag","embeddable":true,"href":"https:\/\/www.europesays.com\/fr\/wp-json\/wp\/v2\/tags?post=104117"}],"curies":[{"name":"wp","href":"https:\/\/api.w.org\/{rel}","templated":true}]}}